{"id":22245,"date":"2021-04-23T09:31:00","date_gmt":"2021-04-23T12:31:00","guid":{"rendered":"https:\/\/blogopara.com.br\/?p=22245"},"modified":"2021-04-22T16:14:40","modified_gmt":"2021-04-22T19:14:40","slug":"prefeita-suzana-ramos-se-reune-com-os-vereadores-para-discutir-projetos-e-melhorias-para-a-cidade","status":"publish","type":"post","link":"https:\/\/blogopara.com.br\/index.php\/2021\/04\/23\/prefeita-suzana-ramos-se-reune-com-os-vereadores-para-discutir-projetos-e-melhorias-para-a-cidade","title":{"rendered":"Prefeita Suzana Ramos se re\u00fane com os vereadores para discutir projetos e melhorias para a cidade."},"content":{"rendered":"<p style=\"text-align: justify;\">Na manh\u00e3 desta quinta-feira (22) a prefeita Suzana Ramos (PSDB) se reuniu com os vereadores a fim de discutir projeto e melhorias para o munic\u00edpio.<\/p>\n<p style=\"text-align: justify;\">O l\u00edder do governo na C\u00e2mara, o vereador An\u00edbal Ara\u00fajo (PTC) avaliou a reuni\u00e3o como um momento importante para a governan\u00e7a, sobretudo, para que o Legislativo tenha conhecimento efetivo sobre os projetos que a prefeitura est\u00e1 desenvolvendo e que pretende investir. \u201c\u00c9 importante mostrar para os vereadores o que a prefeitura as a\u00e7\u00f5es desenvolvidas e os projetos de investimentos. S\u00e3o diversas obras fundamentais para a cidade. Com recursos do munic\u00edpio, poderemos fazer grandes obras e melhorar a qualidade de vida da popula\u00e7\u00e3o\u201d, disse o vereador.<\/p>\n<div class=\"post-content-single\">\n<div class=\"post-content-inner\">\n<p style=\"text-align: justify;\">A prefeita Suzana Ramos apresentou, comentou os projetos e explicou que os investimentos s\u00e3o necess\u00e1rios. \u201cO atual momento que a economia vive, com as dificuldades enfrentadas pelo munic\u00edpio em proporcionar receita pr\u00f3pria com vistas a atender a essa demanda de investimentos, estamos buscando alternativas de viabilizar, a curto e m\u00e9dio prazo, uma s\u00e9rie de demandas da popula\u00e7\u00e3o&#8221;, ressaltou a chefe do executivo.<\/p>\n<\/div>\n<\/div>\n","protected":false},"excerpt":{"rendered":"<p>Na manh\u00e3 desta quinta-feira (22) a prefeita Suzana Ramos (PSDB) se reuniu com os vereadores a fim de discutir projeto e melhorias para o munic\u00edpio. O l\u00edder do governo na C\u00e2mara, o vereador An\u00edbal Ara\u00fajo (PTC) avaliou a reuni\u00e3o como um momento importante para a governan\u00e7a, sobretudo, para que o Legislativo tenha conhecimento efetivo sobre [&hellip;]<\/p>\n","protected":false},"author":1,"featured_media":22261,"comment_status":"open","ping_status":"open","sticky":false,"template":"","format":"standard","meta":{"_uag_custom_page_level_css":"","_monsterinsights_skip_tracking":false,"_monsterinsights_sitenote_active":false,"_monsterinsights_sitenote_note":"","_monsterinsights_sitenote_category":0,"jetpack_post_was_ever_published":false,"_jetpack_newsletter_access":"","_jetpack_dont_email_post_to_subs":false,"_jetpack_newsletter_tier_id":0,"_jetpack_memberships_contains_paywalled_content":false,"_jetpack_memberships_contains_paid_content":false,"footnotes":"","jetpack_publicize_message":"","jetpack_publicize_feature_enabled":true,"jetpack_social_post_already_shared":true,"jetpack_social_options":{"image_generator_settings":{"template":"highway","default_image_id":0,"font":"","enabled":false},"version":2}},"categories":[197],"tags":[338,1508],"class_list":["post-22245","post","type-post","status-publish","format-standard","has-post-thumbnail","hentry","category-politica","tag-camara-de-vereadores","tag-suzana-ramos"],"jetpack_publicize_connections":[],"jetpack_featured_media_url":"https:\/\/blogopara.com.br\/wp-content\/uploads\/2021\/04\/WhatsApp-Image-2021-04-22-at-14.45.40.jpeg","uagb_featured_image_src":{"full":["https:\/\/blogopara.com.br\/wp-content\/uploads\/2021\/04\/WhatsApp-Image-2021-04-22-at-14.45.40.jpeg",500,225,false],"thumbnail":["https:\/\/blogopara.com.br\/wp-content\/uploads\/2021\/04\/WhatsApp-Image-2021-04-22-at-14.45.40-150x150.jpeg",150,150,true],"medium":["https:\/\/blogopara.com.br\/wp-content\/uploads\/2021\/04\/WhatsApp-Image-2021-04-22-at-14.45.40-300x135.jpeg",300,135,true],"medium_large":["https:\/\/blogopara.com.br\/wp-content\/uploads\/2021\/04\/WhatsApp-Image-2021-04-22-at-14.45.40.jpeg",500,225,false],"large":["https:\/\/blogopara.com.br\/wp-content\/uploads\/2021\/04\/WhatsApp-Image-2021-04-22-at-14.45.40.jpeg",500,225,false],"1536x1536":["https:\/\/blogopara.com.br\/wp-content\/uploads\/2021\/04\/WhatsApp-Image-2021-04-22-at-14.45.40.jpeg",500,225,false],"2048x2048":["https:\/\/blogopara.com.br\/wp-content\/uploads\/2021\/04\/WhatsApp-Image-2021-04-22-at-14.45.40.jpeg",500,225,false],"mantranews-slider-large":["https:\/\/blogopara.com.br\/wp-content\/uploads\/2021\/04\/WhatsApp-Image-2021-04-22-at-14.45.40.jpeg",500,225,false],"mantranews-featured-medium":["https:\/\/blogopara.com.br\/wp-content\/uploads\/2021\/04\/WhatsApp-Image-2021-04-22-at-14.45.40-420x225.jpeg",420,225,true],"mantranews-featured-long":["https:\/\/blogopara.com.br\/wp-content\/uploads\/2021\/04\/WhatsApp-Image-2021-04-22-at-14.45.40-300x225.jpeg",300,225,true],"mantranews-block-medium":["https:\/\/blogopara.com.br\/wp-content\/uploads\/2021\/04\/WhatsApp-Image-2021-04-22-at-14.45.40-464x225.jpeg",464,225,true],"mantranews-carousel-image":["https:\/\/blogopara.com.br\/wp-content\/uploads\/2021\/04\/WhatsApp-Image-2021-04-22-at-14.45.40.jpeg",500,225,false],"mantranews-block-thumb":["https:\/\/blogopara.com.br\/wp-content\/uploads\/2021\/04\/WhatsApp-Image-2021-04-22-at-14.45.40-322x225.jpeg",322,225,true],"mantranews-single-large":["https:\/\/blogopara.com.br\/wp-content\/uploads\/2021\/04\/WhatsApp-Image-2021-04-22-at-14.45.40.jpeg",500,225,false]},"uagb_author_info":{"display_name":"Reda\u00e7\u00e3o geral","author_link":"https:\/\/blogopara.com.br\/index.php\/author\/blogopara"},"uagb_comment_info":0,"uagb_excerpt":"Na manh\u00e3 desta quinta-feira (22) a prefeita Suzana Ramos (PSDB) se reuniu com os vereadores a fim de discutir projeto e melhorias para o munic\u00edpio. O l\u00edder do governo na C\u00e2mara, o vereador An\u00edbal Ara\u00fajo (PTC) avaliou a reuni\u00e3o como um momento importante para a governan\u00e7a, sobretudo, para que o Legislativo tenha conhecimento efetivo sobre&hellip;","jetpack_sharing_enabled":true,"jetpack_likes_enabled":true,"_links":{"self":[{"href":"https:\/\/blogopara.com.br\/index.php\/wp-json\/wp\/v2\/posts\/22245","targetHints":{"allow":["GET"]}}],"collection":[{"href":"https:\/\/blogopara.com.br\/index.php\/wp-json\/wp\/v2\/posts"}],"about":[{"href":"https:\/\/blogopara.com.br\/index.php\/wp-json\/wp\/v2\/types\/post"}],"author":[{"embeddable":true,"href":"https:\/\/blogopara.com.br\/index.php\/wp-json\/wp\/v2\/users\/1"}],"replies":[{"embeddable":true,"href":"https:\/\/blogopara.com.br\/index.php\/wp-json\/wp\/v2\/comments?post=22245"}],"version-history":[{"count":1,"href":"https:\/\/blogopara.com.br\/index.php\/wp-json\/wp\/v2\/posts\/22245\/revisions"}],"predecessor-version":[{"id":22262,"href":"https:\/\/blogopara.com.br\/index.php\/wp-json\/wp\/v2\/posts\/22245\/revisions\/22262"}],"wp:featuredmedia":[{"embeddable":true,"href":"https:\/\/blogopara.com.br\/index.php\/wp-json\/wp\/v2\/media\/22261"}],"wp:attachment":[{"href":"https:\/\/blogopara.com.br\/index.php\/wp-json\/wp\/v2\/media?parent=22245"}],"wp:term":[{"taxonomy":"category","embeddable":true,"href":"https:\/\/blogopara.com.br\/index.php\/wp-json\/wp\/v2\/categories?post=22245"},{"taxonomy":"post_tag","embeddable":true,"href":"https:\/\/blogopara.com.br\/index.php\/wp-json\/wp\/v2\/tags?post=22245"}],"curies":[{"name":"wp","href":"https:\/\/api.w.org\/{rel}","templated":true}]}}