{"id":22266,"date":"2021-04-23T07:45:00","date_gmt":"2021-04-23T10:45:00","guid":{"rendered":"https:\/\/blogopara.com.br\/?p=22266"},"modified":"2021-04-22T17:25:19","modified_gmt":"2021-04-22T20:25:19","slug":"a-oposicao-de-juazeiro-prega-o-quanto-pior-melhor","status":"publish","type":"post","link":"https:\/\/blogopara.com.br\/index.php\/2021\/04\/23\/a-oposicao-de-juazeiro-prega-o-quanto-pior-melhor","title":{"rendered":"A oposi\u00e7\u00e3o de Juazeiro prega o &#8220;quanto pior, melhor&#8217;"},"content":{"rendered":"<p style=\"text-align: justify;\">Embora a gest\u00e3o atual da prefeita Suzana Ramos (PSDB) ainda n\u00e3o tenha efetivamente demonstrado um plano de governan\u00e7a para os quatros anos, por outro lado um grupelho liderado pelo vereador e ex-presidente da C\u00e2mara de Vereadores, Alex Tanuri (PP), tem desde os primeiros dias do novo governo envidado esfor\u00e7os no sentido de desgastar a gest\u00e3o.<\/p>\n<p style=\"text-align: justify;\">O papel desenvolvido pela oposi\u00e7\u00e3o muito importante em qualquer democracia, mas h\u00e1 que se ter respeito, coer\u00eancia, moral, e, sobretudo, proposi\u00e7\u00e3o.<\/p>\n<p style=\"text-align: justify;\">Durante os quatros \u00faltimos anos Juazeiro viveu tempos sombrios sem oposi\u00e7\u00e3o na C\u00e2mara e nos partidos pol\u00edticos. Cessaram-se todas a vozes dissonantes, o resultado foi o desgaste da gest\u00e3o do ex-prefeito Paulo Bomfim, chegando a 80% de rejei\u00e7\u00e3o, o que causou a vergonhosa derrota do grupo de Isaac Carvalho nas elei\u00e7\u00f5es de 2020.<\/p>\n<p style=\"text-align: justify;\">O vereador Alex Tanuri na sua \u00e2nsia de fazer oposi\u00e7\u00e3o por oposi\u00e7\u00e3o, j\u00e1 compartilhou fake news sobre o fechamento do hospital de Campanha, e agora tem encampado uma luta para a revoga\u00e7\u00e3o da lei que impede a contrata\u00e7\u00e3o por 90 dias de quem teve contrato com a gest\u00e3o. A lei fora criada pelo ex-prefeito Isaac Carvalho (2009 a 2016) \u00e9poca em que Alex Tanuri exercia tamb\u00e9m o mandato de vereador. Por fidelidade ao grupo de Isaac Carvalho, o vereador n\u00e3o contestou a lei \u00e0 \u00e9poca, t\u00e3o pouco, hoje discuti como acionar os ex-prefeitos Paulo Bomfim e Isaac Carvalho por n\u00e3o terem aplicado a lei.<\/p>\n<p style=\"text-align: justify;\">A oposi\u00e7\u00e3o chegou ao c\u00famulo do rid\u00edculo de assumir o quanto pior, melhor para Juazeiro.<\/p>\n<p style=\"text-align: justify;\">A instala\u00e7\u00e3o de um guarda-corpo em um trecho da BR 407, feita pela Secretaria de Obras e Desenvolvimento Urbano (SEDUR), est\u00e1 sendo duramente criticado pela oposi\u00e7\u00e3o. Segundo eles, a &#8220;estrutura instalada no local n\u00e3o atende aos padr\u00f5es de seguran\u00e7a, para pedestres e condutores de ve\u00edculos, exigidos para uma rodovia&#8221;.<\/p>\n<p style=\"text-align: justify;\">Perderam a vergonha e o profissionalismo, para fazer oposi\u00e7\u00e3o pela oposi\u00e7\u00e3o, ou declararam o que realmente desejam no momento: &#8220;vamos tumultuar e fazer barulho, n\u00e3o importa o que fa\u00e7am, precisamos causar mal-estar nas m\u00ednimas a\u00e7\u00f5es&#8221;.<\/p>\n<h4 style=\"text-align: justify;\"><strong>Em nota a SEDUR esclarece<\/strong><\/h4>\n<p style=\"text-align: justify;\">A Prefeitura de Juazeiro informa que no \u00faltimo m\u00eas de janeiro a Secretaria de Obras e Desenvolvimento Urbano (SEDUR) participou de reuni\u00e3o com representante do Departamento Nacional de Infraestrutura e Transportes (DNIT), onde pontuou demandas relacionadas \u00e0 seguran\u00e7a, tr\u00e1fego, mobilidade e informando a necessidade de servi\u00e7os de manuten\u00e7\u00e3o para as BRs \u2013 407 e 235.<\/p>\n<p style=\"text-align: justify;\">Previamente s\u00e3o solicitadas todas as autoriza\u00e7\u00f5es para interven\u00e7\u00f5es em via de responsabilidade do DNIT. Com a falta de resposta e atua\u00e7\u00e3o do \u00f3rg\u00e3o federal no per\u00edodo e a necessidade imediata da promo\u00e7\u00e3o de seguran\u00e7a na \u00e1rea para a popula\u00e7\u00e3o juazeirense, a SEDUR instalou o guarda-corpo para melhorar a mobilidade de pedestres no local. A interven\u00e7\u00e3o cumpre todos os requisitos de seguran\u00e7a.<\/p>\n<p style=\"text-align: justify;\">\u00a0<\/p>\n\n\n<p><\/p>\n","protected":false},"excerpt":{"rendered":"<p>Embora a gest\u00e3o atual da prefeita Suzana Ramos (PSDB) ainda n\u00e3o tenha efetivamente demonstrado um plano de governan\u00e7a para os quatros anos, por outro lado um grupelho liderado pelo vereador e ex-presidente da C\u00e2mara de Vereadores, Alex Tanuri (PP), tem desde os primeiros dias do novo governo envidado esfor\u00e7os no sentido de desgastar a gest\u00e3o. [&hellip;]<\/p>\n","protected":false},"author":1,"featured_media":22270,"comment_status":"open","ping_status":"open","sticky":false,"template":"","format":"standard","meta":{"_uag_custom_page_level_css":"","_monsterinsights_skip_tracking":false,"_monsterinsights_sitenote_active":false,"_monsterinsights_sitenote_note":"","_monsterinsights_sitenote_category":0,"jetpack_post_was_ever_published":false,"_jetpack_newsletter_access":"","_jetpack_dont_email_post_to_subs":false,"_jetpack_newsletter_tier_id":0,"_jetpack_memberships_contains_paywalled_content":false,"_jetpack_memberships_contains_paid_content":false,"footnotes":"","jetpack_publicize_message":"","jetpack_publicize_feature_enabled":true,"jetpack_social_post_already_shared":true,"jetpack_social_options":{"image_generator_settings":{"template":"highway","default_image_id":0,"font":"","enabled":false},"version":2}},"categories":[203,197],"tags":[155,337,1508],"class_list":["post-22266","post","type-post","status-publish","format-standard","has-post-thumbnail","hentry","category-juazeiro","category-politica","tag-alex-tanuri","tag-oposicao","tag-suzana-ramos"],"jetpack_publicize_connections":[],"jetpack_featured_media_url":"https:\/\/blogopara.com.br\/wp-content\/uploads\/2021\/04\/Design-sem-nome-2.jpg","uagb_featured_image_src":{"full":["https:\/\/blogopara.com.br\/wp-content\/uploads\/2021\/04\/Design-sem-nome-2.jpg",500,500,false],"thumbnail":["https:\/\/blogopara.com.br\/wp-content\/uploads\/2021\/04\/Design-sem-nome-2-150x150.jpg",150,150,true],"medium":["https:\/\/blogopara.com.br\/wp-content\/uploads\/2021\/04\/Design-sem-nome-2-300x300.jpg",300,300,true],"medium_large":["https:\/\/blogopara.com.br\/wp-content\/uploads\/2021\/04\/Design-sem-nome-2.jpg",500,500,false],"large":["https:\/\/blogopara.com.br\/wp-content\/uploads\/2021\/04\/Design-sem-nome-2.jpg",500,500,false],"1536x1536":["https:\/\/blogopara.com.br\/wp-content\/uploads\/2021\/04\/Design-sem-nome-2.jpg",500,500,false],"2048x2048":["https:\/\/blogopara.com.br\/wp-content\/uploads\/2021\/04\/Design-sem-nome-2.jpg",500,500,false],"mantranews-slider-large":["https:\/\/blogopara.com.br\/wp-content\/uploads\/2021\/04\/Design-sem-nome-2.jpg",500,500,false],"mantranews-featured-medium":["https:\/\/blogopara.com.br\/wp-content\/uploads\/2021\/04\/Design-sem-nome-2-420x307.jpg",420,307,true],"mantranews-featured-long":["https:\/\/blogopara.com.br\/wp-content\/uploads\/2021\/04\/Design-sem-nome-2-300x443.jpg",300,443,true],"mantranews-block-medium":["https:\/\/blogopara.com.br\/wp-content\/uploads\/2021\/04\/Design-sem-nome-2-464x290.jpg",464,290,true],"mantranews-carousel-image":["https:\/\/blogopara.com.br\/wp-content\/uploads\/2021\/04\/Design-sem-nome-2.jpg",500,500,false],"mantranews-block-thumb":["https:\/\/blogopara.com.br\/wp-content\/uploads\/2021\/04\/Design-sem-nome-2-322x230.jpg",322,230,true],"mantranews-single-large":["https:\/\/blogopara.com.br\/wp-content\/uploads\/2021\/04\/Design-sem-nome-2.jpg",500,500,false]},"uagb_author_info":{"display_name":"Reda\u00e7\u00e3o geral","author_link":"https:\/\/blogopara.com.br\/index.php\/author\/blogopara"},"uagb_comment_info":0,"uagb_excerpt":"Embora a gest\u00e3o atual da prefeita Suzana Ramos (PSDB) ainda n\u00e3o tenha efetivamente demonstrado um plano de governan\u00e7a para os quatros anos, por outro lado um grupelho liderado pelo vereador e ex-presidente da C\u00e2mara de Vereadores, Alex Tanuri (PP), tem desde os primeiros dias do novo governo envidado esfor\u00e7os no sentido de desgastar a gest\u00e3o.&hellip;","jetpack_sharing_enabled":true,"jetpack_likes_enabled":true,"_links":{"self":[{"href":"https:\/\/blogopara.com.br\/index.php\/wp-json\/wp\/v2\/posts\/22266","targetHints":{"allow":["GET"]}}],"collection":[{"href":"https:\/\/blogopara.com.br\/index.php\/wp-json\/wp\/v2\/posts"}],"about":[{"href":"https:\/\/blogopara.com.br\/index.php\/wp-json\/wp\/v2\/types\/post"}],"author":[{"embeddable":true,"href":"https:\/\/blogopara.com.br\/index.php\/wp-json\/wp\/v2\/users\/1"}],"replies":[{"embeddable":true,"href":"https:\/\/blogopara.com.br\/index.php\/wp-json\/wp\/v2\/comments?post=22266"}],"version-history":[{"count":6,"href":"https:\/\/blogopara.com.br\/index.php\/wp-json\/wp\/v2\/posts\/22266\/revisions"}],"predecessor-version":[{"id":22274,"href":"https:\/\/blogopara.com.br\/index.php\/wp-json\/wp\/v2\/posts\/22266\/revisions\/22274"}],"wp:featuredmedia":[{"embeddable":true,"href":"https:\/\/blogopara.com.br\/index.php\/wp-json\/wp\/v2\/media\/22270"}],"wp:attachment":[{"href":"https:\/\/blogopara.com.br\/index.php\/wp-json\/wp\/v2\/media?parent=22266"}],"wp:term":[{"taxonomy":"category","embeddable":true,"href":"https:\/\/blogopara.com.br\/index.php\/wp-json\/wp\/v2\/categories?post=22266"},{"taxonomy":"post_tag","embeddable":true,"href":"https:\/\/blogopara.com.br\/index.php\/wp-json\/wp\/v2\/tags?post=22266"}],"curies":[{"name":"wp","href":"https:\/\/api.w.org\/{rel}","templated":true}]}}