{"id":22304,"date":"2021-04-24T08:53:00","date_gmt":"2021-04-24T11:53:00","guid":{"rendered":"https:\/\/blogopara.com.br\/?p=22304"},"modified":"2021-04-23T15:46:50","modified_gmt":"2021-04-23T18:46:50","slug":"parceria-entre-prefeitura-de-juazeiro-e-policia-militar-pretende-promover-acoes-de-prevencao-a-violencia-no-residencial-sao-francisco","status":"publish","type":"post","link":"https:\/\/blogopara.com.br\/index.php\/2021\/04\/24\/parceria-entre-prefeitura-de-juazeiro-e-policia-militar-pretende-promover-acoes-de-prevencao-a-violencia-no-residencial-sao-francisco","title":{"rendered":"Parceria entre Prefeitura de Juazeiro e Pol\u00edcia Militar pretende promover a\u00e7\u00f5es de preven\u00e7\u00e3o \u00e0 viol\u00eancia no Residencial S\u00e3o Francisco"},"content":{"rendered":"<p dir=\"ltr\" style=\"text-align: justify;\">Em reuni\u00e3o realizada nesta quinta-feira (22) no Pa\u00e7o Municipal, a prefeita Suzana Ramos e a comandante da 76\u00aa Companhia Independente da Pol\u00edcia Militar, Major Ivana Almeida Ribeiro, trataram sobre o Projeto de Interven\u00e7\u00e3o Interag\u00eancias no Residencial S\u00e3o Francisco.<\/p>\n<p style=\"text-align: justify;\">\n<p dir=\"ltr\" style=\"text-align: justify;\">A iniciativa da Pol\u00edcia Militar, em parceria com entes estatais, entre eles a Prefeitura de Juazeiro, tem como proposta promover a seguran\u00e7a e assegurar melhores condi\u00e7\u00f5es de vida para os moradores da comunidade e de seu entorno. Segundo levantamento feito pela PM, o Residencial S\u00e3o Francisco \u00e9 uma das \u00e1reas da cidade com grande incid\u00eancia de problemas de seguran\u00e7a p\u00fablica, como viol\u00eancia dom\u00e9stica, tr\u00e1fico de drogas, al\u00e9m de falhas estruturais, aus\u00eancia de equipamentos p\u00fablicos e de lazer. Por esses motivos, o local foi escolhido para a implanta\u00e7\u00e3o do projeto de interven\u00e7\u00e3o.<\/p>\n<p style=\"text-align: justify;\">\n<p dir=\"ltr\" style=\"text-align: justify;\">\u201cNosso objetivo com esse projeto \u00e9 buscar trazer uma melhoria na qualidade e nas condi\u00e7\u00f5es de vida dos moradores do Residencial S\u00e3o Francisco e seu acesso \u00e0s pol\u00edticas p\u00fablicas, visando reduzir os fatores de risco e fortalecer os fatores de prote\u00e7\u00e3o \u00e0 viol\u00eancia, os v\u00ednculos sociais da comunidade e sua autonomia\u201d, destacou a Major Ivana Almeida Ribeiro.<\/p>\n<p style=\"text-align: justify;\">\n<p dir=\"ltr\" style=\"text-align: justify;\">Etapas<\/p>\n<p style=\"text-align: justify;\">\n<p dir=\"ltr\" style=\"text-align: justify;\">O projeto de interven\u00e7\u00e3o no Residencial S\u00e3o Francisco ter\u00e1 dura\u00e7\u00e3o de seis meses e ser\u00e1 desenvolvido em cinco etapas. A Prefeitura de Juazeiro participar\u00e1 com a\u00e7\u00f5es de acesso \u00e0 sa\u00fade, educa\u00e7\u00e3o e assist\u00eancia social, al\u00e9m de promover melhorias estruturais no residencial.<\/p>\n<p style=\"text-align: justify;\">\n<p dir=\"ltr\" style=\"text-align: justify;\">\u201cVamos mobilizar todas as secretarias da gest\u00e3o municipal para levar mais urbaniza\u00e7\u00e3o, limpeza, ilumina\u00e7\u00e3o, recuperar o acesso aos pontos de \u00f4nibus bem como promover atividades culturais, sociais e de lazer \u00e0s mil e quinhentas fam\u00edlias que moram no Residencial S\u00e3o Francisco. Acredito que essa uni\u00e3o entre a gest\u00e3o municipal e a Pol\u00edcia Militar render\u00e1 bons frutos. E promovendo a\u00e7\u00f5es sociais estaremos prevenindo e combatendo a viol\u00eancia\u201d, frisou a prefeita Suzana Ramos.<\/p>\n<p dir=\"ltr\" style=\"text-align: justify;\">Ascom PMJ<\/p>\n","protected":false},"excerpt":{"rendered":"<p>Em reuni\u00e3o realizada nesta quinta-feira (22) no Pa\u00e7o Municipal, a prefeita Suzana Ramos e a comandante da 76\u00aa Companhia Independente da Pol\u00edcia Militar, Major Ivana Almeida Ribeiro, trataram sobre o Projeto de Interven\u00e7\u00e3o Interag\u00eancias no Residencial S\u00e3o Francisco. A iniciativa da Pol\u00edcia Militar, em parceria com entes estatais, entre eles a Prefeitura de Juazeiro, tem [&hellip;]<\/p>\n","protected":false},"author":1,"featured_media":22307,"comment_status":"closed","ping_status":"open","sticky":false,"template":"","format":"standard","meta":{"_uag_custom_page_level_css":"","_monsterinsights_skip_tracking":false,"_monsterinsights_sitenote_active":false,"_monsterinsights_sitenote_note":"","_monsterinsights_sitenote_category":0,"jetpack_post_was_ever_published":false,"_jetpack_newsletter_access":"","_jetpack_dont_email_post_to_subs":false,"_jetpack_newsletter_tier_id":0,"_jetpack_memberships_contains_paywalled_content":false,"_jetpack_memberships_contains_paid_content":false,"footnotes":"","jetpack_publicize_message":"","jetpack_publicize_feature_enabled":true,"jetpack_social_post_already_shared":true,"jetpack_social_options":{"image_generator_settings":{"template":"highway","default_image_id":0,"font":"","enabled":false},"version":2}},"categories":[203],"tags":[917,340,2547,2549],"class_list":["post-22304","post","type-post","status-publish","format-standard","has-post-thumbnail","hentry","category-juazeiro","tag-policia-militar-2","tag-prefeitura-de-juazeiro","tag-promovem-acoes","tag-residencial-sao-francisco-2"],"jetpack_publicize_connections":[],"jetpack_featured_media_url":"https:\/\/blogopara.com.br\/wp-content\/uploads\/2021\/04\/Suzana-e-Ivana-2.jpeg","uagb_featured_image_src":{"full":["https:\/\/blogopara.com.br\/wp-content\/uploads\/2021\/04\/Suzana-e-Ivana-2.jpeg",500,349,false],"thumbnail":["https:\/\/blogopara.com.br\/wp-content\/uploads\/2021\/04\/Suzana-e-Ivana-2-150x150.jpeg",150,150,true],"medium":["https:\/\/blogopara.com.br\/wp-content\/uploads\/2021\/04\/Suzana-e-Ivana-2-300x209.jpeg",300,209,true],"medium_large":["https:\/\/blogopara.com.br\/wp-content\/uploads\/2021\/04\/Suzana-e-Ivana-2.jpeg",500,349,false],"large":["https:\/\/blogopara.com.br\/wp-content\/uploads\/2021\/04\/Suzana-e-Ivana-2.jpeg",500,349,false],"1536x1536":["https:\/\/blogopara.com.br\/wp-content\/uploads\/2021\/04\/Suzana-e-Ivana-2.jpeg",500,349,false],"2048x2048":["https:\/\/blogopara.com.br\/wp-content\/uploads\/2021\/04\/Suzana-e-Ivana-2.jpeg",500,349,false],"mantranews-slider-large":["https:\/\/blogopara.com.br\/wp-content\/uploads\/2021\/04\/Suzana-e-Ivana-2.jpeg",500,349,false],"mantranews-featured-medium":["https:\/\/blogopara.com.br\/wp-content\/uploads\/2021\/04\/Suzana-e-Ivana-2-420x307.jpeg",420,307,true],"mantranews-featured-long":["https:\/\/blogopara.com.br\/wp-content\/uploads\/2021\/04\/Suzana-e-Ivana-2-300x349.jpeg",300,349,true],"mantranews-block-medium":["https:\/\/blogopara.com.br\/wp-content\/uploads\/2021\/04\/Suzana-e-Ivana-2-464x290.jpeg",464,290,true],"mantranews-carousel-image":["https:\/\/blogopara.com.br\/wp-content\/uploads\/2021\/04\/Suzana-e-Ivana-2.jpeg",500,349,false],"mantranews-block-thumb":["https:\/\/blogopara.com.br\/wp-content\/uploads\/2021\/04\/Suzana-e-Ivana-2-322x230.jpeg",322,230,true],"mantranews-single-large":["https:\/\/blogopara.com.br\/wp-content\/uploads\/2021\/04\/Suzana-e-Ivana-2.jpeg",500,349,false]},"uagb_author_info":{"display_name":"Reda\u00e7\u00e3o geral","author_link":"https:\/\/blogopara.com.br\/index.php\/author\/blogopara"},"uagb_comment_info":0,"uagb_excerpt":"Em reuni\u00e3o realizada nesta quinta-feira (22) no Pa\u00e7o Municipal, a prefeita Suzana Ramos e a comandante da 76\u00aa Companhia Independente da Pol\u00edcia Militar, Major Ivana Almeida Ribeiro, trataram sobre o Projeto de Interven\u00e7\u00e3o Interag\u00eancias no Residencial S\u00e3o Francisco. A iniciativa da Pol\u00edcia Militar, em parceria com entes estatais, entre eles a Prefeitura de Juazeiro, tem&hellip;","jetpack_sharing_enabled":true,"jetpack_likes_enabled":true,"_links":{"self":[{"href":"https:\/\/blogopara.com.br\/index.php\/wp-json\/wp\/v2\/posts\/22304","targetHints":{"allow":["GET"]}}],"collection":[{"href":"https:\/\/blogopara.com.br\/index.php\/wp-json\/wp\/v2\/posts"}],"about":[{"href":"https:\/\/blogopara.com.br\/index.php\/wp-json\/wp\/v2\/types\/post"}],"author":[{"embeddable":true,"href":"https:\/\/blogopara.com.br\/index.php\/wp-json\/wp\/v2\/users\/1"}],"replies":[{"embeddable":true,"href":"https:\/\/blogopara.com.br\/index.php\/wp-json\/wp\/v2\/comments?post=22304"}],"version-history":[{"count":1,"href":"https:\/\/blogopara.com.br\/index.php\/wp-json\/wp\/v2\/posts\/22304\/revisions"}],"predecessor-version":[{"id":22308,"href":"https:\/\/blogopara.com.br\/index.php\/wp-json\/wp\/v2\/posts\/22304\/revisions\/22308"}],"wp:featuredmedia":[{"embeddable":true,"href":"https:\/\/blogopara.com.br\/index.php\/wp-json\/wp\/v2\/media\/22307"}],"wp:attachment":[{"href":"https:\/\/blogopara.com.br\/index.php\/wp-json\/wp\/v2\/media?parent=22304"}],"wp:term":[{"taxonomy":"category","embeddable":true,"href":"https:\/\/blogopara.com.br\/index.php\/wp-json\/wp\/v2\/categories?post=22304"},{"taxonomy":"post_tag","embeddable":true,"href":"https:\/\/blogopara.com.br\/index.php\/wp-json\/wp\/v2\/tags?post=22304"}],"curies":[{"name":"wp","href":"https:\/\/api.w.org\/{rel}","templated":true}]}}