{"id":22313,"date":"2021-04-23T18:52:00","date_gmt":"2021-04-23T21:52:00","guid":{"rendered":"https:\/\/blogopara.com.br\/?p=22313"},"modified":"2021-04-23T16:11:46","modified_gmt":"2021-04-23T19:11:46","slug":"governo-diz-que-orcamento-nao-preve-recursos-para-o-censo-e-que-pesquisa-nao-ocorrera-em-2021","status":"publish","type":"post","link":"https:\/\/blogopara.com.br\/index.php\/2021\/04\/23\/governo-diz-que-orcamento-nao-preve-recursos-para-o-censo-e-que-pesquisa-nao-ocorrera-em-2021","title":{"rendered":"Governo diz que Or\u00e7amento n\u00e3o prev\u00ea recursos para o Censo e que pesquisa n\u00e3o ocorrer\u00e1 em 2021"},"content":{"rendered":"<p style=\"text-align: justify;\">O secret\u00e1rio especial de Fazenda do Minist\u00e9rio da Economia, Waldery Rodrigues, informou nesta sexta-feira (23) que o Or\u00e7amento de 2021 n\u00e3o traz recursos para a realiza\u00e7\u00e3o do Censo Demogr\u00e1fico e que, portanto, a pesquisa ser\u00e1 adiada.<\/p>\n<p style=\"text-align: justify;\">&#8220;N\u00e3o h\u00e1 previs\u00e3o or\u00e7ament\u00e1ria para o Censo. Portanto, ele n\u00e3o se realizar\u00e1 em 2021. As consequ\u00eancias e gest\u00e3o para um novo Censo ser\u00e3o comunicadas ao longo deste ano, em particular em decis\u00f5es tomadas na Junta de Execu\u00e7\u00e3o Or\u00e7ament\u00e1ria&#8221;, declarou o secret\u00e1rio.<\/p>\n<p style=\"text-align: justify;\">O\u00a0<a href=\"https:\/\/g1.globo.com\/politica\/noticia\/2021\/04\/22\/apos-impasse-com-o-congresso-bolsonaro-sanciona-com-vetos-orcamento-de-2021.ghtml\">Or\u00e7amento 2021 foi sancionado, com vetos,\u00a0<\/a>nesta quinta-feira (22) pelo presidente\u00a0<a href=\"https:\/\/g1.globo.com\/politica\/politico\/jair-bolsonaro\/\">Jair Bolsonaro<\/a>. Foram vetados, por exemplo, R$ 7,9 bilh\u00f5es em despesas facultativas (discricion\u00e1rias) do Executivo.<\/p>\n<p style=\"text-align: justify;\">Tamb\u00e9m houve vetos a emendas parlamentares, sendo R$ 10,5 bilh\u00f5es do tipo emenda de relator e R$ 1,4 bilh\u00e3o de comiss\u00f5es do Congresso. No entanto, segundo a colunista Ana Flor,\u00a0<a href=\"https:\/\/g1.globo.com\/economia\/blog\/ana-flor\/post\/2021\/04\/23\/por-acordo-politico-governo-opta-por-fazer-maquina-publica-rodar-no-fio-da-navalha.ghtml\">foram preservados R$ 17 bilh\u00f5es em emendas<\/a>.<\/p>\n<p style=\"text-align: justify;\"><a href=\"https:\/\/g1.globo.com\/economia\/noticia\/2021\/03\/26\/corte-do-orcamento-pode-inviabilizar-censo-2021-entenda-a-importancia-da-pesquisa.ghtml\">Entenda a import\u00e2ncia do Censo<\/a><\/p>\n<p style=\"text-align: justify;\"><a href=\"https:\/\/g1.globo.com\/economia\/concursos-e-emprego\/noticia\/2021\/04\/06\/ibge-suspende-provas-de-concurso-para-censo2021.ghtml\">IBGE suspende provas de concurso para o Censo 2021<\/a><\/p>\n<p style=\"text-align: justify;\">Na tramita\u00e7\u00e3o do Or\u00e7amento no Congresso Nacional, os parlamentares j\u00e1 haviam cortado os valores destinados ao Censo, de R$ 2 bilh\u00f5es para R$ 71 milh\u00f5es.<\/p>\n<p style=\"text-align: justify;\">Por lei, o Censo deve ser realizado a cada 10 anos. O \u00faltimo foi feito em 2010. A pesquisa de 2020 foi adiada devido \u00e0 pandemia, e o dinheiro foi usado no combate ao coronav\u00edrus, como mostra o v\u00eddeo abaixo.<\/p>\n<p style=\"text-align: justify;\">O Instituto Brasileiro de Geografia e Estat\u00edstica (IBGE), respons\u00e1vel pela pesquisa, j\u00e1 havia informado, em nota divulgada em mar\u00e7o, que o<a href=\"https:\/\/g1.globo.com\/economia\/noticia\/2021\/03\/22\/ibge-diz-que-proposta-de-corte-de-r-17-bilhao-do-orcamento-inviabiliza-censo-2021.ghtml\">\u00a0corte j\u00e1 previsto no projeto do Or\u00e7amento inviabilizava a realiza\u00e7\u00e3o<\/a>\u00a0do Censo em 2021.<\/p>\n<p style=\"text-align: justify;\">Por conta disso, o\u00a0<a href=\"https:\/\/g1.globo.com\/economia\/concursos-e-emprego\/noticia\/2021\/04\/06\/ibge-suspende-provas-de-concurso-para-censo2021.ghtml\">IBGE suspendeu, no come\u00e7o de abril, a realiza\u00e7\u00e3o das provas<\/a>\u00a0dos concursos para contrata\u00e7\u00e3o de recenseadores (veja v\u00eddeo abaixo).<\/p>\n<p style=\"text-align: justify;\">&#8220;As raz\u00f5es do adiamento foram colocadas no momento em que o Censo n\u00e3o teve o recurso alocado no processo or\u00e7ament\u00e1rio e, como falado aqui, novas decis\u00f5es sobre aloca\u00e7\u00e3o e realiza\u00e7\u00e3o do Censo t\u00eam a fase preparat\u00f3ria, ser\u00e3o comunicadas&#8221;, completou Rodrigues.<\/p>\n<p style=\"text-align: justify;\">A\u00e7\u00f5es fragilizadas<\/p>\n<p style=\"text-align: justify;\">A dire\u00e7\u00e3o do Instituto Brasileiro de Geografia e Estat\u00edstica (IBGE)<a href=\"https:\/\/g1.globo.com\/economia\/noticia\/2021\/03\/23\/sem-o-censo-em-2021-acoes-governamentais-pos-pandemia-serao-afetadas-alerta-ibge.ghtml\">\u00a0afirmou em mar\u00e7o\u00a0<\/a>que &#8220;as a\u00e7\u00f5es governamentais p\u00f3s-pandemia ser\u00e3o fragilizadas&#8221; sem a realiza\u00e7\u00e3o do Censo 2021.<\/p>\n<p style=\"text-align: justify;\">&#8220;Sem o Censo em 2021, as a\u00e7\u00f5es governamentais p\u00f3s-pandemia ser\u00e3o fragilizadas pela aus\u00eancia das informa\u00e7\u00f5es que alicer\u00e7am as pol\u00edticas p\u00fablicas com impactos no territ\u00f3rio brasileiro, particularmente em seus munic\u00edpios&#8221;, afirmou a presidente do IBGE, Susana Cordeiro Guerra, e o diretor de Pesquisas, Eduardo Rios-Neto, em artigo publicado pelo jornal &#8220;O Globo&#8221; e reproduzido na p\u00e1gina do \u00f3rg\u00e3o.<\/p>\n<p style=\"text-align: justify;\">Instituto se preparava para Censo desde 2020<\/p>\n<p style=\"text-align: justify;\">Segundo o IBGE, a proposta original encaminhada ao Congresso Nacional no ano passado previa R$ 2 bilh\u00f5es para a realiza\u00e7\u00e3o do Censo 2021.<\/p>\n<p style=\"text-align: justify;\">O IBGE destacou no artigo que est\u00e1, desde 2020, se preparando para realizar o Censo Demogr\u00e1fico, inclusive inovando no aprimoramento das formas de trabalhar em raz\u00e3o das adversidades relativas \u00e0 pandemia.<\/p>\n<p style=\"text-align: justify;\">&#8220;Al\u00e9m de ser um instrumento fundamental para o pacto federativo e a calibragem da democracia representativa, a contagem da popula\u00e7\u00e3o permite a determina\u00e7\u00e3o dos p\u00fablicos-alvo de todas as pol\u00edticas p\u00fablicas nos \u00e2mbitos federal, estadual e municipal&#8221;, dizia o artigo.<\/p>\n<p style=\"text-align: justify;\">&#8220;Para destacar o caso mais em evid\u00eancia, o da pandemia, o Censo Demogr\u00e1fico permitir\u00e1 detalhar a popula\u00e7\u00e3o em risco (por idade e sexo) para campanhas de vacina\u00e7\u00e3o, destacando as condi\u00e7\u00f5es de infraestrutura domiciliar e arranjos domiciliares que favorecem maior ou menor difus\u00e3o do cont\u00e1gio&#8221;, afirmou a dire\u00e7\u00e3o do IBGE.<\/p>\n<p style=\"text-align: justify;\">&#8220;Al\u00e9m disso, as condi\u00e7\u00f5es de supera\u00e7\u00e3o e recupera\u00e7\u00e3o no per\u00edodo p\u00f3s-pand\u00eamico ser\u00e3o tamb\u00e9m calibradas por estes dados.&#8221;<\/p>\n<p style=\"text-align: justify;\">O IBGE explicou ainda, \u00e0 \u00e9poca, que os dados de popula\u00e7\u00e3o do Censo s\u00e3o utilizados para os repasses do Fundo de Participa\u00e7\u00e3o dos Munic\u00edpios (FPM) e para uma s\u00e9rie de outras transfer\u00eancias da Uni\u00e3o para estados e munic\u00edpios, com impacto significativo nos or\u00e7amentos p\u00fablicos.<\/p>\n<p style=\"text-align: justify;\">&#8220;Em 2019, do montante total cerca de R$ 396 bilh\u00f5es que foram transferidos pela Uni\u00e3o a estados e munic\u00edpios, cerca de R$ 251 bilh\u00f5es (65% do total) foram transfer\u00eancias que consideraram dados de popula\u00e7\u00e3o&#8221;, afirmou.<\/p>\n<p>Portal G1 Globo<\/p>\n<p style=\"text-align: justify;\">\u00a0<\/p>\n\n\n<p><\/p>\n","protected":false},"excerpt":{"rendered":"<p>O secret\u00e1rio especial de Fazenda do Minist\u00e9rio da Economia, Waldery Rodrigues, informou nesta sexta-feira (23) que o Or\u00e7amento de 2021 n\u00e3o traz recursos para a realiza\u00e7\u00e3o do Censo Demogr\u00e1fico e que, portanto, a pesquisa ser\u00e1 adiada. &#8220;N\u00e3o h\u00e1 previs\u00e3o or\u00e7ament\u00e1ria para o Censo. Portanto, ele n\u00e3o se realizar\u00e1 em 2021. As consequ\u00eancias e gest\u00e3o para [&hellip;]<\/p>\n","protected":false},"author":1,"featured_media":20715,"comment_status":"closed","ping_status":"open","sticky":false,"template":"","format":"standard","meta":{"_uag_custom_page_level_css":"","_monsterinsights_skip_tracking":false,"_monsterinsights_sitenote_active":false,"_monsterinsights_sitenote_note":"","_monsterinsights_sitenote_category":0,"jetpack_post_was_ever_published":false,"_jetpack_newsletter_access":"","_jetpack_dont_email_post_to_subs":false,"_jetpack_newsletter_tier_id":0,"_jetpack_memberships_contains_paywalled_content":false,"_jetpack_memberships_contains_paid_content":false,"footnotes":"","jetpack_publicize_message":"","jetpack_publicize_feature_enabled":true,"jetpack_social_post_already_shared":true,"jetpack_social_options":{"image_generator_settings":{"template":"highway","default_image_id":0,"font":"","enabled":false},"version":2}},"categories":[206],"tags":[2553,834],"class_list":["post-22313","post","type-post","status-publish","format-standard","has-post-thumbnail","hentry","category-economia","tag-censo","tag-recursos"],"jetpack_publicize_connections":[],"jetpack_featured_media_url":"https:\/\/blogopara.com.br\/wp-content\/uploads\/2021\/03\/07-10-2020_voo_simples1-5.jpg","uagb_featured_image_src":{"full":["https:\/\/blogopara.com.br\/wp-content\/uploads\/2021\/03\/07-10-2020_voo_simples1-5.jpg",500,299,false],"thumbnail":["https:\/\/blogopara.com.br\/wp-content\/uploads\/2021\/03\/07-10-2020_voo_simples1-5-150x150.jpg",150,150,true],"medium":["https:\/\/blogopara.com.br\/wp-content\/uploads\/2021\/03\/07-10-2020_voo_simples1-5-300x179.jpg",300,179,true],"medium_large":["https:\/\/blogopara.com.br\/wp-content\/uploads\/2021\/03\/07-10-2020_voo_simples1-5.jpg",500,299,false],"large":["https:\/\/blogopara.com.br\/wp-content\/uploads\/2021\/03\/07-10-2020_voo_simples1-5.jpg",500,299,false],"1536x1536":["https:\/\/blogopara.com.br\/wp-content\/uploads\/2021\/03\/07-10-2020_voo_simples1-5.jpg",500,299,false],"2048x2048":["https:\/\/blogopara.com.br\/wp-content\/uploads\/2021\/03\/07-10-2020_voo_simples1-5.jpg",500,299,false],"mantranews-slider-large":["https:\/\/blogopara.com.br\/wp-content\/uploads\/2021\/03\/07-10-2020_voo_simples1-5.jpg",500,299,false],"mantranews-featured-medium":["https:\/\/blogopara.com.br\/wp-content\/uploads\/2021\/03\/07-10-2020_voo_simples1-5-420x299.jpg",420,299,true],"mantranews-featured-long":["https:\/\/blogopara.com.br\/wp-content\/uploads\/2021\/03\/07-10-2020_voo_simples1-5-300x299.jpg",300,299,true],"mantranews-block-medium":["https:\/\/blogopara.com.br\/wp-content\/uploads\/2021\/03\/07-10-2020_voo_simples1-5-464x290.jpg",464,290,true],"mantranews-carousel-image":["https:\/\/blogopara.com.br\/wp-content\/uploads\/2021\/03\/07-10-2020_voo_simples1-5.jpg",500,299,false],"mantranews-block-thumb":["https:\/\/blogopara.com.br\/wp-content\/uploads\/2021\/03\/07-10-2020_voo_simples1-5-322x230.jpg",322,230,true],"mantranews-single-large":["https:\/\/blogopara.com.br\/wp-content\/uploads\/2021\/03\/07-10-2020_voo_simples1-5.jpg",500,299,false]},"uagb_author_info":{"display_name":"Reda\u00e7\u00e3o geral","author_link":"https:\/\/blogopara.com.br\/index.php\/author\/blogopara"},"uagb_comment_info":0,"uagb_excerpt":"O secret\u00e1rio especial de Fazenda do Minist\u00e9rio da Economia, Waldery Rodrigues, informou nesta sexta-feira (23) que o Or\u00e7amento de 2021 n\u00e3o traz recursos para a realiza\u00e7\u00e3o do Censo Demogr\u00e1fico e que, portanto, a pesquisa ser\u00e1 adiada. &#8220;N\u00e3o h\u00e1 previs\u00e3o or\u00e7ament\u00e1ria para o Censo. Portanto, ele n\u00e3o se realizar\u00e1 em 2021. As consequ\u00eancias e gest\u00e3o para&hellip;","jetpack_sharing_enabled":true,"jetpack_likes_enabled":true,"_links":{"self":[{"href":"https:\/\/blogopara.com.br\/index.php\/wp-json\/wp\/v2\/posts\/22313","targetHints":{"allow":["GET"]}}],"collection":[{"href":"https:\/\/blogopara.com.br\/index.php\/wp-json\/wp\/v2\/posts"}],"about":[{"href":"https:\/\/blogopara.com.br\/index.php\/wp-json\/wp\/v2\/types\/post"}],"author":[{"embeddable":true,"href":"https:\/\/blogopara.com.br\/index.php\/wp-json\/wp\/v2\/users\/1"}],"replies":[{"embeddable":true,"href":"https:\/\/blogopara.com.br\/index.php\/wp-json\/wp\/v2\/comments?post=22313"}],"version-history":[{"count":1,"href":"https:\/\/blogopara.com.br\/index.php\/wp-json\/wp\/v2\/posts\/22313\/revisions"}],"predecessor-version":[{"id":22314,"href":"https:\/\/blogopara.com.br\/index.php\/wp-json\/wp\/v2\/posts\/22313\/revisions\/22314"}],"wp:featuredmedia":[{"embeddable":true,"href":"https:\/\/blogopara.com.br\/index.php\/wp-json\/wp\/v2\/media\/20715"}],"wp:attachment":[{"href":"https:\/\/blogopara.com.br\/index.php\/wp-json\/wp\/v2\/media?parent=22313"}],"wp:term":[{"taxonomy":"category","embeddable":true,"href":"https:\/\/blogopara.com.br\/index.php\/wp-json\/wp\/v2\/categories?post=22313"},{"taxonomy":"post_tag","embeddable":true,"href":"https:\/\/blogopara.com.br\/index.php\/wp-json\/wp\/v2\/tags?post=22313"}],"curies":[{"name":"wp","href":"https:\/\/api.w.org\/{rel}","templated":true}]}}