{"id":22337,"date":"2021-04-25T09:45:00","date_gmt":"2021-04-25T12:45:00","guid":{"rendered":"https:\/\/blogopara.com.br\/?p=22337"},"modified":"2021-04-24T13:18:46","modified_gmt":"2021-04-24T16:18:46","slug":"vereador-em-minas-gerais-diz-que-tem-que-matar-cachorro-de-rua-mp-foi-acionado","status":"publish","type":"post","link":"https:\/\/blogopara.com.br\/index.php\/2021\/04\/25\/vereador-em-minas-gerais-diz-que-tem-que-matar-cachorro-de-rua-mp-foi-acionado","title":{"rendered":"Vereador em Minas Gerais diz que tem que \u201cmatar cachorro de rua\u201d; MP foi acionado"},"content":{"rendered":"<p style=\"text-align: justify;\">Um vereador de Minas Gerais declarou durante sess\u00e3o da C\u00e2mara Municipal de Jo\u00e3o Pinheiro -MG, que \u00e9 a favor da morte dos animais de rua. Eli Corr\u00eaa (DEM) acredita que esses animais devem ser mortos por transmitirem doen\u00e7as para a popula\u00e7\u00e3o, e sinalizou que se passar por cima de um cachorro na rua, nem olha para tr\u00e1s.<\/p>\n<p style=\"text-align: justify;\">O posicionamento do parlamentar ocorreu na \u00faltima segunda-feira (19), e come\u00e7ou a repercutir nacionalmente na quinta-feira (22). A fala do edil provocou indigna\u00e7\u00e3o coletiva, e j\u00e1 tem representa\u00e7\u00e3o no Minist\u00e9rio P\u00fablico para que investigue o caso.<\/p>\n<p style=\"text-align: justify;\">\u201cCachorro na rua tem \u00e9 que matar, cachorro em rua do jeito que vemos por toda banda, com problema e doen\u00e7a, amontoado, trazendo doen\u00e7a para popula\u00e7\u00e3o. (\u2026) Cachorro de rua para mim \u00e9 perder tempo. Eu, se passar por cima de um cachorro, nem olho para tr\u00e1s, penso que n\u00e3o tem dono\u201d, assegurou.<\/p>\n<p style=\"text-align: justify;\">As declara\u00e7\u00f5es de Eli Corr\u00eaa aconteceram depois que um outro vereador apresentou um projeto de lei para conscientizar as crian\u00e7as da cidade e criar o m\u00eas de preven\u00e7\u00e3o \u00e0 crueldade animal. As informa\u00e7\u00f5es s\u00e3o da UOL.<\/p>\n<div class=\"sharedaddy sd-sharing-enabled\" style=\"text-align: justify;\">\u00a0<\/div>\n","protected":false},"excerpt":{"rendered":"<p>Um vereador de Minas Gerais declarou durante sess\u00e3o da C\u00e2mara Municipal de Jo\u00e3o Pinheiro -MG, que \u00e9 a favor da morte dos animais de rua. Eli Corr\u00eaa (DEM) acredita que esses animais devem ser mortos por transmitirem doen\u00e7as para a popula\u00e7\u00e3o, e sinalizou que se passar por cima de um cachorro na rua, nem olha [&hellip;]<\/p>\n","protected":false},"author":1,"featured_media":22338,"comment_status":"open","ping_status":"open","sticky":false,"template":"","format":"standard","meta":{"_uag_custom_page_level_css":"","_monsterinsights_skip_tracking":false,"_monsterinsights_sitenote_active":false,"_monsterinsights_sitenote_note":"","_monsterinsights_sitenote_category":0,"jetpack_post_was_ever_published":false,"_jetpack_newsletter_access":"","_jetpack_dont_email_post_to_subs":false,"_jetpack_newsletter_tier_id":0,"_jetpack_memberships_contains_paywalled_content":false,"_jetpack_memberships_contains_paid_content":false,"footnotes":"","jetpack_publicize_message":"","jetpack_publicize_feature_enabled":true,"jetpack_social_post_already_shared":true,"jetpack_social_options":{"image_generator_settings":{"template":"highway","default_image_id":0,"font":"","enabled":false},"version":2}},"categories":[200],"tags":[2561,1443,233],"class_list":["post-22337","post","type-post","status-publish","format-standard","has-post-thumbnail","hentry","category-brasil","tag-cachorro","tag-crime-ambiental","tag-vereador"],"jetpack_publicize_connections":[],"jetpack_featured_media_url":"https:\/\/blogopara.com.br\/wp-content\/uploads\/2021\/04\/vereador-mg-1.jpg","uagb_featured_image_src":{"full":["https:\/\/blogopara.com.br\/wp-content\/uploads\/2021\/04\/vereador-mg-1.jpg",500,245,false],"thumbnail":["https:\/\/blogopara.com.br\/wp-content\/uploads\/2021\/04\/vereador-mg-1-150x150.jpg",150,150,true],"medium":["https:\/\/blogopara.com.br\/wp-content\/uploads\/2021\/04\/vereador-mg-1-300x147.jpg",300,147,true],"medium_large":["https:\/\/blogopara.com.br\/wp-content\/uploads\/2021\/04\/vereador-mg-1.jpg",500,245,false],"large":["https:\/\/blogopara.com.br\/wp-content\/uploads\/2021\/04\/vereador-mg-1.jpg",500,245,false],"1536x1536":["https:\/\/blogopara.com.br\/wp-content\/uploads\/2021\/04\/vereador-mg-1.jpg",500,245,false],"2048x2048":["https:\/\/blogopara.com.br\/wp-content\/uploads\/2021\/04\/vereador-mg-1.jpg",500,245,false],"mantranews-slider-large":["https:\/\/blogopara.com.br\/wp-content\/uploads\/2021\/04\/vereador-mg-1.jpg",500,245,false],"mantranews-featured-medium":["https:\/\/blogopara.com.br\/wp-content\/uploads\/2021\/04\/vereador-mg-1-420x245.jpg",420,245,true],"mantranews-featured-long":["https:\/\/blogopara.com.br\/wp-content\/uploads\/2021\/04\/vereador-mg-1-300x245.jpg",300,245,true],"mantranews-block-medium":["https:\/\/blogopara.com.br\/wp-content\/uploads\/2021\/04\/vereador-mg-1-464x245.jpg",464,245,true],"mantranews-carousel-image":["https:\/\/blogopara.com.br\/wp-content\/uploads\/2021\/04\/vereador-mg-1.jpg",500,245,false],"mantranews-block-thumb":["https:\/\/blogopara.com.br\/wp-content\/uploads\/2021\/04\/vereador-mg-1-322x230.jpg",322,230,true],"mantranews-single-large":["https:\/\/blogopara.com.br\/wp-content\/uploads\/2021\/04\/vereador-mg-1.jpg",500,245,false]},"uagb_author_info":{"display_name":"Reda\u00e7\u00e3o geral","author_link":"https:\/\/blogopara.com.br\/index.php\/author\/blogopara"},"uagb_comment_info":0,"uagb_excerpt":"Um vereador de Minas Gerais declarou durante sess\u00e3o da C\u00e2mara Municipal de Jo\u00e3o Pinheiro -MG, que \u00e9 a favor da morte dos animais de rua. Eli Corr\u00eaa (DEM) acredita que esses animais devem ser mortos por transmitirem doen\u00e7as para a popula\u00e7\u00e3o, e sinalizou que se passar por cima de um cachorro na rua, nem olha&hellip;","jetpack_sharing_enabled":true,"jetpack_likes_enabled":true,"_links":{"self":[{"href":"https:\/\/blogopara.com.br\/index.php\/wp-json\/wp\/v2\/posts\/22337","targetHints":{"allow":["GET"]}}],"collection":[{"href":"https:\/\/blogopara.com.br\/index.php\/wp-json\/wp\/v2\/posts"}],"about":[{"href":"https:\/\/blogopara.com.br\/index.php\/wp-json\/wp\/v2\/types\/post"}],"author":[{"embeddable":true,"href":"https:\/\/blogopara.com.br\/index.php\/wp-json\/wp\/v2\/users\/1"}],"replies":[{"embeddable":true,"href":"https:\/\/blogopara.com.br\/index.php\/wp-json\/wp\/v2\/comments?post=22337"}],"version-history":[{"count":1,"href":"https:\/\/blogopara.com.br\/index.php\/wp-json\/wp\/v2\/posts\/22337\/revisions"}],"predecessor-version":[{"id":22339,"href":"https:\/\/blogopara.com.br\/index.php\/wp-json\/wp\/v2\/posts\/22337\/revisions\/22339"}],"wp:featuredmedia":[{"embeddable":true,"href":"https:\/\/blogopara.com.br\/index.php\/wp-json\/wp\/v2\/media\/22338"}],"wp:attachment":[{"href":"https:\/\/blogopara.com.br\/index.php\/wp-json\/wp\/v2\/media?parent=22337"}],"wp:term":[{"taxonomy":"category","embeddable":true,"href":"https:\/\/blogopara.com.br\/index.php\/wp-json\/wp\/v2\/categories?post=22337"},{"taxonomy":"post_tag","embeddable":true,"href":"https:\/\/blogopara.com.br\/index.php\/wp-json\/wp\/v2\/tags?post=22337"}],"curies":[{"name":"wp","href":"https:\/\/api.w.org\/{rel}","templated":true}]}}