{"id":22426,"date":"2021-04-27T07:55:00","date_gmt":"2021-04-27T10:55:00","guid":{"rendered":"https:\/\/blogopara.com.br\/?p=22426"},"modified":"2021-04-26T15:03:47","modified_gmt":"2021-04-26T18:03:47","slug":"travessia-urbana-de-juazeiro-esta-mais-perto-de-se-tornar-realidade","status":"publish","type":"post","link":"https:\/\/blogopara.com.br\/index.php\/2021\/04\/27\/travessia-urbana-de-juazeiro-esta-mais-perto-de-se-tornar-realidade","title":{"rendered":"Travessia Urbana de Juazeiro est\u00e1 mais perto de se tornar realidade"},"content":{"rendered":"<p dir=\"ltr\">A Travessia Urbana de Juazeiro est\u00e1 mais perto de se tornar realidade. Nesta segunda-feira (26), o deputado federal Adolfo Viana se reuniu com o Ministro da Infraestrutura, Tarc\u00edsio Gomes de Freitas e o presidente do Departamento Nacional de Infraestrutura de Transportes (DNIT), Ant\u00f4nio Leite dos Santos Filho para tratar sobre essa grande obra de infraestrutura.<\/p>\n<p dir=\"ltr\">O encontro aconteceu durante a visita do presidente Jair Bolsonaro \u00e0 Feira de Santana, para entregar um trecho de 22 km da duplica\u00e7\u00e3o da BR-101, entre a Bahia e Sergipe.<\/p>\n<p dir=\"ltr\">O deputado Adolfo Viana pediu ao ministro da Infraestrutura e ao presidente do DNIT uma aten\u00e7\u00e3o especial \u00e0 Travessia Urbana, obra anunciada h\u00e1 anos e t\u00e3o aguardada pela popula\u00e7\u00e3o juazeirense e que deve trazer mais mobilidade para o trecho urbano da BR-407, entre o Mercado do Produtor e a Ponte Presidente Dutra.<\/p>\n<p dir=\"ltr\">Audi\u00eancia<\/p>\n<p dir=\"ltr\">Uma audi\u00eancia entre o ministro Tarc\u00edsio Gomes de Freitas, a prefeita Suzana Ramos e o deputado federal Adolfo Viana, j\u00e1 est\u00e1 agendada para o pr\u00f3ximo dia 10 de maio, em Bras\u00edlia. \u201cN\u00f3s sabemos que Juazeiro \u00e9 uma grande cidade, faz parte de um polo econ\u00f4mico muito importante, ent\u00e3o vamos olhar sim com aten\u00e7\u00e3o essa travessia urbana, porque essa grande cidade merece esse carinho do Governo Bolsonaro\u201d, afirmou o ministro Tarc\u00edsio.<\/p>\n","protected":false},"excerpt":{"rendered":"<p>A Travessia Urbana de Juazeiro est\u00e1 mais perto de se tornar realidade. Nesta segunda-feira (26), o deputado federal Adolfo Viana se reuniu com o Ministro da Infraestrutura, Tarc\u00edsio Gomes de Freitas e o presidente do Departamento Nacional de Infraestrutura de Transportes (DNIT), Ant\u00f4nio Leite dos Santos Filho para tratar sobre essa grande obra de infraestrutura. [&hellip;]<\/p>\n","protected":false},"author":1,"featured_media":22429,"comment_status":"open","ping_status":"open","sticky":false,"template":"","format":"standard","meta":{"_uag_custom_page_level_css":"","_monsterinsights_skip_tracking":false,"_monsterinsights_sitenote_active":false,"_monsterinsights_sitenote_note":"","_monsterinsights_sitenote_category":0,"jetpack_post_was_ever_published":false,"_jetpack_newsletter_access":"","_jetpack_dont_email_post_to_subs":false,"_jetpack_newsletter_tier_id":0,"_jetpack_memberships_contains_paywalled_content":false,"_jetpack_memberships_contains_paid_content":false,"footnotes":"","jetpack_publicize_message":"","jetpack_publicize_feature_enabled":true,"jetpack_social_post_already_shared":true,"jetpack_social_options":{"image_generator_settings":{"template":"highway","default_image_id":0,"font":"","enabled":false},"version":2}},"categories":[1720],"tags":[2606,37,2176],"class_list":["post-22426","post","type-post","status-publish","format-standard","has-post-thumbnail","hentry","category-obras","tag-adolfo-vianna","tag-isaac-carvalho","tag-travessia-urbana"],"jetpack_publicize_connections":[],"jetpack_featured_media_url":"https:\/\/blogopara.com.br\/wp-content\/uploads\/2021\/04\/thumbnail_Adolfo-e-Tarcisio.jpg","uagb_featured_image_src":{"full":["https:\/\/blogopara.com.br\/wp-content\/uploads\/2021\/04\/thumbnail_Adolfo-e-Tarcisio.jpg",500,288,false],"thumbnail":["https:\/\/blogopara.com.br\/wp-content\/uploads\/2021\/04\/thumbnail_Adolfo-e-Tarcisio-150x150.jpg",150,150,true],"medium":["https:\/\/blogopara.com.br\/wp-content\/uploads\/2021\/04\/thumbnail_Adolfo-e-Tarcisio-300x173.jpg",300,173,true],"medium_large":["https:\/\/blogopara.com.br\/wp-content\/uploads\/2021\/04\/thumbnail_Adolfo-e-Tarcisio.jpg",500,288,false],"large":["https:\/\/blogopara.com.br\/wp-content\/uploads\/2021\/04\/thumbnail_Adolfo-e-Tarcisio.jpg",500,288,false],"1536x1536":["https:\/\/blogopara.com.br\/wp-content\/uploads\/2021\/04\/thumbnail_Adolfo-e-Tarcisio.jpg",500,288,false],"2048x2048":["https:\/\/blogopara.com.br\/wp-content\/uploads\/2021\/04\/thumbnail_Adolfo-e-Tarcisio.jpg",500,288,false],"mantranews-slider-large":["https:\/\/blogopara.com.br\/wp-content\/uploads\/2021\/04\/thumbnail_Adolfo-e-Tarcisio.jpg",500,288,false],"mantranews-featured-medium":["https:\/\/blogopara.com.br\/wp-content\/uploads\/2021\/04\/thumbnail_Adolfo-e-Tarcisio-420x288.jpg",420,288,true],"mantranews-featured-long":["https:\/\/blogopara.com.br\/wp-content\/uploads\/2021\/04\/thumbnail_Adolfo-e-Tarcisio-300x288.jpg",300,288,true],"mantranews-block-medium":["https:\/\/blogopara.com.br\/wp-content\/uploads\/2021\/04\/thumbnail_Adolfo-e-Tarcisio-464x288.jpg",464,288,true],"mantranews-carousel-image":["https:\/\/blogopara.com.br\/wp-content\/uploads\/2021\/04\/thumbnail_Adolfo-e-Tarcisio.jpg",500,288,false],"mantranews-block-thumb":["https:\/\/blogopara.com.br\/wp-content\/uploads\/2021\/04\/thumbnail_Adolfo-e-Tarcisio-322x230.jpg",322,230,true],"mantranews-single-large":["https:\/\/blogopara.com.br\/wp-content\/uploads\/2021\/04\/thumbnail_Adolfo-e-Tarcisio.jpg",500,288,false]},"uagb_author_info":{"display_name":"Reda\u00e7\u00e3o geral","author_link":"https:\/\/blogopara.com.br\/index.php\/author\/blogopara"},"uagb_comment_info":0,"uagb_excerpt":"A Travessia Urbana de Juazeiro est\u00e1 mais perto de se tornar realidade. Nesta segunda-feira (26), o deputado federal Adolfo Viana se reuniu com o Ministro da Infraestrutura, Tarc\u00edsio Gomes de Freitas e o presidente do Departamento Nacional de Infraestrutura de Transportes (DNIT), Ant\u00f4nio Leite dos Santos Filho para tratar sobre essa grande obra de infraestrutura.&hellip;","jetpack_sharing_enabled":true,"jetpack_likes_enabled":true,"_links":{"self":[{"href":"https:\/\/blogopara.com.br\/index.php\/wp-json\/wp\/v2\/posts\/22426","targetHints":{"allow":["GET"]}}],"collection":[{"href":"https:\/\/blogopara.com.br\/index.php\/wp-json\/wp\/v2\/posts"}],"about":[{"href":"https:\/\/blogopara.com.br\/index.php\/wp-json\/wp\/v2\/types\/post"}],"author":[{"embeddable":true,"href":"https:\/\/blogopara.com.br\/index.php\/wp-json\/wp\/v2\/users\/1"}],"replies":[{"embeddable":true,"href":"https:\/\/blogopara.com.br\/index.php\/wp-json\/wp\/v2\/comments?post=22426"}],"version-history":[{"count":1,"href":"https:\/\/blogopara.com.br\/index.php\/wp-json\/wp\/v2\/posts\/22426\/revisions"}],"predecessor-version":[{"id":22431,"href":"https:\/\/blogopara.com.br\/index.php\/wp-json\/wp\/v2\/posts\/22426\/revisions\/22431"}],"wp:featuredmedia":[{"embeddable":true,"href":"https:\/\/blogopara.com.br\/index.php\/wp-json\/wp\/v2\/media\/22429"}],"wp:attachment":[{"href":"https:\/\/blogopara.com.br\/index.php\/wp-json\/wp\/v2\/media?parent=22426"}],"wp:term":[{"taxonomy":"category","embeddable":true,"href":"https:\/\/blogopara.com.br\/index.php\/wp-json\/wp\/v2\/categories?post=22426"},{"taxonomy":"post_tag","embeddable":true,"href":"https:\/\/blogopara.com.br\/index.php\/wp-json\/wp\/v2\/tags?post=22426"}],"curies":[{"name":"wp","href":"https:\/\/api.w.org\/{rel}","templated":true}]}}