{"id":22499,"date":"2021-04-28T10:36:00","date_gmt":"2021-04-28T13:36:00","guid":{"rendered":"https:\/\/blogopara.com.br\/?p=22499"},"modified":"2021-04-27T15:16:01","modified_gmt":"2021-04-27T18:16:01","slug":"prefeitura-de-juazeiro-promovera-evento-virtual-alusivo-a-campanha-de-conscientizacao-sobre-o-autismo","status":"publish","type":"post","link":"https:\/\/blogopara.com.br\/index.php\/2021\/04\/28\/prefeitura-de-juazeiro-promovera-evento-virtual-alusivo-a-campanha-de-conscientizacao-sobre-o-autismo","title":{"rendered":"Prefeitura de Juazeiro promover\u00e1 evento virtual alusivo \u00e0 campanha de conscientiza\u00e7\u00e3o sobre o autismo"},"content":{"rendered":"<p style=\"font-weight: 400; text-align: justify;\">Em alus\u00e3o \u00e0 campanha Abril Azul, m\u00eas de conscientiza\u00e7\u00e3o sobre o Transtorno do Espectro Autista (TEA), a Prefeitura de Juazeiro, atrav\u00e9s da Secretaria de Educa\u00e7\u00e3o e Juventude (Seduc), ir\u00e1 promover nesta quarta-feira (28), a live \u201cAutismo: suspeita, diagn\u00f3stico e interven\u00e7\u00e3o\u201d. O evento virtual ser\u00e1 transmitido a partir das 14h30, por meio do canal Seduc Juazeiro-BA, no YouTube. O evento \u00e9 aberto \u00e0 comunidade.\u00a0<\/p>\n<p style=\"font-weight: 400; text-align: justify;\">A live tem como objetivo fornecer informa\u00e7\u00f5es b\u00e1sicas acerca do TEA e contribuir para o fortalecimento da educa\u00e7\u00e3o inclusiva no munic\u00edpio. Entre os assuntos que ser\u00e3o abordados, est\u00e3o a defini\u00e7\u00e3o do Transtorno, crit\u00e9rios para diagn\u00f3stico do autismo, como \u00e9 realizado o diagn\u00f3stico e terapias para o tratamento.<\/p>\n<p style=\"font-weight: 400; text-align: justify;\">Participar\u00e3o da programa\u00e7\u00e3o, o jornalista, escritor e pai de autista, M\u00e1rio Pires, a psicopedagoga, Rita de C\u00e1ssia Dias, e integrantes do N\u00facleo de Apoio Psicol\u00f3gico e Inclus\u00e3o (Napsi) da Seduc. A live poder\u00e1 ser acompanhada atrav\u00e9s do link\u00a0<a href=\"http:\/\/youtube.com\/seducjuazeiroba\" data-saferedirecturl=\"https:\/\/www.google.com\/url?q=http:\/\/youtube.com\/seducjuazeiroba&amp;source=gmail&amp;ust=1619627019467000&amp;usg=AFQjCNFBgnZm6iy786d6HGuY68pSwazvfg\">http:\/\/youtube.com\/seducjuazeiroba<\/a>.<\/p>\n<p style=\"font-weight: 400; text-align: justify;\">\u00a0<\/p>\n<p style=\"font-weight: 400; text-align: justify;\"><strong>Apoio<\/strong><\/p>\n<p style=\"font-weight: 400; text-align: justify;\">Atualmente, o Napsi da Seduc auxilia 159 estudantes com diagn\u00f3stico de autismo, por meio do Atendimento Educacional Especializado (AEE). \u201cO TEA \u00e9 definido como um transtorno do neurodesenvolvimento, caracterizado por uma variedade de caracter\u00edsticas comportamentais e cognitivas\u201d, explica a psic\u00f3loga da Seduc, Taciana Albuquerque.<\/p>\n<p style=\"font-weight: 400; text-align: justify;\">\u00a0<\/p>\n<p style=\"font-weight: 400; text-align: justify;\">Brena Souza \u2013 Assessora de Imprensa<\/p>\n<p style=\"font-weight: 400; text-align: justify;\">\u00a0<\/p>\n<p style=\"font-weight: 400; text-align: justify;\">\u00a0<\/p>\n\n\n<p><\/p>\n","protected":false},"excerpt":{"rendered":"<p>Em alus\u00e3o \u00e0 campanha Abril Azul, m\u00eas de conscientiza\u00e7\u00e3o sobre o Transtorno do Espectro Autista (TEA), a Prefeitura de Juazeiro, atrav\u00e9s da Secretaria de Educa\u00e7\u00e3o e Juventude (Seduc), ir\u00e1 promover nesta quarta-feira (28), a live \u201cAutismo: suspeita, diagn\u00f3stico e interven\u00e7\u00e3o\u201d. O evento virtual ser\u00e1 transmitido a partir das 14h30, por meio do canal Seduc Juazeiro-BA, [&hellip;]<\/p>\n","protected":false},"author":1,"featured_media":22500,"comment_status":"closed","ping_status":"open","sticky":false,"template":"","format":"standard","meta":{"_uag_custom_page_level_css":"","_monsterinsights_skip_tracking":false,"_monsterinsights_sitenote_active":false,"_monsterinsights_sitenote_note":"","_monsterinsights_sitenote_category":0,"jetpack_post_was_ever_published":false,"_jetpack_newsletter_access":"","_jetpack_dont_email_post_to_subs":false,"_jetpack_newsletter_tier_id":0,"_jetpack_memberships_contains_paywalled_content":false,"_jetpack_memberships_contains_paid_content":false,"footnotes":"","jetpack_publicize_message":"","jetpack_publicize_feature_enabled":true,"jetpack_social_post_already_shared":true,"jetpack_social_options":{"image_generator_settings":{"template":"highway","default_image_id":0,"font":"","enabled":false},"version":2}},"categories":[209],"tags":[2636,2637,340,2638],"class_list":["post-22499","post","type-post","status-publish","format-standard","has-post-thumbnail","hentry","category-educacao","tag-campanha-de-conscietizacao","tag-evento-virtual","tag-prefeitura-de-juazeiro","tag-transtornos-do-espectro-autista"],"jetpack_publicize_connections":[],"jetpack_featured_media_url":"https:\/\/blogopara.com.br\/wp-content\/uploads\/2021\/04\/CARD-AUTISMO.jpeg","uagb_featured_image_src":{"full":["https:\/\/blogopara.com.br\/wp-content\/uploads\/2021\/04\/CARD-AUTISMO.jpeg",500,500,false],"thumbnail":["https:\/\/blogopara.com.br\/wp-content\/uploads\/2021\/04\/CARD-AUTISMO-150x150.jpeg",150,150,true],"medium":["https:\/\/blogopara.com.br\/wp-content\/uploads\/2021\/04\/CARD-AUTISMO-300x300.jpeg",300,300,true],"medium_large":["https:\/\/blogopara.com.br\/wp-content\/uploads\/2021\/04\/CARD-AUTISMO.jpeg",500,500,false],"large":["https:\/\/blogopara.com.br\/wp-content\/uploads\/2021\/04\/CARD-AUTISMO.jpeg",500,500,false],"1536x1536":["https:\/\/blogopara.com.br\/wp-content\/uploads\/2021\/04\/CARD-AUTISMO.jpeg",500,500,false],"2048x2048":["https:\/\/blogopara.com.br\/wp-content\/uploads\/2021\/04\/CARD-AUTISMO.jpeg",500,500,false],"mantranews-slider-large":["https:\/\/blogopara.com.br\/wp-content\/uploads\/2021\/04\/CARD-AUTISMO.jpeg",500,500,false],"mantranews-featured-medium":["https:\/\/blogopara.com.br\/wp-content\/uploads\/2021\/04\/CARD-AUTISMO-420x307.jpeg",420,307,true],"mantranews-featured-long":["https:\/\/blogopara.com.br\/wp-content\/uploads\/2021\/04\/CARD-AUTISMO-300x443.jpeg",300,443,true],"mantranews-block-medium":["https:\/\/blogopara.com.br\/wp-content\/uploads\/2021\/04\/CARD-AUTISMO-464x290.jpeg",464,290,true],"mantranews-carousel-image":["https:\/\/blogopara.com.br\/wp-content\/uploads\/2021\/04\/CARD-AUTISMO.jpeg",500,500,false],"mantranews-block-thumb":["https:\/\/blogopara.com.br\/wp-content\/uploads\/2021\/04\/CARD-AUTISMO-322x230.jpeg",322,230,true],"mantranews-single-large":["https:\/\/blogopara.com.br\/wp-content\/uploads\/2021\/04\/CARD-AUTISMO.jpeg",500,500,false]},"uagb_author_info":{"display_name":"Reda\u00e7\u00e3o geral","author_link":"https:\/\/blogopara.com.br\/index.php\/author\/blogopara"},"uagb_comment_info":0,"uagb_excerpt":"Em alus\u00e3o \u00e0 campanha Abril Azul, m\u00eas de conscientiza\u00e7\u00e3o sobre o Transtorno do Espectro Autista (TEA), a Prefeitura de Juazeiro, atrav\u00e9s da Secretaria de Educa\u00e7\u00e3o e Juventude (Seduc), ir\u00e1 promover nesta quarta-feira (28), a live \u201cAutismo: suspeita, diagn\u00f3stico e interven\u00e7\u00e3o\u201d. O evento virtual ser\u00e1 transmitido a partir das 14h30, por meio do canal Seduc Juazeiro-BA,&hellip;","jetpack_sharing_enabled":true,"jetpack_likes_enabled":true,"_links":{"self":[{"href":"https:\/\/blogopara.com.br\/index.php\/wp-json\/wp\/v2\/posts\/22499","targetHints":{"allow":["GET"]}}],"collection":[{"href":"https:\/\/blogopara.com.br\/index.php\/wp-json\/wp\/v2\/posts"}],"about":[{"href":"https:\/\/blogopara.com.br\/index.php\/wp-json\/wp\/v2\/types\/post"}],"author":[{"embeddable":true,"href":"https:\/\/blogopara.com.br\/index.php\/wp-json\/wp\/v2\/users\/1"}],"replies":[{"embeddable":true,"href":"https:\/\/blogopara.com.br\/index.php\/wp-json\/wp\/v2\/comments?post=22499"}],"version-history":[{"count":1,"href":"https:\/\/blogopara.com.br\/index.php\/wp-json\/wp\/v2\/posts\/22499\/revisions"}],"predecessor-version":[{"id":22501,"href":"https:\/\/blogopara.com.br\/index.php\/wp-json\/wp\/v2\/posts\/22499\/revisions\/22501"}],"wp:featuredmedia":[{"embeddable":true,"href":"https:\/\/blogopara.com.br\/index.php\/wp-json\/wp\/v2\/media\/22500"}],"wp:attachment":[{"href":"https:\/\/blogopara.com.br\/index.php\/wp-json\/wp\/v2\/media?parent=22499"}],"wp:term":[{"taxonomy":"category","embeddable":true,"href":"https:\/\/blogopara.com.br\/index.php\/wp-json\/wp\/v2\/categories?post=22499"},{"taxonomy":"post_tag","embeddable":true,"href":"https:\/\/blogopara.com.br\/index.php\/wp-json\/wp\/v2\/tags?post=22499"}],"curies":[{"name":"wp","href":"https:\/\/api.w.org\/{rel}","templated":true}]}}