{"id":22502,"date":"2021-04-28T11:15:00","date_gmt":"2021-04-28T14:15:00","guid":{"rendered":"https:\/\/blogopara.com.br\/?p=22502"},"modified":"2021-04-27T15:26:55","modified_gmt":"2021-04-27T18:26:55","slug":"renan-liberado-para-assumir-relatoria-da-cpi-da-covid-segundo-decisao-do-trf-1","status":"publish","type":"post","link":"https:\/\/blogopara.com.br\/index.php\/2021\/04\/28\/renan-liberado-para-assumir-relatoria-da-cpi-da-covid-segundo-decisao-do-trf-1","title":{"rendered":"Renan liberado para assumir relatoria da CPI da Covid, segundo decis\u00e3o do TRF-1"},"content":{"rendered":"<p style=\"text-align: justify;\">O Tribunal Regional Federal da 1\u00aa Regi\u00e3o (TRF-1) determinou a suspens\u00e3o da liminar da Justi\u00e7a Federal de Bras\u00edlia que impediu o senador Renan Calheiros (MDB-AL) de ser nomeado relator da CPI da Covid (<a href=\"https:\/\/www.bahianoticias.com.br\/folha\/noticia\/115344-renan-ataca-decisao-judicial-que-o-impede-de-ser-relator-da-cpi-da-covid-esdruxula.html\" target=\"_blank\" rel=\"noopener\">clique aqui e entenda o caso<\/a>).<\/p>\n<div id=\"div-gpt-ad-bn_principal_conteudo\" data-google-query-id=\"CKqQmvaDn_ACFbsEuQYdf_8G8A\">\n<p style=\"text-align: justify;\">Para o TRF-1, a quest\u00e3o cabe apenas ao Senado Federal e, por isso, deve ser tratada exclusivamente pelos parlamentares. A expectativa \u00e9 de que Renan seja escolhido para a relatoria da comiss\u00e3o, que\u00a0 deve ser presidida por Omar Aziz (PSD-AM).<\/p>\n<p style=\"text-align: justify;\">Expedida nesta segunda-feira (26), a determina\u00e7\u00e3o, do juiz Charles Morai, da 2\u00aa Vara Federal do Distrito Federal, foi proferida em uma a\u00e7\u00e3o popular movida pela deputada Carla Zambelli (PSL-SP), uma das principais apoiadores do presidente Jair Bolsonaro no Congresso. O magistrado afirma que a decis\u00e3o vale at\u00e9 que o senador e a Advocacia-Geral da Uni\u00e3o (AGU) se manifestem no processo. Enquanto isso, o juiz determina que o nome de Calheiros seja impedido de ser escolhido como relator da comiss\u00e3o.<\/p>\n<\/div>\n","protected":false},"excerpt":{"rendered":"<p>O Tribunal Regional Federal da 1\u00aa Regi\u00e3o (TRF-1) determinou a suspens\u00e3o da liminar da Justi\u00e7a Federal de Bras\u00edlia que impediu o senador Renan Calheiros (MDB-AL) de ser nomeado relator da CPI da Covid (clique aqui e entenda o caso). Para o TRF-1, a quest\u00e3o cabe apenas ao Senado Federal e, por isso, deve ser tratada [&hellip;]<\/p>\n","protected":false},"author":1,"featured_media":22503,"comment_status":"open","ping_status":"open","sticky":false,"template":"","format":"standard","meta":{"_uag_custom_page_level_css":"","_monsterinsights_skip_tracking":false,"_monsterinsights_sitenote_active":false,"_monsterinsights_sitenote_note":"","_monsterinsights_sitenote_category":0,"jetpack_post_was_ever_published":false,"_jetpack_newsletter_access":"","_jetpack_dont_email_post_to_subs":false,"_jetpack_newsletter_tier_id":0,"_jetpack_memberships_contains_paywalled_content":false,"_jetpack_memberships_contains_paid_content":false,"footnotes":"","jetpack_publicize_message":"","jetpack_publicize_feature_enabled":true,"jetpack_social_post_already_shared":true,"jetpack_social_options":{"image_generator_settings":{"template":"highway","default_image_id":0,"font":"","enabled":false},"version":2}},"categories":[200],"tags":[1483,1960,270],"class_list":["post-22502","post","type-post","status-publish","format-standard","has-post-thumbnail","hentry","category-brasil","tag-covid-19","tag-cpi","tag-senado"],"jetpack_publicize_connections":[],"jetpack_featured_media_url":"https:\/\/blogopara.com.br\/wp-content\/uploads\/2021\/04\/IMAGEM_NOTICIA_5-11.jpg","uagb_featured_image_src":{"full":["https:\/\/blogopara.com.br\/wp-content\/uploads\/2021\/04\/IMAGEM_NOTICIA_5-11.jpg",400,294,false],"thumbnail":["https:\/\/blogopara.com.br\/wp-content\/uploads\/2021\/04\/IMAGEM_NOTICIA_5-11-150x150.jpg",150,150,true],"medium":["https:\/\/blogopara.com.br\/wp-content\/uploads\/2021\/04\/IMAGEM_NOTICIA_5-11-300x221.jpg",300,221,true],"medium_large":["https:\/\/blogopara.com.br\/wp-content\/uploads\/2021\/04\/IMAGEM_NOTICIA_5-11.jpg",400,294,false],"large":["https:\/\/blogopara.com.br\/wp-content\/uploads\/2021\/04\/IMAGEM_NOTICIA_5-11.jpg",400,294,false],"1536x1536":["https:\/\/blogopara.com.br\/wp-content\/uploads\/2021\/04\/IMAGEM_NOTICIA_5-11.jpg",400,294,false],"2048x2048":["https:\/\/blogopara.com.br\/wp-content\/uploads\/2021\/04\/IMAGEM_NOTICIA_5-11.jpg",400,294,false],"mantranews-slider-large":["https:\/\/blogopara.com.br\/wp-content\/uploads\/2021\/04\/IMAGEM_NOTICIA_5-11.jpg",400,294,false],"mantranews-featured-medium":["https:\/\/blogopara.com.br\/wp-content\/uploads\/2021\/04\/IMAGEM_NOTICIA_5-11.jpg",400,294,false],"mantranews-featured-long":["https:\/\/blogopara.com.br\/wp-content\/uploads\/2021\/04\/IMAGEM_NOTICIA_5-11-300x294.jpg",300,294,true],"mantranews-block-medium":["https:\/\/blogopara.com.br\/wp-content\/uploads\/2021\/04\/IMAGEM_NOTICIA_5-11-400x290.jpg",400,290,true],"mantranews-carousel-image":["https:\/\/blogopara.com.br\/wp-content\/uploads\/2021\/04\/IMAGEM_NOTICIA_5-11.jpg",400,294,false],"mantranews-block-thumb":["https:\/\/blogopara.com.br\/wp-content\/uploads\/2021\/04\/IMAGEM_NOTICIA_5-11-322x230.jpg",322,230,true],"mantranews-single-large":["https:\/\/blogopara.com.br\/wp-content\/uploads\/2021\/04\/IMAGEM_NOTICIA_5-11.jpg",400,294,false]},"uagb_author_info":{"display_name":"Reda\u00e7\u00e3o geral","author_link":"https:\/\/blogopara.com.br\/index.php\/author\/blogopara"},"uagb_comment_info":0,"uagb_excerpt":"O Tribunal Regional Federal da 1\u00aa Regi\u00e3o (TRF-1) determinou a suspens\u00e3o da liminar da Justi\u00e7a Federal de Bras\u00edlia que impediu o senador Renan Calheiros (MDB-AL) de ser nomeado relator da CPI da Covid (clique aqui e entenda o caso). Para o TRF-1, a quest\u00e3o cabe apenas ao Senado Federal e, por isso, deve ser tratada&hellip;","jetpack_sharing_enabled":true,"jetpack_likes_enabled":true,"_links":{"self":[{"href":"https:\/\/blogopara.com.br\/index.php\/wp-json\/wp\/v2\/posts\/22502","targetHints":{"allow":["GET"]}}],"collection":[{"href":"https:\/\/blogopara.com.br\/index.php\/wp-json\/wp\/v2\/posts"}],"about":[{"href":"https:\/\/blogopara.com.br\/index.php\/wp-json\/wp\/v2\/types\/post"}],"author":[{"embeddable":true,"href":"https:\/\/blogopara.com.br\/index.php\/wp-json\/wp\/v2\/users\/1"}],"replies":[{"embeddable":true,"href":"https:\/\/blogopara.com.br\/index.php\/wp-json\/wp\/v2\/comments?post=22502"}],"version-history":[{"count":2,"href":"https:\/\/blogopara.com.br\/index.php\/wp-json\/wp\/v2\/posts\/22502\/revisions"}],"predecessor-version":[{"id":22506,"href":"https:\/\/blogopara.com.br\/index.php\/wp-json\/wp\/v2\/posts\/22502\/revisions\/22506"}],"wp:featuredmedia":[{"embeddable":true,"href":"https:\/\/blogopara.com.br\/index.php\/wp-json\/wp\/v2\/media\/22503"}],"wp:attachment":[{"href":"https:\/\/blogopara.com.br\/index.php\/wp-json\/wp\/v2\/media?parent=22502"}],"wp:term":[{"taxonomy":"category","embeddable":true,"href":"https:\/\/blogopara.com.br\/index.php\/wp-json\/wp\/v2\/categories?post=22502"},{"taxonomy":"post_tag","embeddable":true,"href":"https:\/\/blogopara.com.br\/index.php\/wp-json\/wp\/v2\/tags?post=22502"}],"curies":[{"name":"wp","href":"https:\/\/api.w.org\/{rel}","templated":true}]}}