{"id":22567,"date":"2021-04-29T13:38:00","date_gmt":"2021-04-29T16:38:00","guid":{"rendered":"https:\/\/blogopara.com.br\/?p=22567"},"modified":"2021-04-29T09:52:29","modified_gmt":"2021-04-29T12:52:29","slug":"covid-19-secretario-de-saude-da-ba-diz-que-novas-doses-da-vacina-chegarao-nesta-quinta-feira","status":"publish","type":"post","link":"https:\/\/blogopara.com.br\/index.php\/2021\/04\/29\/covid-19-secretario-de-saude-da-ba-diz-que-novas-doses-da-vacina-chegarao-nesta-quinta-feira","title":{"rendered":"Covid-19: Secret\u00e1rio de Sa\u00fade da BA diz que novas doses da vacina chegar\u00e3o nesta quinta-feira"},"content":{"rendered":"<div class=\"mc-column content-text active-extra-styles \" data-block-type=\"unstyled\" data-block-weight=\"27\" data-block-id=\"2\">\n<p class=\"content-text__container \" style=\"text-align: justify;\" data-track-category=\"Link no Texto\" data-track-links=\"\">O secret\u00e1rio de Sa\u00fade da Bahia, F\u00e1bio Vilas-Boas, anunciou nesta manh\u00e3 que o estado receber\u00e1, ainda nesta quinta-feira (29), 336.300 novas doses de vacinas contra a Covid-19.<\/p>\n<\/div>\n<div class=\"wall protected-content\">\n<div class=\"mc-column content-text active-extra-styles \" style=\"text-align: justify;\" data-block-type=\"unstyled\" data-block-weight=\"26\" data-block-id=\"3\">\n<p class=\"content-text__container \" data-track-category=\"Link no Texto\" data-track-links=\"\">Vilas-Boas fez o an\u00fancio em postagem nas redes sociais. &#8220;Tem vacina chegando hoje! Com emo\u00e7\u00e3o. \u00c0s 9:45h, pousam na Bahia 6.800 Coronavac e 329.500 AstraZeneca&#8221;, disse.<\/p>\n<\/div>\n<div class=\"mc-column content-text active-extra-styles \" style=\"text-align: justify;\" data-block-type=\"unstyled\" data-block-weight=\"21\" data-block-id=\"4\">\n<p class=\"content-text__container \" data-track-category=\"Link no Texto\" data-track-links=\"\">As doses chegam ao estado pelo aeroporto de Salvador. Ap\u00f3s confer\u00eancia e contagem, as doses come\u00e7am a ser distribu\u00eddas pelas cidades.<\/p>\n<\/div>\n<div class=\"mc-column content-text active-extra-styles\" style=\"text-align: justify;\" data-block-type=\"raw\" data-block-weight=\"5\" data-block-id=\"5\">\n<p class=\"content-text__container\">\n<div class=\"content-intertitle\">\n<h2>Doses da vacina da Pfizer<\/h2>\n<\/div>\n<\/div>\n<div class=\"mc-column content-text active-extra-styles \" style=\"text-align: justify;\" data-block-type=\"unstyled\" data-block-weight=\"48\" data-block-id=\"6\">\n<p class=\"content-text__container \" data-track-category=\"Link no Texto\" data-track-links=\"\">Em entrevista \u00e0 edi\u00e7\u00e3o desta quinta-feira do Jornal da Manh\u00e3, o secret\u00e1rio de Sa\u00fade de Salvador, Leo Prates, revelou que cerca de 25 mil doses da vacina da Pfizer devem chegar \u00e0 capital baiana at\u00e9 segunda-feira (3). Essa ser\u00e1 a primeira remessa deste imunizante a chegar \u00e0 Bahia.<\/p>\n<\/div>\n<div class=\"mc-column content-text active-extra-styles \" style=\"text-align: justify;\" data-block-type=\"unstyled\" data-block-weight=\"23\" data-block-id=\"7\">\n<p class=\"content-text__container \" data-track-category=\"Link no Texto\" data-track-links=\"\">Durante a entrevista, Leo Prates destacou que Salvador est\u00e1 preparada para receber a vacina da Pfizer, que exige manuten\u00e7\u00e3o em temperatura muito baixa.<\/p>\n<\/div>\n<div class=\"mc-column content-text active-extra-styles \" style=\"text-align: justify;\" data-block-type=\"unstyled\" data-block-weight=\"96\" data-block-id=\"8\">\n<p class=\"content-text__container \" data-track-category=\"Link no Texto\" data-track-links=\"\">\u201cN\u00f3s nos preparamos, quando a gente viu que essa vacina tem um protocolo diferente das outras. Temos quatro ultrafreezers. S\u00f3 em n\u00edvel central, temos capacidade de armazenar 200 mil doses. Al\u00e9m disso, essa vacina vai chegar a &#8211; 20\u00b0C graus, foi o que a diretoria de vigil\u00e2ncia passou. \u00c9 uma temperatura que o fabricante diz que ela dura entre 10 e 15 dias. Nossa capacidade de estocagem, al\u00e9m dos 200 mil, aumenta, porque temos outros 43 ultrafrezers com a capacidade de &#8211; 36\u00b0C. Nossa capacidade de estocagem chega em torno de 300 mil&#8221;, falou Leo Prates.<\/p>\n<\/div>\n<div class=\"content-ads content-ads--reveal\" data-block-type=\"ads\" data-block-id=\"9\">\n<div id=\"banner_materia2\" class=\"tag-manager-publicidade-container mc-has-reveal mc-has-ad-lazyload tag-manager-publicidade-banner_materia2 tag-manager-publicidade-container--carregado tag-manager-publicidade-container--visivel\" style=\"text-align: justify;\" data-id=\"banner_materia2\" data-req=\"true\" data-google-query-id=\"CN2xvr-8o_ACFT03uQYd2d0Bpw\" data-cid=\"138345459422\" data-lid=\"5660085300\">Por G1 BA<\/div>\n<\/div>\n<\/div>\n","protected":false},"excerpt":{"rendered":"<p>O secret\u00e1rio de Sa\u00fade da Bahia, F\u00e1bio Vilas-Boas, anunciou nesta manh\u00e3 que o estado receber\u00e1, ainda nesta quinta-feira (29), 336.300 novas doses de vacinas contra a Covid-19. Vilas-Boas fez o an\u00fancio em postagem nas redes sociais. &#8220;Tem vacina chegando hoje! Com emo\u00e7\u00e3o. \u00c0s 9:45h, pousam na Bahia 6.800 Coronavac e 329.500 AstraZeneca&#8221;, disse. As doses [&hellip;]<\/p>\n","protected":false},"author":1,"featured_media":22359,"comment_status":"closed","ping_status":"open","sticky":false,"template":"","format":"standard","meta":{"_uag_custom_page_level_css":"","_monsterinsights_skip_tracking":false,"_monsterinsights_sitenote_active":false,"_monsterinsights_sitenote_note":"","_monsterinsights_sitenote_category":0,"jetpack_post_was_ever_published":false,"_jetpack_newsletter_access":"","_jetpack_dont_email_post_to_subs":false,"_jetpack_newsletter_tier_id":0,"_jetpack_memberships_contains_paywalled_content":false,"_jetpack_memberships_contains_paid_content":false,"footnotes":"","jetpack_publicize_message":"","jetpack_publicize_feature_enabled":true,"jetpack_social_post_already_shared":true,"jetpack_social_options":{"image_generator_settings":{"template":"highway","default_image_id":0,"font":"","enabled":false},"version":2}},"categories":[1624],"tags":[11,1483,2293,2171],"class_list":["post-22567","post","type-post","status-publish","format-standard","has-post-thumbnail","hentry","category-covid-19","tag-bahia","tag-covid-19","tag-novas-doses","tag-vacinas"],"jetpack_publicize_connections":[],"jetpack_featured_media_url":"https:\/\/blogopara.com.br\/wp-content\/uploads\/2021\/04\/IMAGEM_NOTICIA_5-2-2.jpg","uagb_featured_image_src":{"full":["https:\/\/blogopara.com.br\/wp-content\/uploads\/2021\/04\/IMAGEM_NOTICIA_5-2-2.jpg",500,368,false],"thumbnail":["https:\/\/blogopara.com.br\/wp-content\/uploads\/2021\/04\/IMAGEM_NOTICIA_5-2-2-150x150.jpg",150,150,true],"medium":["https:\/\/blogopara.com.br\/wp-content\/uploads\/2021\/04\/IMAGEM_NOTICIA_5-2-2-300x221.jpg",300,221,true],"medium_large":["https:\/\/blogopara.com.br\/wp-content\/uploads\/2021\/04\/IMAGEM_NOTICIA_5-2-2.jpg",500,368,false],"large":["https:\/\/blogopara.com.br\/wp-content\/uploads\/2021\/04\/IMAGEM_NOTICIA_5-2-2.jpg",500,368,false],"1536x1536":["https:\/\/blogopara.com.br\/wp-content\/uploads\/2021\/04\/IMAGEM_NOTICIA_5-2-2.jpg",500,368,false],"2048x2048":["https:\/\/blogopara.com.br\/wp-content\/uploads\/2021\/04\/IMAGEM_NOTICIA_5-2-2.jpg",500,368,false],"mantranews-slider-large":["https:\/\/blogopara.com.br\/wp-content\/uploads\/2021\/04\/IMAGEM_NOTICIA_5-2-2.jpg",500,368,false],"mantranews-featured-medium":["https:\/\/blogopara.com.br\/wp-content\/uploads\/2021\/04\/IMAGEM_NOTICIA_5-2-2-420x307.jpg",420,307,true],"mantranews-featured-long":["https:\/\/blogopara.com.br\/wp-content\/uploads\/2021\/04\/IMAGEM_NOTICIA_5-2-2-300x368.jpg",300,368,true],"mantranews-block-medium":["https:\/\/blogopara.com.br\/wp-content\/uploads\/2021\/04\/IMAGEM_NOTICIA_5-2-2-464x290.jpg",464,290,true],"mantranews-carousel-image":["https:\/\/blogopara.com.br\/wp-content\/uploads\/2021\/04\/IMAGEM_NOTICIA_5-2-2.jpg",500,368,false],"mantranews-block-thumb":["https:\/\/blogopara.com.br\/wp-content\/uploads\/2021\/04\/IMAGEM_NOTICIA_5-2-2-322x230.jpg",322,230,true],"mantranews-single-large":["https:\/\/blogopara.com.br\/wp-content\/uploads\/2021\/04\/IMAGEM_NOTICIA_5-2-2.jpg",500,368,false]},"uagb_author_info":{"display_name":"Reda\u00e7\u00e3o geral","author_link":"https:\/\/blogopara.com.br\/index.php\/author\/blogopara"},"uagb_comment_info":0,"uagb_excerpt":"O secret\u00e1rio de Sa\u00fade da Bahia, F\u00e1bio Vilas-Boas, anunciou nesta manh\u00e3 que o estado receber\u00e1, ainda nesta quinta-feira (29), 336.300 novas doses de vacinas contra a Covid-19. Vilas-Boas fez o an\u00fancio em postagem nas redes sociais. &#8220;Tem vacina chegando hoje! Com emo\u00e7\u00e3o. \u00c0s 9:45h, pousam na Bahia 6.800 Coronavac e 329.500 AstraZeneca&#8221;, disse. As doses&hellip;","jetpack_sharing_enabled":true,"jetpack_likes_enabled":true,"_links":{"self":[{"href":"https:\/\/blogopara.com.br\/index.php\/wp-json\/wp\/v2\/posts\/22567","targetHints":{"allow":["GET"]}}],"collection":[{"href":"https:\/\/blogopara.com.br\/index.php\/wp-json\/wp\/v2\/posts"}],"about":[{"href":"https:\/\/blogopara.com.br\/index.php\/wp-json\/wp\/v2\/types\/post"}],"author":[{"embeddable":true,"href":"https:\/\/blogopara.com.br\/index.php\/wp-json\/wp\/v2\/users\/1"}],"replies":[{"embeddable":true,"href":"https:\/\/blogopara.com.br\/index.php\/wp-json\/wp\/v2\/comments?post=22567"}],"version-history":[{"count":1,"href":"https:\/\/blogopara.com.br\/index.php\/wp-json\/wp\/v2\/posts\/22567\/revisions"}],"predecessor-version":[{"id":22568,"href":"https:\/\/blogopara.com.br\/index.php\/wp-json\/wp\/v2\/posts\/22567\/revisions\/22568"}],"wp:featuredmedia":[{"embeddable":true,"href":"https:\/\/blogopara.com.br\/index.php\/wp-json\/wp\/v2\/media\/22359"}],"wp:attachment":[{"href":"https:\/\/blogopara.com.br\/index.php\/wp-json\/wp\/v2\/media?parent=22567"}],"wp:term":[{"taxonomy":"category","embeddable":true,"href":"https:\/\/blogopara.com.br\/index.php\/wp-json\/wp\/v2\/categories?post=22567"},{"taxonomy":"post_tag","embeddable":true,"href":"https:\/\/blogopara.com.br\/index.php\/wp-json\/wp\/v2\/tags?post=22567"}],"curies":[{"name":"wp","href":"https:\/\/api.w.org\/{rel}","templated":true}]}}