{"id":22662,"date":"2021-05-01T11:19:00","date_gmt":"2021-05-01T14:19:00","guid":{"rendered":"https:\/\/blogopara.com.br\/?p=22662"},"modified":"2021-04-30T20:46:30","modified_gmt":"2021-04-30T23:46:30","slug":"queiroga-faz-apelo-para-que-paises-com-doses-extras-de-vacinas-facam-doacoes-ao-brasil","status":"publish","type":"post","link":"https:\/\/blogopara.com.br\/index.php\/2021\/05\/01\/queiroga-faz-apelo-para-que-paises-com-doses-extras-de-vacinas-facam-doacoes-ao-brasil","title":{"rendered":"Queiroga faz apelo para que pa\u00edses com doses extras de vacinas fa\u00e7am doa\u00e7\u00f5es ao Brasil"},"content":{"rendered":"<div class=\"box-body\" data-io-article-url=\"https:\/\/www.bahianoticias.com.br\/\">\n<div class=\"text-descricao\">\n<p style=\"text-align: justify;\">O ministro da Sa\u00fade, Marcelo Queiroga, fez um apelo direcionados aos pa\u00edses com estoque de doses excedente de vacinas contra a Covid-19. Ele participou de uma videoconfer\u00eancia com o diretor-geral da Organiza\u00e7\u00e3o Mundial da Sa\u00fade (OMS), Tedros Adhanom, nesta sexta-feira (30), e pediu que as na\u00e7\u00f5es compartilhem os imunizantes com o Brasil.<\/p>\n<p style=\"text-align: justify;\">&#8220;Reiteramos nosso apelo \u00e0queles que possuem doses extras de vacinas para que possam compartilh\u00e1-las com o Brasil o quanto antes poss\u00edvel, de modo a nos permitir lograr avan\u00e7ar em nossa ampla campanha de vacina\u00e7\u00e3o de modo a conter a fase cr\u00edtica da pandemia e evitar a prolifera\u00e7\u00e3o de novas linhagens e variantes do v\u00edrus&#8221;, disse Queiroga durante a reuni\u00e3o.<\/p>\n<p style=\"text-align: justify;\">Ap\u00f3s a videoconfer\u00eancia, Queiroga concedeu entrevista e afirmou que tem trabalhado em duas frentes na gest\u00e3o do Minist\u00e9rio: a acelera\u00e7\u00e3o do programa de vacina\u00e7\u00e3o e a orienta\u00e7\u00e3o da popula\u00e7\u00e3o &#8220;de maneira clara e objetiva sobre medidas n\u00e3o farmacol\u00f3gicas cientificamente comprovadas&#8221;, como o uso de m\u00e1scara, a higieniza\u00e7\u00e3o das m\u00e3os e o respeito ao distanciamento social.<\/p>\n<p style=\"text-align: justify;\">&#8220;Desse modo, busquei conciliar as medidas sanit\u00e1rias com a necessidade de buscar emprego e renda da popula\u00e7\u00e3o brasileira. Para essas a\u00e7\u00f5es, tive como pilar o Sistema \u00danico de Sa\u00fade (SUS), um dos maiores e mais complexos sistemas de sa\u00fade p\u00fablica do mundo&#8221;, disse Queiroga.<\/p>\n<\/div>\n<\/div>\n<div class=\"box-footer\">\n<div class=\"bar-share clearfix\" style=\"text-align: justify;\">Fonte: Bahia Not\u00edcias&nbsp;<\/div>\n<\/div>\n\n\n<p><\/p>\n","protected":false},"excerpt":{"rendered":"<p>O ministro da Sa\u00fade, Marcelo Queiroga, fez um apelo direcionados aos pa\u00edses com estoque de doses excedente de vacinas contra a Covid-19. Ele participou de uma videoconfer\u00eancia com o diretor-geral da Organiza\u00e7\u00e3o Mundial da Sa\u00fade (OMS), Tedros Adhanom, nesta sexta-feira (30), e pediu que as na\u00e7\u00f5es compartilhem os imunizantes com o Brasil. &#8220;Reiteramos nosso apelo [&hellip;]<\/p>\n","protected":false},"author":1,"featured_media":22668,"comment_status":"closed","ping_status":"open","sticky":false,"template":"","format":"standard","meta":{"_uag_custom_page_level_css":"","_monsterinsights_skip_tracking":false,"_monsterinsights_sitenote_active":false,"_monsterinsights_sitenote_note":"","_monsterinsights_sitenote_category":0,"jetpack_post_was_ever_published":false,"_jetpack_newsletter_access":"","_jetpack_dont_email_post_to_subs":false,"_jetpack_newsletter_tier_id":0,"_jetpack_memberships_contains_paywalled_content":false,"_jetpack_memberships_contains_paid_content":false,"footnotes":"","jetpack_publicize_message":"","jetpack_publicize_feature_enabled":true,"jetpack_social_post_already_shared":true,"jetpack_social_options":{"image_generator_settings":{"template":"highway","default_image_id":0,"font":"","enabled":false},"version":2}},"categories":[1624],"tags":[14,2719,2708,20,2171],"class_list":["post-22662","post","type-post","status-publish","format-standard","has-post-thumbnail","hentry","category-covid-19","tag-brasil","tag-paises","tag-queiroga","tag-sus","tag-vacinas"],"jetpack_publicize_connections":[],"jetpack_featured_media_url":"https:\/\/blogopara.com.br\/wp-content\/uploads\/2021\/04\/IMAGEM_NOTICIA_5-4-2.jpg","uagb_featured_image_src":{"full":["https:\/\/blogopara.com.br\/wp-content\/uploads\/2021\/04\/IMAGEM_NOTICIA_5-4-2.jpg",500,368,false],"thumbnail":["https:\/\/blogopara.com.br\/wp-content\/uploads\/2021\/04\/IMAGEM_NOTICIA_5-4-2-150x150.jpg",150,150,true],"medium":["https:\/\/blogopara.com.br\/wp-content\/uploads\/2021\/04\/IMAGEM_NOTICIA_5-4-2-300x221.jpg",300,221,true],"medium_large":["https:\/\/blogopara.com.br\/wp-content\/uploads\/2021\/04\/IMAGEM_NOTICIA_5-4-2.jpg",500,368,false],"large":["https:\/\/blogopara.com.br\/wp-content\/uploads\/2021\/04\/IMAGEM_NOTICIA_5-4-2.jpg",500,368,false],"1536x1536":["https:\/\/blogopara.com.br\/wp-content\/uploads\/2021\/04\/IMAGEM_NOTICIA_5-4-2.jpg",500,368,false],"2048x2048":["https:\/\/blogopara.com.br\/wp-content\/uploads\/2021\/04\/IMAGEM_NOTICIA_5-4-2.jpg",500,368,false],"mantranews-slider-large":["https:\/\/blogopara.com.br\/wp-content\/uploads\/2021\/04\/IMAGEM_NOTICIA_5-4-2.jpg",500,368,false],"mantranews-featured-medium":["https:\/\/blogopara.com.br\/wp-content\/uploads\/2021\/04\/IMAGEM_NOTICIA_5-4-2-420x307.jpg",420,307,true],"mantranews-featured-long":["https:\/\/blogopara.com.br\/wp-content\/uploads\/2021\/04\/IMAGEM_NOTICIA_5-4-2-300x368.jpg",300,368,true],"mantranews-block-medium":["https:\/\/blogopara.com.br\/wp-content\/uploads\/2021\/04\/IMAGEM_NOTICIA_5-4-2-464x290.jpg",464,290,true],"mantranews-carousel-image":["https:\/\/blogopara.com.br\/wp-content\/uploads\/2021\/04\/IMAGEM_NOTICIA_5-4-2.jpg",500,368,false],"mantranews-block-thumb":["https:\/\/blogopara.com.br\/wp-content\/uploads\/2021\/04\/IMAGEM_NOTICIA_5-4-2-322x230.jpg",322,230,true],"mantranews-single-large":["https:\/\/blogopara.com.br\/wp-content\/uploads\/2021\/04\/IMAGEM_NOTICIA_5-4-2.jpg",500,368,false]},"uagb_author_info":{"display_name":"Reda\u00e7\u00e3o geral","author_link":"https:\/\/blogopara.com.br\/index.php\/author\/blogopara"},"uagb_comment_info":0,"uagb_excerpt":"O ministro da Sa\u00fade, Marcelo Queiroga, fez um apelo direcionados aos pa\u00edses com estoque de doses excedente de vacinas contra a Covid-19. Ele participou de uma videoconfer\u00eancia com o diretor-geral da Organiza\u00e7\u00e3o Mundial da Sa\u00fade (OMS), Tedros Adhanom, nesta sexta-feira (30), e pediu que as na\u00e7\u00f5es compartilhem os imunizantes com o Brasil. &#8220;Reiteramos nosso apelo&hellip;","jetpack_sharing_enabled":true,"jetpack_likes_enabled":true,"_links":{"self":[{"href":"https:\/\/blogopara.com.br\/index.php\/wp-json\/wp\/v2\/posts\/22662","targetHints":{"allow":["GET"]}}],"collection":[{"href":"https:\/\/blogopara.com.br\/index.php\/wp-json\/wp\/v2\/posts"}],"about":[{"href":"https:\/\/blogopara.com.br\/index.php\/wp-json\/wp\/v2\/types\/post"}],"author":[{"embeddable":true,"href":"https:\/\/blogopara.com.br\/index.php\/wp-json\/wp\/v2\/users\/1"}],"replies":[{"embeddable":true,"href":"https:\/\/blogopara.com.br\/index.php\/wp-json\/wp\/v2\/comments?post=22662"}],"version-history":[{"count":2,"href":"https:\/\/blogopara.com.br\/index.php\/wp-json\/wp\/v2\/posts\/22662\/revisions"}],"predecessor-version":[{"id":22682,"href":"https:\/\/blogopara.com.br\/index.php\/wp-json\/wp\/v2\/posts\/22662\/revisions\/22682"}],"wp:featuredmedia":[{"embeddable":true,"href":"https:\/\/blogopara.com.br\/index.php\/wp-json\/wp\/v2\/media\/22668"}],"wp:attachment":[{"href":"https:\/\/blogopara.com.br\/index.php\/wp-json\/wp\/v2\/media?parent=22662"}],"wp:term":[{"taxonomy":"category","embeddable":true,"href":"https:\/\/blogopara.com.br\/index.php\/wp-json\/wp\/v2\/categories?post=22662"},{"taxonomy":"post_tag","embeddable":true,"href":"https:\/\/blogopara.com.br\/index.php\/wp-json\/wp\/v2\/tags?post=22662"}],"curies":[{"name":"wp","href":"https:\/\/api.w.org\/{rel}","templated":true}]}}