{"id":22673,"date":"2021-04-30T19:35:00","date_gmt":"2021-04-30T22:35:00","guid":{"rendered":"https:\/\/blogopara.com.br\/?p=22673"},"modified":"2021-04-30T18:11:45","modified_gmt":"2021-04-30T21:11:45","slug":"urgente-witzel-sofre-impeachment-e-perde-cargo-de-governador-do-rj","status":"publish","type":"post","link":"https:\/\/blogopara.com.br\/index.php\/2021\/04\/30\/urgente-witzel-sofre-impeachment-e-perde-cargo-de-governador-do-rj","title":{"rendered":"URGENTE: Witzel sofre impeachment e perde cargo de governador do RJ"},"content":{"rendered":"<p style=\"font-weight: 400; text-align: justify;\">Na tarde desta sexta-feira (30), os membros do Tribunal Especial Misto aprovou o impeachment de Wilson Witzel e ele perdeu definitivamente o cargo de governador do Rio de Janeiro (RJ).<\/p>\n<p style=\"font-weight: 400; text-align: justify;\">Witzel foi condenado pelo crime de responsabilidade e ficar\u00e1 impossibilitado de exercer fun\u00e7\u00e3o p\u00fablica por at\u00e9 5 anos.<\/p>\n<p style=\"font-weight: 400; text-align: justify;\">Segundo o relator do processo, Witzel foi diretamente respons\u00e1vel por cometer um ato de of\u00edcio que configura crime de responsabilidade na requalifica\u00e7\u00e3o da OS (Organiza\u00e7\u00e3o Social) Unir Sa\u00fade, contrariando pareceres t\u00e9cnicos do governo. J\u00e1 em rela\u00e7\u00e3o \u00e0 contrata\u00e7\u00e3o da OS Iabas para a constru\u00e7\u00e3o e opera\u00e7\u00e3o de sete hospitais de campanha durante a pandemia, apontou que Witzel comandou direta ou indiretamente o processo. Somente um dos hospitais, o do Maracan\u00e3, chegou a funcionar.<\/p>\n<p style=\"font-weight: 400; text-align: justify;\">Fonte: Voc\u00ea em Foco<\/p>\n","protected":false},"excerpt":{"rendered":"<p>Na tarde desta sexta-feira (30), os membros do Tribunal Especial Misto aprovou o impeachment de Wilson Witzel e ele perdeu definitivamente o cargo de governador do Rio de Janeiro (RJ). Witzel foi condenado pelo crime de responsabilidade e ficar\u00e1 impossibilitado de exercer fun\u00e7\u00e3o p\u00fablica por at\u00e9 5 anos. Segundo o relator do processo, Witzel foi [&hellip;]<\/p>\n","protected":false},"author":1,"featured_media":22674,"comment_status":"closed","ping_status":"open","sticky":false,"template":"","format":"standard","meta":{"_uag_custom_page_level_css":"","_monsterinsights_skip_tracking":false,"_monsterinsights_sitenote_active":false,"_monsterinsights_sitenote_note":"","_monsterinsights_sitenote_category":0,"jetpack_post_was_ever_published":false,"_jetpack_newsletter_access":"","_jetpack_dont_email_post_to_subs":false,"_jetpack_newsletter_tier_id":0,"_jetpack_memberships_contains_paywalled_content":false,"_jetpack_memberships_contains_paid_content":false,"footnotes":"","jetpack_publicize_message":"","jetpack_publicize_feature_enabled":true,"jetpack_social_post_already_shared":true,"jetpack_social_options":{"image_generator_settings":{"template":"highway","default_image_id":0,"font":"","enabled":false},"version":2}},"categories":[197],"tags":[839,626,2715],"class_list":["post-22673","post","type-post","status-publish","format-standard","has-post-thumbnail","hentry","category-politica","tag-impeachment","tag-rio-de-janeiro","tag-witzel"],"jetpack_publicize_connections":[],"jetpack_featured_media_url":"https:\/\/blogopara.com.br\/wp-content\/uploads\/2021\/04\/WhatsApp-Image-2021-04-30-at-17.48.17.jpeg","uagb_featured_image_src":{"full":["https:\/\/blogopara.com.br\/wp-content\/uploads\/2021\/04\/WhatsApp-Image-2021-04-30-at-17.48.17.jpeg",500,329,false],"thumbnail":["https:\/\/blogopara.com.br\/wp-content\/uploads\/2021\/04\/WhatsApp-Image-2021-04-30-at-17.48.17-150x150.jpeg",150,150,true],"medium":["https:\/\/blogopara.com.br\/wp-content\/uploads\/2021\/04\/WhatsApp-Image-2021-04-30-at-17.48.17-300x197.jpeg",300,197,true],"medium_large":["https:\/\/blogopara.com.br\/wp-content\/uploads\/2021\/04\/WhatsApp-Image-2021-04-30-at-17.48.17.jpeg",500,329,false],"large":["https:\/\/blogopara.com.br\/wp-content\/uploads\/2021\/04\/WhatsApp-Image-2021-04-30-at-17.48.17.jpeg",500,329,false],"1536x1536":["https:\/\/blogopara.com.br\/wp-content\/uploads\/2021\/04\/WhatsApp-Image-2021-04-30-at-17.48.17.jpeg",500,329,false],"2048x2048":["https:\/\/blogopara.com.br\/wp-content\/uploads\/2021\/04\/WhatsApp-Image-2021-04-30-at-17.48.17.jpeg",500,329,false],"mantranews-slider-large":["https:\/\/blogopara.com.br\/wp-content\/uploads\/2021\/04\/WhatsApp-Image-2021-04-30-at-17.48.17.jpeg",500,329,false],"mantranews-featured-medium":["https:\/\/blogopara.com.br\/wp-content\/uploads\/2021\/04\/WhatsApp-Image-2021-04-30-at-17.48.17-420x307.jpeg",420,307,true],"mantranews-featured-long":["https:\/\/blogopara.com.br\/wp-content\/uploads\/2021\/04\/WhatsApp-Image-2021-04-30-at-17.48.17-300x329.jpeg",300,329,true],"mantranews-block-medium":["https:\/\/blogopara.com.br\/wp-content\/uploads\/2021\/04\/WhatsApp-Image-2021-04-30-at-17.48.17-464x290.jpeg",464,290,true],"mantranews-carousel-image":["https:\/\/blogopara.com.br\/wp-content\/uploads\/2021\/04\/WhatsApp-Image-2021-04-30-at-17.48.17.jpeg",500,329,false],"mantranews-block-thumb":["https:\/\/blogopara.com.br\/wp-content\/uploads\/2021\/04\/WhatsApp-Image-2021-04-30-at-17.48.17-322x230.jpeg",322,230,true],"mantranews-single-large":["https:\/\/blogopara.com.br\/wp-content\/uploads\/2021\/04\/WhatsApp-Image-2021-04-30-at-17.48.17.jpeg",500,329,false]},"uagb_author_info":{"display_name":"Reda\u00e7\u00e3o geral","author_link":"https:\/\/blogopara.com.br\/index.php\/author\/blogopara"},"uagb_comment_info":0,"uagb_excerpt":"Na tarde desta sexta-feira (30), os membros do Tribunal Especial Misto aprovou o impeachment de Wilson Witzel e ele perdeu definitivamente o cargo de governador do Rio de Janeiro (RJ). Witzel foi condenado pelo crime de responsabilidade e ficar\u00e1 impossibilitado de exercer fun\u00e7\u00e3o p\u00fablica por at\u00e9 5 anos. Segundo o relator do processo, Witzel foi&hellip;","jetpack_sharing_enabled":true,"jetpack_likes_enabled":true,"_links":{"self":[{"href":"https:\/\/blogopara.com.br\/index.php\/wp-json\/wp\/v2\/posts\/22673","targetHints":{"allow":["GET"]}}],"collection":[{"href":"https:\/\/blogopara.com.br\/index.php\/wp-json\/wp\/v2\/posts"}],"about":[{"href":"https:\/\/blogopara.com.br\/index.php\/wp-json\/wp\/v2\/types\/post"}],"author":[{"embeddable":true,"href":"https:\/\/blogopara.com.br\/index.php\/wp-json\/wp\/v2\/users\/1"}],"replies":[{"embeddable":true,"href":"https:\/\/blogopara.com.br\/index.php\/wp-json\/wp\/v2\/comments?post=22673"}],"version-history":[{"count":1,"href":"https:\/\/blogopara.com.br\/index.php\/wp-json\/wp\/v2\/posts\/22673\/revisions"}],"predecessor-version":[{"id":22675,"href":"https:\/\/blogopara.com.br\/index.php\/wp-json\/wp\/v2\/posts\/22673\/revisions\/22675"}],"wp:featuredmedia":[{"embeddable":true,"href":"https:\/\/blogopara.com.br\/index.php\/wp-json\/wp\/v2\/media\/22674"}],"wp:attachment":[{"href":"https:\/\/blogopara.com.br\/index.php\/wp-json\/wp\/v2\/media?parent=22673"}],"wp:term":[{"taxonomy":"category","embeddable":true,"href":"https:\/\/blogopara.com.br\/index.php\/wp-json\/wp\/v2\/categories?post=22673"},{"taxonomy":"post_tag","embeddable":true,"href":"https:\/\/blogopara.com.br\/index.php\/wp-json\/wp\/v2\/tags?post=22673"}],"curies":[{"name":"wp","href":"https:\/\/api.w.org\/{rel}","templated":true}]}}