{"id":2269,"date":"2019-08-07T08:51:00","date_gmt":"2019-08-07T11:51:00","guid":{"rendered":"http:\/\/blogopara.com.br\/?p=2269"},"modified":"2019-08-07T11:42:02","modified_gmt":"2019-08-07T14:42:02","slug":"vereador-alex-tanuri-de-denunciante-a-cumplice","status":"publish","type":"post","link":"https:\/\/blogopara.com.br\/index.php\/2019\/08\/07\/vereador-alex-tanuri-de-denunciante-a-cumplice","title":{"rendered":"VEREADOR ALEX TANURI: DE DENUNCIANTE A C\u00daMPLICE"},"content":{"rendered":"<p style=\"text-align: justify;\">Em uma das suas p\u00e9rolas, o vereador Alex Tanuri disse em 2013 que depois dos quarenta anos aprendeu a ficar calado. Pelo que tudo indica era mera ret\u00f3rica de quem almejava algo mais aderindo ao grupo ou a \u201cquadrilha\u201d (defini\u00e7\u00e3o dada pelo vereador) do ex-prefeito Isaac Carvalho.<\/p>\n<p style=\"text-align: justify;\">Ao longo do primeiro e segundo mandato, o vereador n\u00e3o poupou adjetivos ao ex-prefeito Isaac Carvalho e ao PT: ladr\u00e3o, bandido, corrupto, fraudador e desonesto, foram os termos mais suaves.<\/p>\n<p style=\"text-align: justify;\">E fez men\u00e7\u00e3o tamb\u00e9m a subservi\u00eancia da C\u00e2mara: \u201cEu quero dizer ao prefeito que ele respeite a popula\u00e7\u00e3o. A C\u00e2mara ele n\u00e3o respeita, mas se n\u00e3o quer respeitar o Legislativo, respeite pelo menos a popula\u00e7\u00e3o\u201d, \u201cA popula\u00e7\u00e3o tem o atual legislativo como o pior dos \u00faltimos tempos por culpa do prefeito Isaac Carvalho\u201d. Parece que a C\u00e2mara n\u00e3o mudou, mas o vereador Alex mudou, preferiu o sil\u00eancio obsequioso e subserviente.<\/p>\n<p style=\"text-align: justify;\">Por fim, em 2 de junho de 2010, foi pulicado no blog de Carlos Britto uma afirma\u00e7\u00e3o do vereador Alex Tanuri quando afirmou que Isaac Carvalho \u201cera l\u00edder de quadrilha\u201d e que existia uma quadrilha dentro da prefeitura. &#8220;Est\u00e3o dizendo que a prefeitura mudou de nome para prefeitura municipal da Juagro, temos que investigar isso\u201d<em>. <\/em><\/p>\n<p style=\"text-align: justify;\">Ora, se o vereador aderiu a essa quadrilha, defendendo veementemente com discursos inflamados, ele passa a ser c\u00famplice, respondendo pelas mesmas irregularidades, e o pior, na condi\u00e7\u00e3o de chefe do Legislativo municipal que tem o dever constitucional de fiscalizar o Executivo.<\/p>\n","protected":false},"excerpt":{"rendered":"<p>\u201cO todo poderoso est\u00e1 fechando empresas e alocando na prefeitura. Existe uma quadrilha dentro dessa prefeitura e ele \u00e9 o l\u00edder<\/p>\n","protected":false},"author":1,"featured_media":2270,"comment_status":"open","ping_status":"open","sticky":false,"template":"","format":"standard","meta":{"_uag_custom_page_level_css":"","_monsterinsights_skip_tracking":false,"_monsterinsights_sitenote_active":false,"_monsterinsights_sitenote_note":"","_monsterinsights_sitenote_category":0,"jetpack_post_was_ever_published":false,"_jetpack_newsletter_access":"","_jetpack_dont_email_post_to_subs":false,"_jetpack_newsletter_tier_id":0,"_jetpack_memberships_contains_paywalled_content":false,"_jetpack_memberships_contains_paid_content":false,"footnotes":"","jetpack_publicize_message":"","jetpack_publicize_feature_enabled":true,"jetpack_social_post_already_shared":true,"jetpack_social_options":{"image_generator_settings":{"template":"highway","default_image_id":0,"font":"","enabled":false},"version":2}},"categories":[203],"tags":[155,37,15,141,52],"class_list":["post-2269","post","type-post","status-publish","format-standard","has-post-thumbnail","hentry","category-juazeiro","tag-alex-tanuri","tag-isaac-carvalho","tag-paulo-bomfim","tag-pc-do-b","tag-pt"],"jetpack_publicize_connections":[],"jetpack_featured_media_url":"https:\/\/blogopara.com.br\/wp-content\/uploads\/2019\/08\/alex-tan.jpg","uagb_featured_image_src":{"full":["https:\/\/blogopara.com.br\/wp-content\/uploads\/2019\/08\/alex-tan.jpg",1280,853,false],"thumbnail":["https:\/\/blogopara.com.br\/wp-content\/uploads\/2019\/08\/alex-tan-150x150.jpg",150,150,true],"medium":["https:\/\/blogopara.com.br\/wp-content\/uploads\/2019\/08\/alex-tan-300x200.jpg",300,200,true],"medium_large":["https:\/\/blogopara.com.br\/wp-content\/uploads\/2019\/08\/alex-tan-768x512.jpg",640,427,true],"large":["https:\/\/blogopara.com.br\/wp-content\/uploads\/2019\/08\/alex-tan-1024x682.jpg",640,426,true],"1536x1536":["https:\/\/blogopara.com.br\/wp-content\/uploads\/2019\/08\/alex-tan.jpg",1280,853,false],"2048x2048":["https:\/\/blogopara.com.br\/wp-content\/uploads\/2019\/08\/alex-tan.jpg",1280,853,false],"mantranews-slider-large":["https:\/\/blogopara.com.br\/wp-content\/uploads\/2019\/08\/alex-tan.jpg",1020,680,false],"mantranews-featured-medium":["https:\/\/blogopara.com.br\/wp-content\/uploads\/2019\/08\/alex-tan.jpg",420,280,false],"mantranews-featured-long":["https:\/\/blogopara.com.br\/wp-content\/uploads\/2019\/08\/alex-tan.jpg",300,200,false],"mantranews-block-medium":["https:\/\/blogopara.com.br\/wp-content\/uploads\/2019\/08\/alex-tan.jpg",435,290,false],"mantranews-carousel-image":["https:\/\/blogopara.com.br\/wp-content\/uploads\/2019\/08\/alex-tan.jpg",600,400,false],"mantranews-block-thumb":["https:\/\/blogopara.com.br\/wp-content\/uploads\/2019\/08\/alex-tan.jpg",322,215,false],"mantranews-single-large":["https:\/\/blogopara.com.br\/wp-content\/uploads\/2019\/08\/alex-tan.jpg",963,642,false]},"uagb_author_info":{"display_name":"Reda\u00e7\u00e3o geral","author_link":"https:\/\/blogopara.com.br\/index.php\/author\/blogopara"},"uagb_comment_info":0,"uagb_excerpt":"\u201cO todo poderoso est\u00e1 fechando empresas e alocando na prefeitura. Existe uma quadrilha dentro dessa prefeitura e ele \u00e9 o l\u00edder","jetpack_sharing_enabled":true,"jetpack_likes_enabled":true,"_links":{"self":[{"href":"https:\/\/blogopara.com.br\/index.php\/wp-json\/wp\/v2\/posts\/2269","targetHints":{"allow":["GET"]}}],"collection":[{"href":"https:\/\/blogopara.com.br\/index.php\/wp-json\/wp\/v2\/posts"}],"about":[{"href":"https:\/\/blogopara.com.br\/index.php\/wp-json\/wp\/v2\/types\/post"}],"author":[{"embeddable":true,"href":"https:\/\/blogopara.com.br\/index.php\/wp-json\/wp\/v2\/users\/1"}],"replies":[{"embeddable":true,"href":"https:\/\/blogopara.com.br\/index.php\/wp-json\/wp\/v2\/comments?post=2269"}],"version-history":[{"count":6,"href":"https:\/\/blogopara.com.br\/index.php\/wp-json\/wp\/v2\/posts\/2269\/revisions"}],"predecessor-version":[{"id":2282,"href":"https:\/\/blogopara.com.br\/index.php\/wp-json\/wp\/v2\/posts\/2269\/revisions\/2282"}],"wp:featuredmedia":[{"embeddable":true,"href":"https:\/\/blogopara.com.br\/index.php\/wp-json\/wp\/v2\/media\/2270"}],"wp:attachment":[{"href":"https:\/\/blogopara.com.br\/index.php\/wp-json\/wp\/v2\/media?parent=2269"}],"wp:term":[{"taxonomy":"category","embeddable":true,"href":"https:\/\/blogopara.com.br\/index.php\/wp-json\/wp\/v2\/categories?post=2269"},{"taxonomy":"post_tag","embeddable":true,"href":"https:\/\/blogopara.com.br\/index.php\/wp-json\/wp\/v2\/tags?post=2269"}],"curies":[{"name":"wp","href":"https:\/\/api.w.org\/{rel}","templated":true}]}}