{"id":22726,"date":"2021-05-03T17:00:00","date_gmt":"2021-05-03T20:00:00","guid":{"rendered":"https:\/\/blogopara.com.br\/?p=22726"},"modified":"2021-05-02T11:08:52","modified_gmt":"2021-05-02T14:08:52","slug":"revitalizacao-prefeitura-de-juazeiro-firma-parceria-com-permissionarios-do-mercado-arnaldo-vieira-para-resolver-problemas-antigos-do-local","status":"publish","type":"post","link":"https:\/\/blogopara.com.br\/index.php\/2021\/05\/03\/revitalizacao-prefeitura-de-juazeiro-firma-parceria-com-permissionarios-do-mercado-arnaldo-vieira-para-resolver-problemas-antigos-do-local","title":{"rendered":"Revitaliza\u00e7\u00e3o: Prefeitura de Juazeiro firma parceria com permission\u00e1rios do Mercado Arnaldo Vieira para resolver problemas antigos do local"},"content":{"rendered":"<p dir=\"ltr\" style=\"text-align: justify;\">A Prefeitura de Juazeiro firmou uma parceria com os permission\u00e1rios do Mercado Arnaldo Vieira, no bairro Alto da Maravilha, para revitalizar e melhorar a estrutura do tradicional entreposto. O objetivo, al\u00e9m de promover boas condi\u00e7\u00f5es de trabalho, visa\u00a0 oferecer condi\u00e7\u00f5es sanit\u00e1rias para comercializa\u00e7\u00e3o de carnes e outros produtos no espa\u00e7o.<\/p>\n<p dir=\"ltr\" style=\"text-align: justify;\">Para tratar do assunto, na sexta-feira (30) a prefeita Suzana Ramos recebeu representantes dos permission\u00e1rios. Durante o encontro, que aconteceu no Pa\u00e7o Municipal e foi organizado pelo superintendente de Feiras e Mercados, Z\u00e9 Carlos Medeiros, a prefeita Suzana refor\u00e7ou o compromisso da sua gest\u00e3o com o setor e ouviu os permission\u00e1rios presentes, que expressaram gratid\u00e3o pela proposta da prefeitura, atrav\u00e9s da Autarquia Municipal de Abastecimento (AMA).<\/p>\n<p dir=\"ltr\" style=\"text-align: justify;\">\u201cA situa\u00e7\u00e3o do Mercado Arnaldo Vieira \u00e9 degradante e preocupante. Al\u00e9m dos pr\u00f3prios permission\u00e1rios, todos os consumidores, diretos e indiretos, acabam sendo prejudicados e submetidos a essa situa\u00e7\u00e3o, em virtude do iminente risco \u00e0 sa\u00fade p\u00fablica que pode ser ocasionado pela contamina\u00e7\u00e3o dos produtos ali comercializados. Firmamos essa parceria com os permission\u00e1rios e vamos, juntos, resolver problemas de d\u00e9cadas nesse tradicional mercado da cidade\u201d, destacou Suzana Ramos.<\/p>\n<p dir=\"ltr\" style=\"text-align: justify;\">Os permission\u00e1rios ficar\u00e3o no local at\u00e9 o dia 15 de maio, quando ser\u00e3o iniciadas as melhorias no espa\u00e7o e eles passar\u00e3o a comercializar seus produtos na Feira Livre, que fica ao lado, at\u00e9 que os mais de 60 boxes estejam prontos. A reforma ser\u00e1 feita pelos pr\u00f3prios permission\u00e1rios e a prefeitura vai dar suporte atrav\u00e9s da Secretaria de Obras e Desenvolvimento Urbano (SEDUR), Secretaria de Meio Ambiente e Ordenamento Urbano (Semaurb) e Servi\u00e7o de \u00c1gua e Saneamento Ambiental (SAAE), al\u00e9m da pr\u00f3pria Autarquia Municipal de Abastecimento (AMA), que est\u00e1 alinhando tudo.<\/p>\n<p dir=\"ltr\" style=\"text-align: justify;\">Agradecimento<\/p>\n<p dir=\"ltr\" style=\"text-align: justify;\">Dona Maria dos Anjos Alencar, de 67 anos, \u00e9 comerciante no mercado e fala com gratid\u00e3o da iniciativa da gest\u00e3o municipal. \u201cEu sempre pedi a Deus melhorias, pelo meu trabalho e pelos meus clientes, com um ambiente aconchegante, que eu pudesse receb\u00ea-los. Somos guerreiros e agora temos uma equipe maravilhosa que vai nos ajudar. As expectativas s\u00e3o as melhores\u201d, declarou.<\/p>\n<p dir=\"ltr\" style=\"text-align: justify;\">Outra permission\u00e1ria, Maria Edilene dos Santos expressou sentimento de alegria pela preocupa\u00e7\u00e3o da prefeitura. \u201cEu tenho muitos anos de feira e ningu\u00e9m nunca se preocupou com a gente. Estamos muito felizes com essa equipe maravilhosa liderada pela prefeita Suzana Ramos, e n\u00f3s queremos dar uma expectativa boa para os nossos clientes. Onde n\u00f3s estamos hoje n\u00e3o \u00e9 adequado para receber nossos clientes, pois o local \u00e9 sujo, piso n\u00e3o tem, port\u00f5es acabados. S\u00e3o muitos anos trabalhando desse jeito\u201d, explicou emocionada.<\/p>\n<p dir=\"ltr\" style=\"text-align: justify;\">Dignidade<\/p>\n<p dir=\"ltr\" style=\"text-align: justify;\">O superintendente de Feiras e Mercados de Juazeiro, Z\u00e9 Carlos Medeiros, classificou como \u201cinaceit\u00e1veis\u201d as condi\u00e7\u00f5es atuais do mercado e ressaltou que essa parceria com os permission\u00e1rios ser\u00e1 fundamental. \u201cEssa decis\u00e3o de melhorar as condi\u00e7\u00f5es do mercado foi tomada em comum acordo com os permission\u00e1rios, que j\u00e1 n\u00e3o aguentavam mais a situa\u00e7\u00e3o de abandono do espa\u00e7o. N\u00e3o podemos desrespeitar essas pessoas, precisamos dar dignidade a elas, pois a situa\u00e7\u00e3o sanit\u00e1ria insalubre e degradante faz com que o com\u00e9rcio seja realizado de forma improvisada. Com o apoio da prefeitura, a nossa expectativa \u00e9 de que eles estejam de volta j\u00e1 na segunda quinzena de junho\u201d, afirmou Medeiros.<\/p>\n<p style=\"text-align: justify;\">\n","protected":false},"excerpt":{"rendered":"<p>A Prefeitura de Juazeiro firmou uma parceria com os permission\u00e1rios do Mercado Arnaldo Vieira, no bairro Alto da Maravilha, para revitalizar e melhorar a estrutura do tradicional entreposto. O objetivo, al\u00e9m de promover boas condi\u00e7\u00f5es de trabalho, visa\u00a0 oferecer condi\u00e7\u00f5es sanit\u00e1rias para comercializa\u00e7\u00e3o de carnes e outros produtos no espa\u00e7o. Para tratar do assunto, na [&hellip;]<\/p>\n","protected":false},"author":1,"featured_media":22727,"comment_status":"open","ping_status":"open","sticky":false,"template":"","format":"standard","meta":{"_uag_custom_page_level_css":"","_monsterinsights_skip_tracking":false,"_monsterinsights_sitenote_active":false,"_monsterinsights_sitenote_note":"","_monsterinsights_sitenote_category":0,"jetpack_post_was_ever_published":false,"_jetpack_newsletter_access":"","_jetpack_dont_email_post_to_subs":false,"_jetpack_newsletter_tier_id":0,"_jetpack_memberships_contains_paywalled_content":false,"_jetpack_memberships_contains_paid_content":false,"footnotes":"","jetpack_publicize_message":"","jetpack_publicize_feature_enabled":true,"jetpack_social_post_already_shared":true,"jetpack_social_options":{"image_generator_settings":{"template":"highway","default_image_id":0,"font":"","enabled":false},"version":2}},"categories":[197],"tags":[225,678,1693],"class_list":["post-22726","post","type-post","status-publish","format-standard","has-post-thumbnail","hentry","category-politica","tag-mercado-joca-de-souza","tag-permissionarios","tag-revitalizacao"],"jetpack_publicize_connections":[],"jetpack_featured_media_url":"https:\/\/blogopara.com.br\/wp-content\/uploads\/2021\/05\/thumbnail_Reuniao-permissionarios-2.jpg","uagb_featured_image_src":{"full":["https:\/\/blogopara.com.br\/wp-content\/uploads\/2021\/05\/thumbnail_Reuniao-permissionarios-2.jpg",500,333,false],"thumbnail":["https:\/\/blogopara.com.br\/wp-content\/uploads\/2021\/05\/thumbnail_Reuniao-permissionarios-2-150x150.jpg",150,150,true],"medium":["https:\/\/blogopara.com.br\/wp-content\/uploads\/2021\/05\/thumbnail_Reuniao-permissionarios-2-300x200.jpg",300,200,true],"medium_large":["https:\/\/blogopara.com.br\/wp-content\/uploads\/2021\/05\/thumbnail_Reuniao-permissionarios-2.jpg",500,333,false],"large":["https:\/\/blogopara.com.br\/wp-content\/uploads\/2021\/05\/thumbnail_Reuniao-permissionarios-2.jpg",500,333,false],"1536x1536":["https:\/\/blogopara.com.br\/wp-content\/uploads\/2021\/05\/thumbnail_Reuniao-permissionarios-2.jpg",500,333,false],"2048x2048":["https:\/\/blogopara.com.br\/wp-content\/uploads\/2021\/05\/thumbnail_Reuniao-permissionarios-2.jpg",500,333,false],"mantranews-slider-large":["https:\/\/blogopara.com.br\/wp-content\/uploads\/2021\/05\/thumbnail_Reuniao-permissionarios-2.jpg",500,333,false],"mantranews-featured-medium":["https:\/\/blogopara.com.br\/wp-content\/uploads\/2021\/05\/thumbnail_Reuniao-permissionarios-2-420x307.jpg",420,307,true],"mantranews-featured-long":["https:\/\/blogopara.com.br\/wp-content\/uploads\/2021\/05\/thumbnail_Reuniao-permissionarios-2-300x333.jpg",300,333,true],"mantranews-block-medium":["https:\/\/blogopara.com.br\/wp-content\/uploads\/2021\/05\/thumbnail_Reuniao-permissionarios-2-464x290.jpg",464,290,true],"mantranews-carousel-image":["https:\/\/blogopara.com.br\/wp-content\/uploads\/2021\/05\/thumbnail_Reuniao-permissionarios-2.jpg",500,333,false],"mantranews-block-thumb":["https:\/\/blogopara.com.br\/wp-content\/uploads\/2021\/05\/thumbnail_Reuniao-permissionarios-2-322x230.jpg",322,230,true],"mantranews-single-large":["https:\/\/blogopara.com.br\/wp-content\/uploads\/2021\/05\/thumbnail_Reuniao-permissionarios-2.jpg",500,333,false]},"uagb_author_info":{"display_name":"Reda\u00e7\u00e3o geral","author_link":"https:\/\/blogopara.com.br\/index.php\/author\/blogopara"},"uagb_comment_info":0,"uagb_excerpt":"A Prefeitura de Juazeiro firmou uma parceria com os permission\u00e1rios do Mercado Arnaldo Vieira, no bairro Alto da Maravilha, para revitalizar e melhorar a estrutura do tradicional entreposto. O objetivo, al\u00e9m de promover boas condi\u00e7\u00f5es de trabalho, visa\u00a0 oferecer condi\u00e7\u00f5es sanit\u00e1rias para comercializa\u00e7\u00e3o de carnes e outros produtos no espa\u00e7o. Para tratar do assunto, na&hellip;","jetpack_sharing_enabled":true,"jetpack_likes_enabled":true,"_links":{"self":[{"href":"https:\/\/blogopara.com.br\/index.php\/wp-json\/wp\/v2\/posts\/22726","targetHints":{"allow":["GET"]}}],"collection":[{"href":"https:\/\/blogopara.com.br\/index.php\/wp-json\/wp\/v2\/posts"}],"about":[{"href":"https:\/\/blogopara.com.br\/index.php\/wp-json\/wp\/v2\/types\/post"}],"author":[{"embeddable":true,"href":"https:\/\/blogopara.com.br\/index.php\/wp-json\/wp\/v2\/users\/1"}],"replies":[{"embeddable":true,"href":"https:\/\/blogopara.com.br\/index.php\/wp-json\/wp\/v2\/comments?post=22726"}],"version-history":[{"count":1,"href":"https:\/\/blogopara.com.br\/index.php\/wp-json\/wp\/v2\/posts\/22726\/revisions"}],"predecessor-version":[{"id":22728,"href":"https:\/\/blogopara.com.br\/index.php\/wp-json\/wp\/v2\/posts\/22726\/revisions\/22728"}],"wp:featuredmedia":[{"embeddable":true,"href":"https:\/\/blogopara.com.br\/index.php\/wp-json\/wp\/v2\/media\/22727"}],"wp:attachment":[{"href":"https:\/\/blogopara.com.br\/index.php\/wp-json\/wp\/v2\/media?parent=22726"}],"wp:term":[{"taxonomy":"category","embeddable":true,"href":"https:\/\/blogopara.com.br\/index.php\/wp-json\/wp\/v2\/categories?post=22726"},{"taxonomy":"post_tag","embeddable":true,"href":"https:\/\/blogopara.com.br\/index.php\/wp-json\/wp\/v2\/tags?post=22726"}],"curies":[{"name":"wp","href":"https:\/\/api.w.org\/{rel}","templated":true}]}}