{"id":22766,"date":"2021-05-04T09:45:00","date_gmt":"2021-05-04T12:45:00","guid":{"rendered":"https:\/\/blogopara.com.br\/?p=22766"},"modified":"2021-05-03T21:18:07","modified_gmt":"2021-05-04T00:18:07","slug":"ministerio-da-saude-diz-que-as-cidades-do-interior-da-bahia-nao-irao-receber-as-vacinas-da-pfizer","status":"publish","type":"post","link":"https:\/\/blogopara.com.br\/index.php\/2021\/05\/04\/ministerio-da-saude-diz-que-as-cidades-do-interior-da-bahia-nao-irao-receber-as-vacinas-da-pfizer","title":{"rendered":"Minist\u00e9rio da Sa\u00fade diz que as cidades do interior da Bahia n\u00e3o ir\u00e3o receber as vacinas da Pfizer"},"content":{"rendered":"<p style=\"text-align: justify;\"><span style=\"font-size: inherit;\">A Bahia ir\u00e1 receber 431.910 doses da vacina contra a Covid-19 na segunda-feira (3). A informa\u00e7\u00e3o foi divulgada pela Secretaria Estadual de Sa\u00fade (Sesab) neste domingo (2).<\/span><\/p>\n<div class=\"wall protected-content\" style=\"text-align: justify;\">\n<div class=\"mc-column content-text active-extra-styles \" data-block-type=\"unstyled\" data-block-weight=\"20\" data-block-id=\"4\">\n<p class=\"content-text__container \" data-track-category=\"Link no Texto\" data-track-links=\"\">De acordo com a Sesab, ser\u00e3o 405 mil doses da AstraZeneca, da Funda\u00e7\u00e3o Oswaldo Cruz (Fiocruz), e 26.910 da Pfizer\/BioNTech.<\/p>\n<\/div>\n<div class=\"mc-column content-text active-extra-styles \" data-block-type=\"unstyled\" data-block-weight=\"43\" data-block-id=\"5\">\n<p class=\"content-text__container \" data-track-category=\"Link no Texto\" data-track-links=\"\">A Sesab ainda informou que o secret\u00e1rio da Sa\u00fade do Estado, F\u00e1bio Vilas-Boas, estar\u00e1 presente no Grupamento A\u00e9reo da Pol\u00edcia Militar da Bahia (Graer), para recep\u00e7\u00e3o e confer\u00eancia do primeiro carregamento de vacinas da Pfizer, que ser\u00e1 entregue ao munic\u00edpio de Salvador.<\/p>\n<\/div>\n<div class=\"mc-column content-text active-extra-styles \" data-block-type=\"unstyled\" data-block-weight=\"31\" data-block-id=\"6\">\n<p class=\"content-text__container \" data-track-category=\"Link no Texto\" data-track-links=\"\">As doses da Pfizer possuem uma log\u00edstica diferenciada em rela\u00e7\u00e3o aos demais imunobiol\u00f3gicos entregues pelo Minist\u00e9rio da Sa\u00fade, em virtude da necessidade de serem armazenada em temperaturas de at\u00e9 \u2013 70\u00b0C.<\/p>\n<\/div>\n<div class=\"mc-column content-text active-extra-styles \" data-block-type=\"unstyled\" data-block-weight=\"66\" data-block-id=\"7\">\n<p class=\"content-text__container \" data-track-category=\"Link no Texto\" data-track-links=\"\">Ainda de acordo com a Sesab, as vacinas da Pfizer ser\u00e3o transportadas em uma caixa especial, lacrada, que somente ser\u00e1 aberta no local de armazenamento definitivo na capital baiana. As vacinas chegar\u00e3o em solo baiano em temperaturas que variam de -25\u00b0C a -15\u00b0C, com a validade de 14 dias, por\u00e9m se submetidas a temperaturas de 2\u00b0C a 8\u00b0C, o prazo de utiliza\u00e7\u00e3o cai para cinco dias.<\/p>\n<\/div>\n<div class=\"mc-column content-text active-extra-styles \" data-block-type=\"unstyled\" data-block-weight=\"31\" data-block-id=\"10\">\n<p class=\"content-text__container \" data-track-category=\"Link no Texto\" data-track-links=\"\">De acordo com o\u00a0<a href=\"https:\/\/g1.globo.com\/ba\/bahia\/noticia\/2021\/05\/02\/bahia-tem-2008-novos-casos-de-covid-19-em-24h-boletim-registra-80-obitos-pela-doenca.ghtml\">boletim epidemiol\u00f3gico da Sesab deste domingo<\/a>, 2.404.131 pessoas j\u00e1 foram imunizadas contra a Covid-19 na Bahia, das quais 1.110.381 receberam tamb\u00e9m a segunda dose, at\u00e9 as 16h.<\/p>\n<\/div>\n<div class=\"mc-column content-text active-extra-styles \" data-block-type=\"unstyled\" data-block-weight=\"25\" data-block-id=\"11\">\n<p class=\"content-text__container \" data-track-category=\"Link no Texto\" data-track-links=\"\">A vacina\u00e7\u00e3o contra o novo coronav\u00edrus\u00a0<a href=\"https:\/\/g1.globo.com\/ba\/bahia\/noticia\/2021\/01\/19\/enfermeira-e-a-primeira-pessoa-a-receber-a-vacina-contra-a-covid-19-na-bahia.ghtml\">come\u00e7ou no dia 19 de janeiro na capital baiana<\/a>, ap\u00f3s a chegada da\u00a0<a href=\"https:\/\/g1.globo.com\/ba\/bahia\/noticia\/2021\/01\/18\/aviao-com-primeiras-doses-da-vacina-contra-a-covid-19-chega-na-bahia-imunizacao-deve-comecar-na-terca-feira-19.ghtml\">1\u00aa remessa de vacinas da Coronavac<\/a>.<\/p>\n<\/div>\n<\/div>\n<p style=\"text-align: justify;\">Assim como Salvador, apenas capitais receber\u00e3o a vacina da Pfizer neste primeiro momento. A decis\u00e3o foi tomada porque, segundo o Minist\u00e9rio da Sa\u00fade, cidades do interior n\u00e3o possuem a estrutura adequada para armazenar o imunizante.<\/p>\n<div class=\"addtoany_share_save_container addtoany_content addtoany_content_bottom\" style=\"text-align: justify;\">\u00a0<\/div>\n","protected":false},"excerpt":{"rendered":"<p>A Bahia ir\u00e1 receber 431.910 doses da vacina contra a Covid-19 na segunda-feira (3). A informa\u00e7\u00e3o foi divulgada pela Secretaria Estadual de Sa\u00fade (Sesab) neste domingo (2). De acordo com a Sesab, ser\u00e3o 405 mil doses da AstraZeneca, da Funda\u00e7\u00e3o Oswaldo Cruz (Fiocruz), e 26.910 da Pfizer\/BioNTech. A Sesab ainda informou que o secret\u00e1rio da [&hellip;]<\/p>\n","protected":false},"author":1,"featured_media":22784,"comment_status":"open","ping_status":"open","sticky":false,"template":"","format":"standard","meta":{"_uag_custom_page_level_css":"","_monsterinsights_skip_tracking":false,"_monsterinsights_sitenote_active":false,"_monsterinsights_sitenote_note":"","_monsterinsights_sitenote_category":0,"jetpack_post_was_ever_published":false,"_jetpack_newsletter_access":"","_jetpack_dont_email_post_to_subs":false,"_jetpack_newsletter_tier_id":0,"_jetpack_memberships_contains_paywalled_content":false,"_jetpack_memberships_contains_paid_content":false,"footnotes":"","jetpack_publicize_message":"","jetpack_publicize_feature_enabled":true,"jetpack_social_post_already_shared":true,"jetpack_social_options":{"image_generator_settings":{"template":"highway","default_image_id":0,"font":"","enabled":false},"version":2}},"categories":[199],"tags":[11,1703,2754,2171],"class_list":["post-22766","post","type-post","status-publish","format-standard","has-post-thumbnail","hentry","category-bahia","tag-bahia","tag-ministerio-da-saude","tag-pifzer","tag-vacinas"],"jetpack_publicize_connections":[],"jetpack_featured_media_url":"https:\/\/blogopara.com.br\/wp-content\/uploads\/2021\/05\/chegada-de-vacinas-contra-covid-19-8-1.png","uagb_featured_image_src":{"full":["https:\/\/blogopara.com.br\/wp-content\/uploads\/2021\/05\/chegada-de-vacinas-contra-covid-19-8-1.png",500,313,false],"thumbnail":["https:\/\/blogopara.com.br\/wp-content\/uploads\/2021\/05\/chegada-de-vacinas-contra-covid-19-8-1-150x150.png",150,150,true],"medium":["https:\/\/blogopara.com.br\/wp-content\/uploads\/2021\/05\/chegada-de-vacinas-contra-covid-19-8-1-300x188.png",300,188,true],"medium_large":["https:\/\/blogopara.com.br\/wp-content\/uploads\/2021\/05\/chegada-de-vacinas-contra-covid-19-8-1.png",500,313,false],"large":["https:\/\/blogopara.com.br\/wp-content\/uploads\/2021\/05\/chegada-de-vacinas-contra-covid-19-8-1.png",500,313,false],"1536x1536":["https:\/\/blogopara.com.br\/wp-content\/uploads\/2021\/05\/chegada-de-vacinas-contra-covid-19-8-1.png",500,313,false],"2048x2048":["https:\/\/blogopara.com.br\/wp-content\/uploads\/2021\/05\/chegada-de-vacinas-contra-covid-19-8-1.png",500,313,false],"mantranews-slider-large":["https:\/\/blogopara.com.br\/wp-content\/uploads\/2021\/05\/chegada-de-vacinas-contra-covid-19-8-1.png",500,313,false],"mantranews-featured-medium":["https:\/\/blogopara.com.br\/wp-content\/uploads\/2021\/05\/chegada-de-vacinas-contra-covid-19-8-1-420x307.png",420,307,true],"mantranews-featured-long":["https:\/\/blogopara.com.br\/wp-content\/uploads\/2021\/05\/chegada-de-vacinas-contra-covid-19-8-1-300x313.png",300,313,true],"mantranews-block-medium":["https:\/\/blogopara.com.br\/wp-content\/uploads\/2021\/05\/chegada-de-vacinas-contra-covid-19-8-1-464x290.png",464,290,true],"mantranews-carousel-image":["https:\/\/blogopara.com.br\/wp-content\/uploads\/2021\/05\/chegada-de-vacinas-contra-covid-19-8-1.png",500,313,false],"mantranews-block-thumb":["https:\/\/blogopara.com.br\/wp-content\/uploads\/2021\/05\/chegada-de-vacinas-contra-covid-19-8-1-322x230.png",322,230,true],"mantranews-single-large":["https:\/\/blogopara.com.br\/wp-content\/uploads\/2021\/05\/chegada-de-vacinas-contra-covid-19-8-1.png",500,313,false]},"uagb_author_info":{"display_name":"Reda\u00e7\u00e3o geral","author_link":"https:\/\/blogopara.com.br\/index.php\/author\/blogopara"},"uagb_comment_info":0,"uagb_excerpt":"A Bahia ir\u00e1 receber 431.910 doses da vacina contra a Covid-19 na segunda-feira (3). A informa\u00e7\u00e3o foi divulgada pela Secretaria Estadual de Sa\u00fade (Sesab) neste domingo (2). De acordo com a Sesab, ser\u00e3o 405 mil doses da AstraZeneca, da Funda\u00e7\u00e3o Oswaldo Cruz (Fiocruz), e 26.910 da Pfizer\/BioNTech. A Sesab ainda informou que o secret\u00e1rio da&hellip;","jetpack_sharing_enabled":true,"jetpack_likes_enabled":true,"_links":{"self":[{"href":"https:\/\/blogopara.com.br\/index.php\/wp-json\/wp\/v2\/posts\/22766","targetHints":{"allow":["GET"]}}],"collection":[{"href":"https:\/\/blogopara.com.br\/index.php\/wp-json\/wp\/v2\/posts"}],"about":[{"href":"https:\/\/blogopara.com.br\/index.php\/wp-json\/wp\/v2\/types\/post"}],"author":[{"embeddable":true,"href":"https:\/\/blogopara.com.br\/index.php\/wp-json\/wp\/v2\/users\/1"}],"replies":[{"embeddable":true,"href":"https:\/\/blogopara.com.br\/index.php\/wp-json\/wp\/v2\/comments?post=22766"}],"version-history":[{"count":2,"href":"https:\/\/blogopara.com.br\/index.php\/wp-json\/wp\/v2\/posts\/22766\/revisions"}],"predecessor-version":[{"id":22786,"href":"https:\/\/blogopara.com.br\/index.php\/wp-json\/wp\/v2\/posts\/22766\/revisions\/22786"}],"wp:featuredmedia":[{"embeddable":true,"href":"https:\/\/blogopara.com.br\/index.php\/wp-json\/wp\/v2\/media\/22784"}],"wp:attachment":[{"href":"https:\/\/blogopara.com.br\/index.php\/wp-json\/wp\/v2\/media?parent=22766"}],"wp:term":[{"taxonomy":"category","embeddable":true,"href":"https:\/\/blogopara.com.br\/index.php\/wp-json\/wp\/v2\/categories?post=22766"},{"taxonomy":"post_tag","embeddable":true,"href":"https:\/\/blogopara.com.br\/index.php\/wp-json\/wp\/v2\/tags?post=22766"}],"curies":[{"name":"wp","href":"https:\/\/api.w.org\/{rel}","templated":true}]}}