{"id":22952,"date":"2021-05-08T08:40:00","date_gmt":"2021-05-08T11:40:00","guid":{"rendered":"https:\/\/blogopara.com.br\/?p=22952"},"modified":"2021-05-07T15:29:01","modified_gmt":"2021-05-07T18:29:01","slug":"prefeitura-de-juazeiro-realiza-vacinacao-de-pessoas-com-sindrome-de-down-na-apae","status":"publish","type":"post","link":"https:\/\/blogopara.com.br\/index.php\/2021\/05\/08\/prefeitura-de-juazeiro-realiza-vacinacao-de-pessoas-com-sindrome-de-down-na-apae","title":{"rendered":"Prefeitura de Juazeiro realiza vacina\u00e7\u00e3o de pessoas com s\u00edndrome de Down na APAE"},"content":{"rendered":"<p style=\"font-weight: 400; text-align: justify;\">A Prefeitura de Juazeiro, por meio da Secretaria de Sa\u00fade (SESAU), realizou nesta sexta-feira (07) a vacina\u00e7\u00e3o contra a Covid-19 de pessoas com s\u00edndrome de Down. A aplica\u00e7\u00e3o das doses foi na Associa\u00e7\u00e3o de Pais e Amigos Excepcionais (APAE) do munic\u00edpio. A equipe da SESAU fez um levantamento do p\u00fablico com Down na unidade. As pessoas com s\u00edndrome de Down fazem parte do p\u00fablico-alvo do grupo das comorbidades da Fase 3 do Plano Nacional de Imuniza\u00e7\u00e3o (PNI).<\/p>\n<p style=\"font-weight: 400; text-align: justify;\">Roger Tairone Andrade, de 31 anos, estuda na APAE, e, segundo a m\u00e3e do jovem, Vera Andrade, ele estava ansioso para tomar a vacina. \u201cEle ficou muito feliz quando soube que viria hoje tomar a vacina. Depois que tomei a minha primeira dose, ele ficou sentido e me questionou porque n\u00e3o o levei para tomar a dele tamb\u00e9m. Eu disse que a vez dele iria chegar e chegou, gra\u00e7as a Deus. Agora \u00e9 aguardar a segunda dose\u201d, disse emocionada a m\u00e3e que n\u00e3o v\u00ea a hora do filho e todas as outras pessoas voltarem \u00e0 rotina normal.<\/p>\n<p style=\"font-weight: 400; text-align: justify;\">Ser\u00e3o vacinadas pessoas com Down de 18 a 59 anos. \u201cEles ficam mais confort\u00e1veis aqui na APAE que o ambiente \u00e9 conhecido deles. A gente ficou muito feliz com essa disponibilidade da Secretaria de Sa\u00fade em vir fazer essa vacina\u00e7\u00e3o aqui\u201d, disse a secret\u00e1ria da APAE, Gra\u00e7a Souza.<\/p>\n<p style=\"font-weight: 400; text-align: justify;\">Nesta manh\u00e3 foram vacinadas 22 pessoas com s\u00edndrome de Down. A imuniza\u00e7\u00e3o deste p\u00fablico continua at\u00e9 atingir o p\u00fablico.<\/p>\n<p style=\"font-weight: 400; text-align: justify;\">\n<p style=\"font-weight: 400; text-align: justify;\"><strong>Vacina\u00e7\u00e3o de gestantes e pu\u00e9rperas<\/strong><\/p>\n<p style=\"font-weight: 400; text-align: justify;\">\n<p style=\"font-weight: 400; text-align: justify;\">A SESAU come\u00e7ou a vacinar tamb\u00e9m gestantes e pu\u00e9rperas (mulheres com at\u00e9 45 dias ap\u00f3s o parto), que integram o grupo priorit\u00e1rio. A vacina\u00e7\u00e3o foi iniciada com as mulheres que est\u00e3o no Hospital Materno-Infantil de Juazeiro. Entram na vacina\u00e7\u00e3o deste p\u00fablico gestantes com comorbidades. A aplica\u00e7\u00e3o das doses continua neste s\u00e1bado (08) na unidade.<\/p>\n<p style=\"font-weight: 400; text-align: justify;\">\n<p style=\"font-weight: 400; text-align: justify;\">Ascom- SESAU\/PMJ<\/p>\n<p style=\"text-align: justify;\">\n","protected":false},"excerpt":{"rendered":"<p>A Prefeitura de Juazeiro, por meio da Secretaria de Sa\u00fade (SESAU), realizou nesta sexta-feira (07) a vacina\u00e7\u00e3o contra a Covid-19 de pessoas com s\u00edndrome de Down. A aplica\u00e7\u00e3o das doses foi na Associa\u00e7\u00e3o de Pais e Amigos Excepcionais (APAE) do munic\u00edpio. A equipe da SESAU fez um levantamento do p\u00fablico com Down na unidade. As [&hellip;]<\/p>\n","protected":false},"author":1,"featured_media":22953,"comment_status":"closed","ping_status":"open","sticky":false,"template":"","format":"standard","meta":{"_uag_custom_page_level_css":"","_monsterinsights_skip_tracking":false,"_monsterinsights_sitenote_active":false,"_monsterinsights_sitenote_note":"","_monsterinsights_sitenote_category":0,"jetpack_post_was_ever_published":false,"_jetpack_newsletter_access":"","_jetpack_dont_email_post_to_subs":false,"_jetpack_newsletter_tier_id":0,"_jetpack_memberships_contains_paywalled_content":false,"_jetpack_memberships_contains_paid_content":false,"footnotes":"","jetpack_publicize_message":"","jetpack_publicize_feature_enabled":true,"jetpack_social_post_already_shared":true,"jetpack_social_options":{"image_generator_settings":{"template":"highway","default_image_id":0,"font":"","enabled":false},"version":2}},"categories":[205],"tags":[2830,1622,2829],"class_list":["post-22952","post","type-post","status-publish","format-standard","has-post-thumbnail","hentry","category-saude","tag-apae","tag-juazeiro-bahia","tag-pessoas-com-sindrome-de-down"],"jetpack_publicize_connections":[],"jetpack_featured_media_url":"https:\/\/blogopara.com.br\/wp-content\/uploads\/2021\/05\/vacinacao-apae.jpeg","uagb_featured_image_src":{"full":["https:\/\/blogopara.com.br\/wp-content\/uploads\/2021\/05\/vacinacao-apae.jpeg",500,230,false],"thumbnail":["https:\/\/blogopara.com.br\/wp-content\/uploads\/2021\/05\/vacinacao-apae-150x150.jpeg",150,150,true],"medium":["https:\/\/blogopara.com.br\/wp-content\/uploads\/2021\/05\/vacinacao-apae-300x138.jpeg",300,138,true],"medium_large":["https:\/\/blogopara.com.br\/wp-content\/uploads\/2021\/05\/vacinacao-apae.jpeg",500,230,false],"large":["https:\/\/blogopara.com.br\/wp-content\/uploads\/2021\/05\/vacinacao-apae.jpeg",500,230,false],"1536x1536":["https:\/\/blogopara.com.br\/wp-content\/uploads\/2021\/05\/vacinacao-apae.jpeg",500,230,false],"2048x2048":["https:\/\/blogopara.com.br\/wp-content\/uploads\/2021\/05\/vacinacao-apae.jpeg",500,230,false],"mantranews-slider-large":["https:\/\/blogopara.com.br\/wp-content\/uploads\/2021\/05\/vacinacao-apae.jpeg",500,230,false],"mantranews-featured-medium":["https:\/\/blogopara.com.br\/wp-content\/uploads\/2021\/05\/vacinacao-apae-420x230.jpeg",420,230,true],"mantranews-featured-long":["https:\/\/blogopara.com.br\/wp-content\/uploads\/2021\/05\/vacinacao-apae-300x230.jpeg",300,230,true],"mantranews-block-medium":["https:\/\/blogopara.com.br\/wp-content\/uploads\/2021\/05\/vacinacao-apae-464x230.jpeg",464,230,true],"mantranews-carousel-image":["https:\/\/blogopara.com.br\/wp-content\/uploads\/2021\/05\/vacinacao-apae.jpeg",500,230,false],"mantranews-block-thumb":["https:\/\/blogopara.com.br\/wp-content\/uploads\/2021\/05\/vacinacao-apae-322x230.jpeg",322,230,true],"mantranews-single-large":["https:\/\/blogopara.com.br\/wp-content\/uploads\/2021\/05\/vacinacao-apae.jpeg",500,230,false]},"uagb_author_info":{"display_name":"Reda\u00e7\u00e3o geral","author_link":"https:\/\/blogopara.com.br\/index.php\/author\/blogopara"},"uagb_comment_info":0,"uagb_excerpt":"A Prefeitura de Juazeiro, por meio da Secretaria de Sa\u00fade (SESAU), realizou nesta sexta-feira (07) a vacina\u00e7\u00e3o contra a Covid-19 de pessoas com s\u00edndrome de Down. A aplica\u00e7\u00e3o das doses foi na Associa\u00e7\u00e3o de Pais e Amigos Excepcionais (APAE) do munic\u00edpio. A equipe da SESAU fez um levantamento do p\u00fablico com Down na unidade. As&hellip;","jetpack_sharing_enabled":true,"jetpack_likes_enabled":true,"_links":{"self":[{"href":"https:\/\/blogopara.com.br\/index.php\/wp-json\/wp\/v2\/posts\/22952","targetHints":{"allow":["GET"]}}],"collection":[{"href":"https:\/\/blogopara.com.br\/index.php\/wp-json\/wp\/v2\/posts"}],"about":[{"href":"https:\/\/blogopara.com.br\/index.php\/wp-json\/wp\/v2\/types\/post"}],"author":[{"embeddable":true,"href":"https:\/\/blogopara.com.br\/index.php\/wp-json\/wp\/v2\/users\/1"}],"replies":[{"embeddable":true,"href":"https:\/\/blogopara.com.br\/index.php\/wp-json\/wp\/v2\/comments?post=22952"}],"version-history":[{"count":2,"href":"https:\/\/blogopara.com.br\/index.php\/wp-json\/wp\/v2\/posts\/22952\/revisions"}],"predecessor-version":[{"id":22955,"href":"https:\/\/blogopara.com.br\/index.php\/wp-json\/wp\/v2\/posts\/22952\/revisions\/22955"}],"wp:featuredmedia":[{"embeddable":true,"href":"https:\/\/blogopara.com.br\/index.php\/wp-json\/wp\/v2\/media\/22953"}],"wp:attachment":[{"href":"https:\/\/blogopara.com.br\/index.php\/wp-json\/wp\/v2\/media?parent=22952"}],"wp:term":[{"taxonomy":"category","embeddable":true,"href":"https:\/\/blogopara.com.br\/index.php\/wp-json\/wp\/v2\/categories?post=22952"},{"taxonomy":"post_tag","embeddable":true,"href":"https:\/\/blogopara.com.br\/index.php\/wp-json\/wp\/v2\/tags?post=22952"}],"curies":[{"name":"wp","href":"https:\/\/api.w.org\/{rel}","templated":true}]}}