{"id":23070,"date":"2021-05-11T08:41:00","date_gmt":"2021-05-11T11:41:00","guid":{"rendered":"https:\/\/blogopara.com.br\/?p=23070"},"modified":"2021-05-10T22:08:55","modified_gmt":"2021-05-11T01:08:55","slug":"mp-aciona-comunidades-terapeuticas-de-juazeiro-por-conta-de-irregularidades-como-ausencia-de-alvara-sanitario","status":"publish","type":"post","link":"https:\/\/blogopara.com.br\/index.php\/2021\/05\/11\/mp-aciona-comunidades-terapeuticas-de-juazeiro-por-conta-de-irregularidades-como-ausencia-de-alvara-sanitario","title":{"rendered":"MP aciona comunidades terap\u00eauticas de Juazeiro por conta de irregularidades como aus\u00eancia de alvar\u00e1 sanit\u00e1rio"},"content":{"rendered":"<div class=\"field field-name-body field-type-text-with-summary field-label-hidden\">\n<div class=\"field-items\">\n<div class=\"field-item even\">\n<p style=\"text-align: justify;\">O Munic\u00edpio de Juazeiro e as comunidades terap\u00eauticas Centro Evang\u00e9lico para Recupera\u00e7\u00e3o de Viciados (Ceprev) e Centro de Reabilita\u00e7\u00e3o Cidade Ref\u00fagio (Crecir) foram acionadas pelo Minist\u00e9rio P\u00fablico estadual por conta de irregularidades como aus\u00eancia de alvar\u00e1 sanit\u00e1rio. Segundo a promotora de Justi\u00e7a Rita de C\u00e1ssia Rodrigues Caxias, autora da a\u00e7\u00e3o, na comunidade terap\u00eautica Crecir, al\u00e9m da aus\u00eancia de alvar\u00e1,\u00a0constatou-se a falta de telas milim\u00e9tricas em portas e janelas na \u00e1rea de produ\u00e7\u00e3o\/manipula\u00e7\u00e3o de alimentos e colch\u00f5es sem capas protetoras imperme\u00e1veis e lav\u00e1veis.<\/p>\n<p style=\"text-align: justify;\">J\u00e1 na Ceprev constatou-se irregularidades como falta de telas milim\u00e9tricas em portas e janelas na \u00e1rea de produ\u00e7\u00e3o\/manipula\u00e7\u00e3o de alimentos, freezer desorganizado e conserva\u00e7\u00e3o de alimentos em sacolas recicl\u00e1veis, colch\u00f5es sem capas protetoras imperme\u00e1veis e lav\u00e1veis e utiliza\u00e7\u00e3o de fog\u00e3o a lenha para cozimento de alimentos. Na a\u00e7\u00e3o, o MP requer, em car\u00e1ter liminar, que a Justi\u00e7a interdite o funcionamento das unidades terap\u00eauticas acionadas e identifique os nomes e situa\u00e7\u00e3o dos pacientes com concess\u00e3o de alta e inclus\u00e3o para tratamento no Centro de Aten\u00e7\u00e3o Psicossocial (Caps); ou fazer a imediata remo\u00e7\u00e3o dos residentes para comunidades regulares e cadastradas junto ao ente p\u00fablico municipal, com tratamentos dos domiciliados em Juazeiro sendo custeados pelo Munic\u00edpio. \u201cA interdi\u00e7\u00e3o liminar das institui\u00e7\u00f5es revela-se a medida mais acertada para a preserva\u00e7\u00e3o da sa\u00fade e da vida dos internos\u201d, destacou a promotora de Justi\u00e7a.<\/p>\n<p style=\"text-align: justify;\">Fonte: Portal Jornal A\u00e7\u00e3o Popular<\/p>\n<p style=\"text-align: justify;\">\u00a0<\/p>\n<\/div>\n<\/div>\n<\/div>\n\n\n<p><\/p>\n","protected":false},"excerpt":{"rendered":"<p>O Munic\u00edpio de Juazeiro e as comunidades terap\u00eauticas Centro Evang\u00e9lico para Recupera\u00e7\u00e3o de Viciados (Ceprev) e Centro de Reabilita\u00e7\u00e3o Cidade Ref\u00fagio (Crecir) foram acionadas pelo Minist\u00e9rio P\u00fablico estadual por conta de irregularidades como aus\u00eancia de alvar\u00e1 sanit\u00e1rio. Segundo a promotora de Justi\u00e7a Rita de C\u00e1ssia Rodrigues Caxias, autora da a\u00e7\u00e3o, na comunidade terap\u00eautica Crecir, al\u00e9m [&hellip;]<\/p>\n","protected":false},"author":1,"featured_media":23071,"comment_status":"closed","ping_status":"open","sticky":false,"template":"","format":"standard","meta":{"_uag_custom_page_level_css":"","_monsterinsights_skip_tracking":false,"_monsterinsights_sitenote_active":false,"_monsterinsights_sitenote_note":"","_monsterinsights_sitenote_category":0,"jetpack_post_was_ever_published":false,"_jetpack_newsletter_access":"","_jetpack_dont_email_post_to_subs":false,"_jetpack_newsletter_tier_id":0,"_jetpack_memberships_contains_paywalled_content":false,"_jetpack_memberships_contains_paid_content":false,"footnotes":"","jetpack_publicize_message":"","jetpack_publicize_feature_enabled":true,"jetpack_social_post_already_shared":true,"jetpack_social_options":{"image_generator_settings":{"template":"highway","default_image_id":0,"font":"","enabled":false},"version":2}},"categories":[203],"tags":[2887,2880,1174,1597],"class_list":["post-23070","post","type-post","status-publish","format-standard","has-post-thumbnail","hentry","category-juazeiro","tag-alvara","tag-comunidades-terapeuticas","tag-irregularidades","tag-mpba"],"jetpack_publicize_connections":[],"jetpack_featured_media_url":"https:\/\/blogopara.com.br\/wp-content\/uploads\/2021\/05\/Comercio-Juazeiro-1.jpg","uagb_featured_image_src":{"full":["https:\/\/blogopara.com.br\/wp-content\/uploads\/2021\/05\/Comercio-Juazeiro-1.jpg",500,333,false],"thumbnail":["https:\/\/blogopara.com.br\/wp-content\/uploads\/2021\/05\/Comercio-Juazeiro-1-150x150.jpg",150,150,true],"medium":["https:\/\/blogopara.com.br\/wp-content\/uploads\/2021\/05\/Comercio-Juazeiro-1-300x200.jpg",300,200,true],"medium_large":["https:\/\/blogopara.com.br\/wp-content\/uploads\/2021\/05\/Comercio-Juazeiro-1.jpg",500,333,false],"large":["https:\/\/blogopara.com.br\/wp-content\/uploads\/2021\/05\/Comercio-Juazeiro-1.jpg",500,333,false],"1536x1536":["https:\/\/blogopara.com.br\/wp-content\/uploads\/2021\/05\/Comercio-Juazeiro-1.jpg",500,333,false],"2048x2048":["https:\/\/blogopara.com.br\/wp-content\/uploads\/2021\/05\/Comercio-Juazeiro-1.jpg",500,333,false],"mantranews-slider-large":["https:\/\/blogopara.com.br\/wp-content\/uploads\/2021\/05\/Comercio-Juazeiro-1.jpg",500,333,false],"mantranews-featured-medium":["https:\/\/blogopara.com.br\/wp-content\/uploads\/2021\/05\/Comercio-Juazeiro-1-420x307.jpg",420,307,true],"mantranews-featured-long":["https:\/\/blogopara.com.br\/wp-content\/uploads\/2021\/05\/Comercio-Juazeiro-1-300x333.jpg",300,333,true],"mantranews-block-medium":["https:\/\/blogopara.com.br\/wp-content\/uploads\/2021\/05\/Comercio-Juazeiro-1-464x290.jpg",464,290,true],"mantranews-carousel-image":["https:\/\/blogopara.com.br\/wp-content\/uploads\/2021\/05\/Comercio-Juazeiro-1.jpg",500,333,false],"mantranews-block-thumb":["https:\/\/blogopara.com.br\/wp-content\/uploads\/2021\/05\/Comercio-Juazeiro-1-322x230.jpg",322,230,true],"mantranews-single-large":["https:\/\/blogopara.com.br\/wp-content\/uploads\/2021\/05\/Comercio-Juazeiro-1.jpg",500,333,false]},"uagb_author_info":{"display_name":"Reda\u00e7\u00e3o geral","author_link":"https:\/\/blogopara.com.br\/index.php\/author\/blogopara"},"uagb_comment_info":0,"uagb_excerpt":"O Munic\u00edpio de Juazeiro e as comunidades terap\u00eauticas Centro Evang\u00e9lico para Recupera\u00e7\u00e3o de Viciados (Ceprev) e Centro de Reabilita\u00e7\u00e3o Cidade Ref\u00fagio (Crecir) foram acionadas pelo Minist\u00e9rio P\u00fablico estadual por conta de irregularidades como aus\u00eancia de alvar\u00e1 sanit\u00e1rio. Segundo a promotora de Justi\u00e7a Rita de C\u00e1ssia Rodrigues Caxias, autora da a\u00e7\u00e3o, na comunidade terap\u00eautica Crecir, al\u00e9m&hellip;","jetpack_sharing_enabled":true,"jetpack_likes_enabled":true,"_links":{"self":[{"href":"https:\/\/blogopara.com.br\/index.php\/wp-json\/wp\/v2\/posts\/23070","targetHints":{"allow":["GET"]}}],"collection":[{"href":"https:\/\/blogopara.com.br\/index.php\/wp-json\/wp\/v2\/posts"}],"about":[{"href":"https:\/\/blogopara.com.br\/index.php\/wp-json\/wp\/v2\/types\/post"}],"author":[{"embeddable":true,"href":"https:\/\/blogopara.com.br\/index.php\/wp-json\/wp\/v2\/users\/1"}],"replies":[{"embeddable":true,"href":"https:\/\/blogopara.com.br\/index.php\/wp-json\/wp\/v2\/comments?post=23070"}],"version-history":[{"count":1,"href":"https:\/\/blogopara.com.br\/index.php\/wp-json\/wp\/v2\/posts\/23070\/revisions"}],"predecessor-version":[{"id":23072,"href":"https:\/\/blogopara.com.br\/index.php\/wp-json\/wp\/v2\/posts\/23070\/revisions\/23072"}],"wp:featuredmedia":[{"embeddable":true,"href":"https:\/\/blogopara.com.br\/index.php\/wp-json\/wp\/v2\/media\/23071"}],"wp:attachment":[{"href":"https:\/\/blogopara.com.br\/index.php\/wp-json\/wp\/v2\/media?parent=23070"}],"wp:term":[{"taxonomy":"category","embeddable":true,"href":"https:\/\/blogopara.com.br\/index.php\/wp-json\/wp\/v2\/categories?post=23070"},{"taxonomy":"post_tag","embeddable":true,"href":"https:\/\/blogopara.com.br\/index.php\/wp-json\/wp\/v2\/tags?post=23070"}],"curies":[{"name":"wp","href":"https:\/\/api.w.org\/{rel}","templated":true}]}}