{"id":23116,"date":"2021-05-11T01:15:00","date_gmt":"2021-05-11T04:15:00","guid":{"rendered":"https:\/\/blogopara.com.br\/?p=23116"},"modified":"2021-05-11T13:25:12","modified_gmt":"2021-05-11T16:25:12","slug":"motociclista-morre-apos-grave-acidente-no-distrito-industrial-em-petrolina","status":"publish","type":"post","link":"https:\/\/blogopara.com.br\/index.php\/2021\/05\/11\/motociclista-morre-apos-grave-acidente-no-distrito-industrial-em-petrolina","title":{"rendered":"Motociclista morre ap\u00f3s grave acidente no Distrito Industrial, em Petrolina"},"content":{"rendered":"<div class=\"mc-column content-text active-extra-styles \" data-block-type=\"unstyled\" data-block-weight=\"40\" data-block-id=\"2\">\n<p class=\"content-text__container \" style=\"text-align: justify;\" data-track-category=\"Link no Texto\" data-track-links=\"\">Um motociclista morreu ap\u00f3s sofrer um grave acidente na manh\u00e3 desta ter\u00e7a-feira (11), na regi\u00e3o do Distrito Industrial, em Petrolina, no Sert\u00e3o de Pernambuco. A motocicleta pilotada pela v\u00edtima teria batido em um caminh\u00e3o. A v\u00edtima morreu no local.<\/p>\n<\/div>\n<div class=\"wall protected-content\">\n<div class=\"mc-column content-text active-extra-styles \" style=\"text-align: justify;\" data-block-type=\"unstyled\" data-block-weight=\"20\" data-block-id=\"3\">\n<p class=\"content-text__container \" data-track-category=\"Link no Texto\" data-track-links=\"\">A Pol\u00edcia e O Instituto de Criminal\u00edstica foram at\u00e9 o local. Ainda n\u00e3o h\u00e1 detalhes sobre os motivos do acidente.<\/p>\n<\/div>\n<div class=\"mc-column content-text active-extra-styles \" style=\"text-align: justify;\" data-block-type=\"unstyled\" data-block-weight=\"49\" data-block-id=\"4\">\n<p class=\"content-text__container \" data-track-category=\"Link no Texto\" data-track-links=\"\">A v\u00edtima, identificada como Davi Pinto da Silva, tinha 26 anos. Ele era funcion\u00e1rio de um supermercado de Petrolina. Nas redes sociais, a empresa lamentou a morte e disse que o jovem era &#8221; um rapaz \u00edntegro, carism\u00e1tico e querido, que desenvolvia suas atividades com compet\u00eancia e excel\u00eancia&#8221;.<\/p>\n<\/div>\n<p data-track-category=\"Link no Texto\" data-track-links=\"\">Por: G1 Petrolina<\/p>\n<div class=\"block-podcast\" style=\"text-align: justify;\"><\/div>\n<\/div>\n","protected":false},"excerpt":{"rendered":"<p>Um motociclista morreu ap\u00f3s sofrer um grave acidente na manh\u00e3 desta ter\u00e7a-feira (11), na regi\u00e3o do Distrito Industrial, em Petrolina, no Sert\u00e3o de Pernambuco. A motocicleta pilotada pela v\u00edtima teria batido em um caminh\u00e3o. A v\u00edtima morreu no local. A Pol\u00edcia e O Instituto de Criminal\u00edstica foram at\u00e9 o local. Ainda n\u00e3o h\u00e1 detalhes sobre [&hellip;]<\/p>\n","protected":false},"author":1,"featured_media":23117,"comment_status":"closed","ping_status":"open","sticky":false,"template":"","format":"standard","meta":{"_uag_custom_page_level_css":"","_monsterinsights_skip_tracking":false,"_monsterinsights_sitenote_active":false,"_monsterinsights_sitenote_note":"","_monsterinsights_sitenote_category":0,"jetpack_post_was_ever_published":false,"_jetpack_newsletter_access":"","_jetpack_dont_email_post_to_subs":false,"_jetpack_newsletter_tier_id":0,"_jetpack_memberships_contains_paywalled_content":false,"_jetpack_memberships_contains_paid_content":false,"footnotes":"","jetpack_publicize_message":"","jetpack_publicize_feature_enabled":true,"jetpack_social_post_already_shared":true,"jetpack_social_options":{"image_generator_settings":{"template":"highway","default_image_id":0,"font":"","enabled":false},"version":2}},"categories":[851],"tags":[920,2896,1290,2895,2478],"class_list":["post-23116","post","type-post","status-publish","format-standard","has-post-thumbnail","hentry","category-petrolina","tag-acidente","tag-distrito-industrial","tag-morte","tag-motociclista","tag-petrolina-pe"],"jetpack_publicize_connections":[],"jetpack_featured_media_url":"https:\/\/blogopara.com.br\/wp-content\/uploads\/2021\/05\/iml-novo.jpg","uagb_featured_image_src":{"full":["https:\/\/blogopara.com.br\/wp-content\/uploads\/2021\/05\/iml-novo.jpg",500,289,false],"thumbnail":["https:\/\/blogopara.com.br\/wp-content\/uploads\/2021\/05\/iml-novo-150x150.jpg",150,150,true],"medium":["https:\/\/blogopara.com.br\/wp-content\/uploads\/2021\/05\/iml-novo-300x173.jpg",300,173,true],"medium_large":["https:\/\/blogopara.com.br\/wp-content\/uploads\/2021\/05\/iml-novo.jpg",500,289,false],"large":["https:\/\/blogopara.com.br\/wp-content\/uploads\/2021\/05\/iml-novo.jpg",500,289,false],"1536x1536":["https:\/\/blogopara.com.br\/wp-content\/uploads\/2021\/05\/iml-novo.jpg",500,289,false],"2048x2048":["https:\/\/blogopara.com.br\/wp-content\/uploads\/2021\/05\/iml-novo.jpg",500,289,false],"mantranews-slider-large":["https:\/\/blogopara.com.br\/wp-content\/uploads\/2021\/05\/iml-novo.jpg",500,289,false],"mantranews-featured-medium":["https:\/\/blogopara.com.br\/wp-content\/uploads\/2021\/05\/iml-novo-420x289.jpg",420,289,true],"mantranews-featured-long":["https:\/\/blogopara.com.br\/wp-content\/uploads\/2021\/05\/iml-novo-300x289.jpg",300,289,true],"mantranews-block-medium":["https:\/\/blogopara.com.br\/wp-content\/uploads\/2021\/05\/iml-novo-464x289.jpg",464,289,true],"mantranews-carousel-image":["https:\/\/blogopara.com.br\/wp-content\/uploads\/2021\/05\/iml-novo.jpg",500,289,false],"mantranews-block-thumb":["https:\/\/blogopara.com.br\/wp-content\/uploads\/2021\/05\/iml-novo-322x230.jpg",322,230,true],"mantranews-single-large":["https:\/\/blogopara.com.br\/wp-content\/uploads\/2021\/05\/iml-novo.jpg",500,289,false]},"uagb_author_info":{"display_name":"Reda\u00e7\u00e3o geral","author_link":"https:\/\/blogopara.com.br\/index.php\/author\/blogopara"},"uagb_comment_info":0,"uagb_excerpt":"Um motociclista morreu ap\u00f3s sofrer um grave acidente na manh\u00e3 desta ter\u00e7a-feira (11), na regi\u00e3o do Distrito Industrial, em Petrolina, no Sert\u00e3o de Pernambuco. A motocicleta pilotada pela v\u00edtima teria batido em um caminh\u00e3o. A v\u00edtima morreu no local. A Pol\u00edcia e O Instituto de Criminal\u00edstica foram at\u00e9 o local. Ainda n\u00e3o h\u00e1 detalhes sobre&hellip;","jetpack_sharing_enabled":true,"jetpack_likes_enabled":true,"_links":{"self":[{"href":"https:\/\/blogopara.com.br\/index.php\/wp-json\/wp\/v2\/posts\/23116","targetHints":{"allow":["GET"]}}],"collection":[{"href":"https:\/\/blogopara.com.br\/index.php\/wp-json\/wp\/v2\/posts"}],"about":[{"href":"https:\/\/blogopara.com.br\/index.php\/wp-json\/wp\/v2\/types\/post"}],"author":[{"embeddable":true,"href":"https:\/\/blogopara.com.br\/index.php\/wp-json\/wp\/v2\/users\/1"}],"replies":[{"embeddable":true,"href":"https:\/\/blogopara.com.br\/index.php\/wp-json\/wp\/v2\/comments?post=23116"}],"version-history":[{"count":1,"href":"https:\/\/blogopara.com.br\/index.php\/wp-json\/wp\/v2\/posts\/23116\/revisions"}],"predecessor-version":[{"id":23118,"href":"https:\/\/blogopara.com.br\/index.php\/wp-json\/wp\/v2\/posts\/23116\/revisions\/23118"}],"wp:featuredmedia":[{"embeddable":true,"href":"https:\/\/blogopara.com.br\/index.php\/wp-json\/wp\/v2\/media\/23117"}],"wp:attachment":[{"href":"https:\/\/blogopara.com.br\/index.php\/wp-json\/wp\/v2\/media?parent=23116"}],"wp:term":[{"taxonomy":"category","embeddable":true,"href":"https:\/\/blogopara.com.br\/index.php\/wp-json\/wp\/v2\/categories?post=23116"},{"taxonomy":"post_tag","embeddable":true,"href":"https:\/\/blogopara.com.br\/index.php\/wp-json\/wp\/v2\/tags?post=23116"}],"curies":[{"name":"wp","href":"https:\/\/api.w.org\/{rel}","templated":true}]}}