{"id":23124,"date":"2021-05-12T09:46:00","date_gmt":"2021-05-12T12:46:00","guid":{"rendered":"https:\/\/blogopara.com.br\/?p=23124"},"modified":"2021-05-11T16:52:08","modified_gmt":"2021-05-11T19:52:08","slug":"prefeitura-de-juazeiro-comecou-a-entrega-da-medicacao-a-pacientes-com-glaucoma","status":"publish","type":"post","link":"https:\/\/blogopara.com.br\/index.php\/2021\/05\/12\/prefeitura-de-juazeiro-comecou-a-entrega-da-medicacao-a-pacientes-com-glaucoma","title":{"rendered":"Prefeitura de Juazeiro come\u00e7ou a entrega da medica\u00e7\u00e3o a pacientes com glaucoma"},"content":{"rendered":"<p style=\"font-weight: 400; text-align: justify;\">A Prefeitura de Juazeiro recebeu os kits de medica\u00e7\u00e3o para pacientes com glaucoma, uma doen\u00e7a ocular caracterizada por altera\u00e7\u00e3o do nervo \u00f3ptico com perda de campo visual.<\/p>\n<p style=\"font-weight: 400; text-align: justify;\">A Secretaria de Sa\u00fade (Sesau) agenda as consultas e os pacientes s\u00e3o encaminhados ao Instituto de Olhos do Vale do S\u00e3o Francisco para acompanhamento m\u00e9dico.\u00a0\u00a0Por conta da pandemia, as consultas e exames n\u00e3o est\u00e3o acontecendo, mas a medica\u00e7\u00e3o est\u00e1 garantida.<\/p>\n<p style=\"font-weight: 400; text-align: justify;\">Os mais de 700 pacientes que j\u00e1 fazem parte do programa de tratamento do glaucoma no munic\u00edpio, com nomes iniciados das letras A a J, poder\u00e3o retirar o col\u00edrio prescrito pelo oftalmologista a partir desta semana nas unidades b\u00e1sicas de sa\u00fade.<\/p>\n<p style=\"font-weight: 400; text-align: justify;\">\u201c<em>Os kits chegam sexta-feira, a gente encaminha para a rede de Aten\u00e7\u00e3o B\u00e1sica, depois para todas as unidades de sa\u00fade do munic\u00edpio, onde os pacientes poder\u00e3o retirar j\u00e1 na pr\u00f3xima semana<\/em>\u201d, explicou o gerente de marca\u00e7\u00e3o de Juazeiro, Dami\u00e3o Paix\u00e3o.<\/p>\n<p style=\"font-weight: 400; text-align: justify;\">\n<p style=\"font-weight: 400; text-align: justify;\">Sesau- Ascom pmj<\/p>\n<p style=\"text-align: justify;\">\n","protected":false},"excerpt":{"rendered":"<p>A Prefeitura de Juazeiro recebeu os kits de medica\u00e7\u00e3o para pacientes com glaucoma, uma doen\u00e7a ocular caracterizada por altera\u00e7\u00e3o do nervo \u00f3ptico com perda de campo visual. A Secretaria de Sa\u00fade (Sesau) agenda as consultas e os pacientes s\u00e3o encaminhados ao Instituto de Olhos do Vale do S\u00e3o Francisco para acompanhamento m\u00e9dico.\u00a0\u00a0Por conta da pandemia, [&hellip;]<\/p>\n","protected":false},"author":1,"featured_media":23125,"comment_status":"open","ping_status":"open","sticky":false,"template":"","format":"standard","meta":{"_uag_custom_page_level_css":"","_monsterinsights_skip_tracking":false,"_monsterinsights_sitenote_active":false,"_monsterinsights_sitenote_note":"","_monsterinsights_sitenote_category":0,"jetpack_post_was_ever_published":false,"_jetpack_newsletter_access":"","_jetpack_dont_email_post_to_subs":false,"_jetpack_newsletter_tier_id":0,"_jetpack_memberships_contains_paywalled_content":false,"_jetpack_memberships_contains_paid_content":false,"footnotes":"","jetpack_publicize_message":"","jetpack_publicize_feature_enabled":true,"jetpack_social_post_already_shared":true,"jetpack_social_options":{"image_generator_settings":{"template":"highway","default_image_id":0,"font":"","enabled":false},"version":2}},"categories":[205],"tags":[2900,2903,1622,2901,1407],"class_list":["post-23124","post","type-post","status-publish","format-standard","has-post-thumbnail","hentry","category-saude","tag-entrega","tag-glaucoma","tag-juazeiro-bahia","tag-medicacao","tag-pacientes"],"jetpack_publicize_connections":[],"jetpack_featured_media_url":"https:\/\/blogopara.com.br\/wp-content\/uploads\/2021\/05\/KIT-GLAUCOMA-JUAZEIRO-1.jpeg","uagb_featured_image_src":{"full":["https:\/\/blogopara.com.br\/wp-content\/uploads\/2021\/05\/KIT-GLAUCOMA-JUAZEIRO-1.jpeg",500,281,false],"thumbnail":["https:\/\/blogopara.com.br\/wp-content\/uploads\/2021\/05\/KIT-GLAUCOMA-JUAZEIRO-1-150x150.jpeg",150,150,true],"medium":["https:\/\/blogopara.com.br\/wp-content\/uploads\/2021\/05\/KIT-GLAUCOMA-JUAZEIRO-1-300x169.jpeg",300,169,true],"medium_large":["https:\/\/blogopara.com.br\/wp-content\/uploads\/2021\/05\/KIT-GLAUCOMA-JUAZEIRO-1.jpeg",500,281,false],"large":["https:\/\/blogopara.com.br\/wp-content\/uploads\/2021\/05\/KIT-GLAUCOMA-JUAZEIRO-1.jpeg",500,281,false],"1536x1536":["https:\/\/blogopara.com.br\/wp-content\/uploads\/2021\/05\/KIT-GLAUCOMA-JUAZEIRO-1.jpeg",500,281,false],"2048x2048":["https:\/\/blogopara.com.br\/wp-content\/uploads\/2021\/05\/KIT-GLAUCOMA-JUAZEIRO-1.jpeg",500,281,false],"mantranews-slider-large":["https:\/\/blogopara.com.br\/wp-content\/uploads\/2021\/05\/KIT-GLAUCOMA-JUAZEIRO-1.jpeg",500,281,false],"mantranews-featured-medium":["https:\/\/blogopara.com.br\/wp-content\/uploads\/2021\/05\/KIT-GLAUCOMA-JUAZEIRO-1-420x281.jpeg",420,281,true],"mantranews-featured-long":["https:\/\/blogopara.com.br\/wp-content\/uploads\/2021\/05\/KIT-GLAUCOMA-JUAZEIRO-1-300x281.jpeg",300,281,true],"mantranews-block-medium":["https:\/\/blogopara.com.br\/wp-content\/uploads\/2021\/05\/KIT-GLAUCOMA-JUAZEIRO-1-464x281.jpeg",464,281,true],"mantranews-carousel-image":["https:\/\/blogopara.com.br\/wp-content\/uploads\/2021\/05\/KIT-GLAUCOMA-JUAZEIRO-1.jpeg",500,281,false],"mantranews-block-thumb":["https:\/\/blogopara.com.br\/wp-content\/uploads\/2021\/05\/KIT-GLAUCOMA-JUAZEIRO-1-322x230.jpeg",322,230,true],"mantranews-single-large":["https:\/\/blogopara.com.br\/wp-content\/uploads\/2021\/05\/KIT-GLAUCOMA-JUAZEIRO-1.jpeg",500,281,false]},"uagb_author_info":{"display_name":"Reda\u00e7\u00e3o geral","author_link":"https:\/\/blogopara.com.br\/index.php\/author\/blogopara"},"uagb_comment_info":0,"uagb_excerpt":"A Prefeitura de Juazeiro recebeu os kits de medica\u00e7\u00e3o para pacientes com glaucoma, uma doen\u00e7a ocular caracterizada por altera\u00e7\u00e3o do nervo \u00f3ptico com perda de campo visual. A Secretaria de Sa\u00fade (Sesau) agenda as consultas e os pacientes s\u00e3o encaminhados ao Instituto de Olhos do Vale do S\u00e3o Francisco para acompanhamento m\u00e9dico.\u00a0\u00a0Por conta da pandemia,&hellip;","jetpack_sharing_enabled":true,"jetpack_likes_enabled":true,"_links":{"self":[{"href":"https:\/\/blogopara.com.br\/index.php\/wp-json\/wp\/v2\/posts\/23124","targetHints":{"allow":["GET"]}}],"collection":[{"href":"https:\/\/blogopara.com.br\/index.php\/wp-json\/wp\/v2\/posts"}],"about":[{"href":"https:\/\/blogopara.com.br\/index.php\/wp-json\/wp\/v2\/types\/post"}],"author":[{"embeddable":true,"href":"https:\/\/blogopara.com.br\/index.php\/wp-json\/wp\/v2\/users\/1"}],"replies":[{"embeddable":true,"href":"https:\/\/blogopara.com.br\/index.php\/wp-json\/wp\/v2\/comments?post=23124"}],"version-history":[{"count":1,"href":"https:\/\/blogopara.com.br\/index.php\/wp-json\/wp\/v2\/posts\/23124\/revisions"}],"predecessor-version":[{"id":23126,"href":"https:\/\/blogopara.com.br\/index.php\/wp-json\/wp\/v2\/posts\/23124\/revisions\/23126"}],"wp:featuredmedia":[{"embeddable":true,"href":"https:\/\/blogopara.com.br\/index.php\/wp-json\/wp\/v2\/media\/23125"}],"wp:attachment":[{"href":"https:\/\/blogopara.com.br\/index.php\/wp-json\/wp\/v2\/media?parent=23124"}],"wp:term":[{"taxonomy":"category","embeddable":true,"href":"https:\/\/blogopara.com.br\/index.php\/wp-json\/wp\/v2\/categories?post=23124"},{"taxonomy":"post_tag","embeddable":true,"href":"https:\/\/blogopara.com.br\/index.php\/wp-json\/wp\/v2\/tags?post=23124"}],"curies":[{"name":"wp","href":"https:\/\/api.w.org\/{rel}","templated":true}]}}