{"id":23130,"date":"2021-05-11T11:33:00","date_gmt":"2021-05-11T14:33:00","guid":{"rendered":"https:\/\/blogopara.com.br\/?p=23130"},"modified":"2021-05-11T16:17:41","modified_gmt":"2021-05-11T19:17:41","slug":"em-parceria-com-a-prefeitura-junta-militar-de-juazeiro-passa-a-funcionar-na-sede-da-cstt","status":"publish","type":"post","link":"https:\/\/blogopara.com.br\/index.php\/2021\/05\/11\/em-parceria-com-a-prefeitura-junta-militar-de-juazeiro-passa-a-funcionar-na-sede-da-cstt","title":{"rendered":"Em parceria com a prefeitura, Junta Militar de Juazeiro passa a funcionar na sede da CSTT"},"content":{"rendered":"<p dir=\"ltr\" style=\"text-align: justify;\"><b>Em parceria com a prefeitura, Junta Militar de Juazeiro passa a funcionar na sede da CSTT<\/b><\/p>\n<p dir=\"ltr\" style=\"text-align: justify;\">A Junta Militar de Juazeiro est\u00e1 funcionando em novo endere\u00e7o. A partir de agora, passar\u00e1 a atender na sede da Companhia de Seguran\u00e7a, Tr\u00e2nsito e Transporte (CSTT), na Rua Oscar Ribeiro, no centro, em uma parceria com a Prefeitura Municipal. O \u00f3rg\u00e3o atua na emiss\u00e3o do certificado de Alistamento Militar e da carteira de reservista.<\/p>\n<p dir=\"ltr\" style=\"text-align: justify;\">Para realizar o alistamento, \u00e9 preciso apresentar os seguintes documentos: CPF, RG, Certid\u00e3o de Nascimento e comprovante de resid\u00eancia. J\u00e1 os jovens nascidos em 2003 podem realizar o alistamento militar, at\u00e9 o dia 30 de junho, pelo site: <a href=\"http:\/\/www.alistamento.eb.mil.br\/\" target=\"_blank\" rel=\"noopener\" data-saferedirecturl=\"https:\/\/www.google.com\/url?q=http:\/\/www.alistamento.eb.mil.br&amp;source=gmail&amp;ust=1620844525737000&amp;usg=AFQjCNGYmiTt8-r-zMPrvYAdTaQJuBnO0A\">www.alistamento.eb.mil.br<\/a>.<\/p>\n<p dir=\"ltr\" style=\"text-align: justify;\">O atendimento presencial na Junta Militar \u00e9 feito de segunda a sexta-feira, das 8h \u00e0s 12h30, por ordem de chegada. Para outras informa\u00e7\u00f5es, ligue para o n\u00famero (74) 3613-4529.<\/p>\n<p dir=\"ltr\" style=\"text-align: justify;\">\u00a0CSTT\/Ascom PMJ<\/p>\n<p dir=\"ltr\" style=\"text-align: justify;\">\n<p style=\"text-align: justify;\">\n<div>\n<div dir=\"ltr\" data-smartmail=\"gmail_signature\">\n<div dir=\"ltr\" style=\"text-align: justify;\"><\/div>\n<\/div>\n<\/div>\n","protected":false},"excerpt":{"rendered":"<p>Em parceria com a prefeitura, Junta Militar de Juazeiro passa a funcionar na sede da CSTT A Junta Militar de Juazeiro est\u00e1 funcionando em novo endere\u00e7o. A partir de agora, passar\u00e1 a atender na sede da Companhia de Seguran\u00e7a, Tr\u00e2nsito e Transporte (CSTT), na Rua Oscar Ribeiro, no centro, em uma parceria com a Prefeitura [&hellip;]<\/p>\n","protected":false},"author":1,"featured_media":23131,"comment_status":"closed","ping_status":"open","sticky":false,"template":"","format":"standard","meta":{"_uag_custom_page_level_css":"","_monsterinsights_skip_tracking":false,"_monsterinsights_sitenote_active":false,"_monsterinsights_sitenote_note":"","_monsterinsights_sitenote_category":0,"jetpack_post_was_ever_published":false,"_jetpack_newsletter_access":"","_jetpack_dont_email_post_to_subs":false,"_jetpack_newsletter_tier_id":0,"_jetpack_memberships_contains_paywalled_content":false,"_jetpack_memberships_contains_paid_content":false,"footnotes":"","jetpack_publicize_message":"","jetpack_publicize_feature_enabled":true,"jetpack_social_post_already_shared":true,"jetpack_social_options":{"image_generator_settings":{"template":"highway","default_image_id":0,"font":"","enabled":false},"version":2}},"categories":[203],"tags":[143,2904,1514,610],"class_list":["post-23130","post","type-post","status-publish","format-standard","has-post-thumbnail","hentry","category-juazeiro","tag-juazeiro-da-bahia","tag-junta-militar","tag-parceria","tag-prefeitura"],"jetpack_publicize_connections":[],"jetpack_featured_media_url":"https:\/\/blogopara.com.br\/wp-content\/uploads\/2021\/05\/Junta-militar.jpg","uagb_featured_image_src":{"full":["https:\/\/blogopara.com.br\/wp-content\/uploads\/2021\/05\/Junta-militar.jpg",500,500,false],"thumbnail":["https:\/\/blogopara.com.br\/wp-content\/uploads\/2021\/05\/Junta-militar-150x150.jpg",150,150,true],"medium":["https:\/\/blogopara.com.br\/wp-content\/uploads\/2021\/05\/Junta-militar-300x300.jpg",300,300,true],"medium_large":["https:\/\/blogopara.com.br\/wp-content\/uploads\/2021\/05\/Junta-militar.jpg",500,500,false],"large":["https:\/\/blogopara.com.br\/wp-content\/uploads\/2021\/05\/Junta-militar.jpg",500,500,false],"1536x1536":["https:\/\/blogopara.com.br\/wp-content\/uploads\/2021\/05\/Junta-militar.jpg",500,500,false],"2048x2048":["https:\/\/blogopara.com.br\/wp-content\/uploads\/2021\/05\/Junta-militar.jpg",500,500,false],"mantranews-slider-large":["https:\/\/blogopara.com.br\/wp-content\/uploads\/2021\/05\/Junta-militar.jpg",500,500,false],"mantranews-featured-medium":["https:\/\/blogopara.com.br\/wp-content\/uploads\/2021\/05\/Junta-militar-420x307.jpg",420,307,true],"mantranews-featured-long":["https:\/\/blogopara.com.br\/wp-content\/uploads\/2021\/05\/Junta-militar-300x443.jpg",300,443,true],"mantranews-block-medium":["https:\/\/blogopara.com.br\/wp-content\/uploads\/2021\/05\/Junta-militar-464x290.jpg",464,290,true],"mantranews-carousel-image":["https:\/\/blogopara.com.br\/wp-content\/uploads\/2021\/05\/Junta-militar.jpg",500,500,false],"mantranews-block-thumb":["https:\/\/blogopara.com.br\/wp-content\/uploads\/2021\/05\/Junta-militar-322x230.jpg",322,230,true],"mantranews-single-large":["https:\/\/blogopara.com.br\/wp-content\/uploads\/2021\/05\/Junta-militar.jpg",500,500,false]},"uagb_author_info":{"display_name":"Reda\u00e7\u00e3o geral","author_link":"https:\/\/blogopara.com.br\/index.php\/author\/blogopara"},"uagb_comment_info":0,"uagb_excerpt":"Em parceria com a prefeitura, Junta Militar de Juazeiro passa a funcionar na sede da CSTT A Junta Militar de Juazeiro est\u00e1 funcionando em novo endere\u00e7o. A partir de agora, passar\u00e1 a atender na sede da Companhia de Seguran\u00e7a, Tr\u00e2nsito e Transporte (CSTT), na Rua Oscar Ribeiro, no centro, em uma parceria com a Prefeitura&hellip;","jetpack_sharing_enabled":true,"jetpack_likes_enabled":true,"_links":{"self":[{"href":"https:\/\/blogopara.com.br\/index.php\/wp-json\/wp\/v2\/posts\/23130","targetHints":{"allow":["GET"]}}],"collection":[{"href":"https:\/\/blogopara.com.br\/index.php\/wp-json\/wp\/v2\/posts"}],"about":[{"href":"https:\/\/blogopara.com.br\/index.php\/wp-json\/wp\/v2\/types\/post"}],"author":[{"embeddable":true,"href":"https:\/\/blogopara.com.br\/index.php\/wp-json\/wp\/v2\/users\/1"}],"replies":[{"embeddable":true,"href":"https:\/\/blogopara.com.br\/index.php\/wp-json\/wp\/v2\/comments?post=23130"}],"version-history":[{"count":1,"href":"https:\/\/blogopara.com.br\/index.php\/wp-json\/wp\/v2\/posts\/23130\/revisions"}],"predecessor-version":[{"id":23132,"href":"https:\/\/blogopara.com.br\/index.php\/wp-json\/wp\/v2\/posts\/23130\/revisions\/23132"}],"wp:featuredmedia":[{"embeddable":true,"href":"https:\/\/blogopara.com.br\/index.php\/wp-json\/wp\/v2\/media\/23131"}],"wp:attachment":[{"href":"https:\/\/blogopara.com.br\/index.php\/wp-json\/wp\/v2\/media?parent=23130"}],"wp:term":[{"taxonomy":"category","embeddable":true,"href":"https:\/\/blogopara.com.br\/index.php\/wp-json\/wp\/v2\/categories?post=23130"},{"taxonomy":"post_tag","embeddable":true,"href":"https:\/\/blogopara.com.br\/index.php\/wp-json\/wp\/v2\/tags?post=23130"}],"curies":[{"name":"wp","href":"https:\/\/api.w.org\/{rel}","templated":true}]}}