{"id":23143,"date":"2021-05-12T10:54:00","date_gmt":"2021-05-12T13:54:00","guid":{"rendered":"https:\/\/blogopara.com.br\/?p=23143"},"modified":"2021-05-11T17:01:00","modified_gmt":"2021-05-11T20:01:00","slug":"governador-rui-costa-nao-descarta-disputar-o-senado-em-2022","status":"publish","type":"post","link":"https:\/\/blogopara.com.br\/index.php\/2021\/05\/12\/governador-rui-costa-nao-descarta-disputar-o-senado-em-2022","title":{"rendered":"Governador Rui Costa n\u00e3o descarta disputar o Senado em 2022"},"content":{"rendered":"<p style=\"text-align: justify;\">Para r\u00e1dios de Jequi\u00e9 nesta ter\u00e7a-feira (11), o governador Rui Costa contou sobre seus planos para o ano que vem, quando deixa o governo do estado.<\/p>\n<p style=\"text-align: justify;\">Segundo o petista, mesmo n\u00e3o descartando uma candidatura ao Senado, a decis\u00e3o ser\u00e1 tomada junto ao partido.<\/p>\n<p style=\"text-align: justify;\">\u201cEu fa\u00e7o parte de um grupo e vamos decidir isso conversando\u201d, disse.<\/p>\n<p style=\"text-align: justify;\">Rui ainda afastou as chances de deixar o Pal\u00e1cio de Ondina antes do fim do mandato para trabalhar na nova empreitada.<\/p>\n<p style=\"text-align: justify;\">Fonte: Politica ao Vivo<\/p>\n","protected":false},"excerpt":{"rendered":"<p>Para r\u00e1dios de Jequi\u00e9 nesta ter\u00e7a-feira (11), o governador Rui Costa contou sobre seus planos para o ano que vem, quando deixa o governo do estado. Segundo o petista, mesmo n\u00e3o descartando uma candidatura ao Senado, a decis\u00e3o ser\u00e1 tomada junto ao partido. \u201cEu fa\u00e7o parte de um grupo e vamos decidir isso conversando\u201d, disse. [&hellip;]<\/p>\n","protected":false},"author":1,"featured_media":23144,"comment_status":"open","ping_status":"open","sticky":false,"template":"","format":"standard","meta":{"_uag_custom_page_level_css":"","_monsterinsights_skip_tracking":false,"_monsterinsights_sitenote_active":false,"_monsterinsights_sitenote_note":"","_monsterinsights_sitenote_category":0,"jetpack_post_was_ever_published":false,"_jetpack_newsletter_access":"","_jetpack_dont_email_post_to_subs":false,"_jetpack_newsletter_tier_id":0,"_jetpack_memberships_contains_paywalled_content":false,"_jetpack_memberships_contains_paid_content":false,"footnotes":"","jetpack_publicize_message":"","jetpack_publicize_feature_enabled":true,"jetpack_social_post_already_shared":true,"jetpack_social_options":{"image_generator_settings":{"template":"highway","default_image_id":0,"font":"","enabled":false},"version":2}},"categories":[199],"tags":[1327,289,270],"class_list":["post-23143","post","type-post","status-publish","format-standard","has-post-thumbnail","hentry","category-bahia","tag-eleicoes-2022","tag-rui-costa-pt","tag-senado"],"jetpack_publicize_connections":[],"jetpack_featured_media_url":"https:\/\/blogopara.com.br\/wp-content\/uploads\/2021\/05\/750_projeto-rui-costa-baixa-renda-familias_2021315122341202.jpg","uagb_featured_image_src":{"full":["https:\/\/blogopara.com.br\/wp-content\/uploads\/2021\/05\/750_projeto-rui-costa-baixa-renda-familias_2021315122341202.jpg",500,320,false],"thumbnail":["https:\/\/blogopara.com.br\/wp-content\/uploads\/2021\/05\/750_projeto-rui-costa-baixa-renda-familias_2021315122341202-150x150.jpg",150,150,true],"medium":["https:\/\/blogopara.com.br\/wp-content\/uploads\/2021\/05\/750_projeto-rui-costa-baixa-renda-familias_2021315122341202-300x192.jpg",300,192,true],"medium_large":["https:\/\/blogopara.com.br\/wp-content\/uploads\/2021\/05\/750_projeto-rui-costa-baixa-renda-familias_2021315122341202.jpg",500,320,false],"large":["https:\/\/blogopara.com.br\/wp-content\/uploads\/2021\/05\/750_projeto-rui-costa-baixa-renda-familias_2021315122341202.jpg",500,320,false],"1536x1536":["https:\/\/blogopara.com.br\/wp-content\/uploads\/2021\/05\/750_projeto-rui-costa-baixa-renda-familias_2021315122341202.jpg",500,320,false],"2048x2048":["https:\/\/blogopara.com.br\/wp-content\/uploads\/2021\/05\/750_projeto-rui-costa-baixa-renda-familias_2021315122341202.jpg",500,320,false],"mantranews-slider-large":["https:\/\/blogopara.com.br\/wp-content\/uploads\/2021\/05\/750_projeto-rui-costa-baixa-renda-familias_2021315122341202.jpg",500,320,false],"mantranews-featured-medium":["https:\/\/blogopara.com.br\/wp-content\/uploads\/2021\/05\/750_projeto-rui-costa-baixa-renda-familias_2021315122341202-420x307.jpg",420,307,true],"mantranews-featured-long":["https:\/\/blogopara.com.br\/wp-content\/uploads\/2021\/05\/750_projeto-rui-costa-baixa-renda-familias_2021315122341202-300x320.jpg",300,320,true],"mantranews-block-medium":["https:\/\/blogopara.com.br\/wp-content\/uploads\/2021\/05\/750_projeto-rui-costa-baixa-renda-familias_2021315122341202-464x290.jpg",464,290,true],"mantranews-carousel-image":["https:\/\/blogopara.com.br\/wp-content\/uploads\/2021\/05\/750_projeto-rui-costa-baixa-renda-familias_2021315122341202.jpg",500,320,false],"mantranews-block-thumb":["https:\/\/blogopara.com.br\/wp-content\/uploads\/2021\/05\/750_projeto-rui-costa-baixa-renda-familias_2021315122341202-322x230.jpg",322,230,true],"mantranews-single-large":["https:\/\/blogopara.com.br\/wp-content\/uploads\/2021\/05\/750_projeto-rui-costa-baixa-renda-familias_2021315122341202.jpg",500,320,false]},"uagb_author_info":{"display_name":"Reda\u00e7\u00e3o geral","author_link":"https:\/\/blogopara.com.br\/index.php\/author\/blogopara"},"uagb_comment_info":0,"uagb_excerpt":"Para r\u00e1dios de Jequi\u00e9 nesta ter\u00e7a-feira (11), o governador Rui Costa contou sobre seus planos para o ano que vem, quando deixa o governo do estado. Segundo o petista, mesmo n\u00e3o descartando uma candidatura ao Senado, a decis\u00e3o ser\u00e1 tomada junto ao partido. \u201cEu fa\u00e7o parte de um grupo e vamos decidir isso conversando\u201d, disse.&hellip;","jetpack_sharing_enabled":true,"jetpack_likes_enabled":true,"_links":{"self":[{"href":"https:\/\/blogopara.com.br\/index.php\/wp-json\/wp\/v2\/posts\/23143","targetHints":{"allow":["GET"]}}],"collection":[{"href":"https:\/\/blogopara.com.br\/index.php\/wp-json\/wp\/v2\/posts"}],"about":[{"href":"https:\/\/blogopara.com.br\/index.php\/wp-json\/wp\/v2\/types\/post"}],"author":[{"embeddable":true,"href":"https:\/\/blogopara.com.br\/index.php\/wp-json\/wp\/v2\/users\/1"}],"replies":[{"embeddable":true,"href":"https:\/\/blogopara.com.br\/index.php\/wp-json\/wp\/v2\/comments?post=23143"}],"version-history":[{"count":1,"href":"https:\/\/blogopara.com.br\/index.php\/wp-json\/wp\/v2\/posts\/23143\/revisions"}],"predecessor-version":[{"id":23145,"href":"https:\/\/blogopara.com.br\/index.php\/wp-json\/wp\/v2\/posts\/23143\/revisions\/23145"}],"wp:featuredmedia":[{"embeddable":true,"href":"https:\/\/blogopara.com.br\/index.php\/wp-json\/wp\/v2\/media\/23144"}],"wp:attachment":[{"href":"https:\/\/blogopara.com.br\/index.php\/wp-json\/wp\/v2\/media?parent=23143"}],"wp:term":[{"taxonomy":"category","embeddable":true,"href":"https:\/\/blogopara.com.br\/index.php\/wp-json\/wp\/v2\/categories?post=23143"},{"taxonomy":"post_tag","embeddable":true,"href":"https:\/\/blogopara.com.br\/index.php\/wp-json\/wp\/v2\/tags?post=23143"}],"curies":[{"name":"wp","href":"https:\/\/api.w.org\/{rel}","templated":true}]}}