{"id":23188,"date":"2021-05-13T11:42:00","date_gmt":"2021-05-13T14:42:00","guid":{"rendered":"https:\/\/blogopara.com.br\/?p=23188"},"modified":"2021-05-12T16:46:02","modified_gmt":"2021-05-12T19:46:02","slug":"conselho-da-oab-move-acao-contra-desmonte-da-cultura-pelo-governo-bolsonaro","status":"publish","type":"post","link":"https:\/\/blogopara.com.br\/index.php\/2021\/05\/13\/conselho-da-oab-move-acao-contra-desmonte-da-cultura-pelo-governo-bolsonaro","title":{"rendered":"Conselho da OAB move a\u00e7\u00e3o contra &#8216;desmonte&#8217; da Cultura pelo governo Bolsonaro"},"content":{"rendered":"<p style=\"text-align: justify;\">O Conselho Federal da Ordem dos Advogados do Brasil (OAB) decidiu mover uma A\u00e7\u00e3o Civil P\u00fablica junto \u00e0 Justi\u00e7a Federal, em Bras\u00edlia, denunciando o que consideram o desmonte da cena cultural do pa\u00eds promovido pelo governo Bolsonaro.<\/p>\n<p style=\"text-align: justify;\">De acordo com informa\u00e7\u00f5es da coluna de Ancelmo Gois, no jornal O Globo, o documento da OAB defende que &#8220;atos de autoridades vinculadas \u00e0 Uni\u00e3o Federal t\u00eam acarretado danos ao patrim\u00f4nio p\u00fablico e social, violando as garantias fundamentais de direito \u00e0 cultura&#8221;.<\/p>\n<p style=\"text-align: justify;\">A medida se d\u00e1 ap\u00f3s o governo federal promover a paralisa\u00e7\u00e3o das pol\u00edticas de incentivo \u00e0 cultura e colocar o setor em risco de apag\u00e3o (<strong>saiba mais\u00a0<a href=\"https:\/\/www.bahianoticias.com.br\/folha\/noticia\/102542-governo-bolsonaro-barra-patrocinios-culturais-ja-aprovados-via-lei-rouanet.html\" target=\"_blank\" rel=\"noopener\">aqui<\/a>,\u00a0<a href=\"https:\/\/www.bahianoticias.com.br\/folha\/noticia\/86141-captacao-de-recursos-pela-lei-rouanet-cai-35-a-maior-queda-da-ultima-decada.html\" target=\"_blank\" rel=\"noopener\">aqui<\/a>\u00a0e\u00a0<a href=\"https:\/\/www.bahianoticias.com.br\/folha\/noticia\/101540-atraso-em-aprovacoes-da-lei-rouanet-deve-gerar-apagao-na-cultura-no-ano-que-vem.html\" target=\"_blank\" rel=\"noopener\">aqui<\/a><\/strong>).<\/p>\n<p style=\"text-align: justify;\">Segundo a coluna, a a\u00e7\u00e3o da OAB cita n\u00fameros compilados em novembro de 2020 pelo Painel de Dados do Observat\u00f3rio Ita\u00fa Cultural11, respons\u00e1vel por monitorar a evolu\u00e7\u00e3o econ\u00f4mica da ind\u00fastria criativa no Brasil. A pesquisa mostra que um em cada dois profissionais da cultura perdeu trabalho no ano passado.<\/p>\n","protected":false},"excerpt":{"rendered":"<p>O Conselho Federal da Ordem dos Advogados do Brasil (OAB) decidiu mover uma A\u00e7\u00e3o Civil P\u00fablica junto \u00e0 Justi\u00e7a Federal, em Bras\u00edlia, denunciando o que consideram o desmonte da cena cultural do pa\u00eds promovido pelo governo Bolsonaro. De acordo com informa\u00e7\u00f5es da coluna de Ancelmo Gois, no jornal O Globo, o documento da OAB defende [&hellip;]<\/p>\n","protected":false},"author":1,"featured_media":23189,"comment_status":"open","ping_status":"open","sticky":false,"template":"","format":"standard","meta":{"_uag_custom_page_level_css":"","_monsterinsights_skip_tracking":false,"_monsterinsights_sitenote_active":false,"_monsterinsights_sitenote_note":"","_monsterinsights_sitenote_category":0,"jetpack_post_was_ever_published":false,"_jetpack_newsletter_access":"","_jetpack_dont_email_post_to_subs":false,"_jetpack_newsletter_tier_id":0,"_jetpack_memberships_contains_paywalled_content":false,"_jetpack_memberships_contains_paid_content":false,"footnotes":"","jetpack_publicize_message":"","jetpack_publicize_feature_enabled":true,"jetpack_social_post_already_shared":true,"jetpack_social_options":{"image_generator_settings":{"template":"highway","default_image_id":0,"font":"","enabled":false},"version":2}},"categories":[200],"tags":[21,134,347],"class_list":["post-23188","post","type-post","status-publish","format-standard","has-post-thumbnail","hentry","category-brasil","tag-bolsonaro","tag-cultura","tag-oab"],"jetpack_publicize_connections":[],"jetpack_featured_media_url":"https:\/\/blogopara.com.br\/wp-content\/uploads\/2021\/05\/IMAGEM_NOTICIA_5-3.jpg","uagb_featured_image_src":{"full":["https:\/\/blogopara.com.br\/wp-content\/uploads\/2021\/05\/IMAGEM_NOTICIA_5-3.jpg",400,294,false],"thumbnail":["https:\/\/blogopara.com.br\/wp-content\/uploads\/2021\/05\/IMAGEM_NOTICIA_5-3-150x150.jpg",150,150,true],"medium":["https:\/\/blogopara.com.br\/wp-content\/uploads\/2021\/05\/IMAGEM_NOTICIA_5-3-300x221.jpg",300,221,true],"medium_large":["https:\/\/blogopara.com.br\/wp-content\/uploads\/2021\/05\/IMAGEM_NOTICIA_5-3.jpg",400,294,false],"large":["https:\/\/blogopara.com.br\/wp-content\/uploads\/2021\/05\/IMAGEM_NOTICIA_5-3.jpg",400,294,false],"1536x1536":["https:\/\/blogopara.com.br\/wp-content\/uploads\/2021\/05\/IMAGEM_NOTICIA_5-3.jpg",400,294,false],"2048x2048":["https:\/\/blogopara.com.br\/wp-content\/uploads\/2021\/05\/IMAGEM_NOTICIA_5-3.jpg",400,294,false],"mantranews-slider-large":["https:\/\/blogopara.com.br\/wp-content\/uploads\/2021\/05\/IMAGEM_NOTICIA_5-3.jpg",400,294,false],"mantranews-featured-medium":["https:\/\/blogopara.com.br\/wp-content\/uploads\/2021\/05\/IMAGEM_NOTICIA_5-3.jpg",400,294,false],"mantranews-featured-long":["https:\/\/blogopara.com.br\/wp-content\/uploads\/2021\/05\/IMAGEM_NOTICIA_5-3-300x294.jpg",300,294,true],"mantranews-block-medium":["https:\/\/blogopara.com.br\/wp-content\/uploads\/2021\/05\/IMAGEM_NOTICIA_5-3-400x290.jpg",400,290,true],"mantranews-carousel-image":["https:\/\/blogopara.com.br\/wp-content\/uploads\/2021\/05\/IMAGEM_NOTICIA_5-3.jpg",400,294,false],"mantranews-block-thumb":["https:\/\/blogopara.com.br\/wp-content\/uploads\/2021\/05\/IMAGEM_NOTICIA_5-3-322x230.jpg",322,230,true],"mantranews-single-large":["https:\/\/blogopara.com.br\/wp-content\/uploads\/2021\/05\/IMAGEM_NOTICIA_5-3.jpg",400,294,false]},"uagb_author_info":{"display_name":"Reda\u00e7\u00e3o geral","author_link":"https:\/\/blogopara.com.br\/index.php\/author\/blogopara"},"uagb_comment_info":0,"uagb_excerpt":"O Conselho Federal da Ordem dos Advogados do Brasil (OAB) decidiu mover uma A\u00e7\u00e3o Civil P\u00fablica junto \u00e0 Justi\u00e7a Federal, em Bras\u00edlia, denunciando o que consideram o desmonte da cena cultural do pa\u00eds promovido pelo governo Bolsonaro. De acordo com informa\u00e7\u00f5es da coluna de Ancelmo Gois, no jornal O Globo, o documento da OAB defende&hellip;","jetpack_sharing_enabled":true,"jetpack_likes_enabled":true,"_links":{"self":[{"href":"https:\/\/blogopara.com.br\/index.php\/wp-json\/wp\/v2\/posts\/23188","targetHints":{"allow":["GET"]}}],"collection":[{"href":"https:\/\/blogopara.com.br\/index.php\/wp-json\/wp\/v2\/posts"}],"about":[{"href":"https:\/\/blogopara.com.br\/index.php\/wp-json\/wp\/v2\/types\/post"}],"author":[{"embeddable":true,"href":"https:\/\/blogopara.com.br\/index.php\/wp-json\/wp\/v2\/users\/1"}],"replies":[{"embeddable":true,"href":"https:\/\/blogopara.com.br\/index.php\/wp-json\/wp\/v2\/comments?post=23188"}],"version-history":[{"count":1,"href":"https:\/\/blogopara.com.br\/index.php\/wp-json\/wp\/v2\/posts\/23188\/revisions"}],"predecessor-version":[{"id":23191,"href":"https:\/\/blogopara.com.br\/index.php\/wp-json\/wp\/v2\/posts\/23188\/revisions\/23191"}],"wp:featuredmedia":[{"embeddable":true,"href":"https:\/\/blogopara.com.br\/index.php\/wp-json\/wp\/v2\/media\/23189"}],"wp:attachment":[{"href":"https:\/\/blogopara.com.br\/index.php\/wp-json\/wp\/v2\/media?parent=23188"}],"wp:term":[{"taxonomy":"category","embeddable":true,"href":"https:\/\/blogopara.com.br\/index.php\/wp-json\/wp\/v2\/categories?post=23188"},{"taxonomy":"post_tag","embeddable":true,"href":"https:\/\/blogopara.com.br\/index.php\/wp-json\/wp\/v2\/tags?post=23188"}],"curies":[{"name":"wp","href":"https:\/\/api.w.org\/{rel}","templated":true}]}}