{"id":23226,"date":"2021-05-13T16:39:00","date_gmt":"2021-05-13T19:39:00","guid":{"rendered":"https:\/\/blogopara.com.br\/?p=23226"},"modified":"2021-05-13T16:37:16","modified_gmt":"2021-05-13T19:37:16","slug":"13-de-maio-ha-o-que-se-comemorar","status":"publish","type":"post","link":"https:\/\/blogopara.com.br\/index.php\/2021\/05\/13\/13-de-maio-ha-o-que-se-comemorar","title":{"rendered":"13 de maio: h\u00e1 o que se comemorar?"},"content":{"rendered":"<p style=\"text-align: justify;\">O processo que levou ao fim da escravid\u00e3o foi resultado dos fatos gerados no interior do pr\u00f3prio sistema, provocado pelo protagonismo e luta dos pr\u00f3prios negros que insurgiram contra o cativeiro. Foi o conjunto de a\u00e7\u00f5es individuais ou coletivas, ataques a propriet\u00e1rios e feitores, fugas, forma\u00e7\u00e3o de quilombos, inc\u00eandios de fazendas, conspira\u00e7\u00f5es, rebeli\u00f5es e insurrei\u00e7\u00f5es que levaram a esse resultado. Na perspectiva internacional, o fim da escravid\u00e3o, se alinhava aos interesses capitalistas do Imp\u00e9rio Brit\u00e2nico por m\u00e3o de obra assalariada e consumidora de seus produtos industrializados.<br \/><br \/>A extin\u00e7\u00e3o do trabalho escravo, entretanto, n\u00e3o foi um processo gradual e linear que desembocou na assinatura da Lei \u00c1urea, em 13 de maio de 1888, pela sucessora do trono, a Princesa Isabel. Deu-se com avan\u00e7os e recuos, adequa\u00e7\u00f5es, conflitos, lutas e acomoda\u00e7\u00f5es entre os grupos sociais em disputa.<br \/><br \/>A Lei \u00c1urea n\u00e3o foi pensada a partir de uma liberdade plena. O fim legal da escravid\u00e3o n\u00e3o garantiu efetivamente a inser\u00e7\u00e3o da popula\u00e7\u00e3o negra na vida econ\u00f4mica, pol\u00edtica e social, empurrando-a para as margens da sociedade, situa\u00e7\u00e3o que persiste at\u00e9 os dias atuais. Abandonados \u00e0 pr\u00f3pria sorte no p\u00f3s-aboli\u00e7\u00e3o e em uma sociedade republicana, coube aos pr\u00f3prios negros organizarem novas formas de lutas para a prote\u00e7\u00e3o da sua vida e pelos seus direitos.<br \/><br \/>Junto com a escravid\u00e3o, o racismo constitui um outro elemento central para entender a condi\u00e7\u00e3o de mulheres e homens negros no Brasil contempor\u00e2neo, uma vez que estes dois elementos s\u00e3o estruturais e estruturantes da sociedade e das rela\u00e7\u00f5es raciais no pa\u00eds.<br \/><br \/>Passados 132 anos do fim legal da escravid\u00e3o no Brasil, permanece a luta por repara\u00e7\u00e3o e por pol\u00edticas p\u00fablicas de acesso \u00e0 moradia, \u00e0 educa\u00e7\u00e3o de qualidade, \u00e0 sa\u00fade, ao trabalho remunerado, por equidade de oportunidades conforme estabelece o Estatuto da Igualdade Racial. Seguimos na luta cotidiana pelo fim da viol\u00eancia e contra o genoc\u00eddio da juventude e o encarceramento em massa e em defesa do abolicionismo penal. Na luta pelo enfrentamento ao racismo e pela vida.<\/p>\n\n\n<p>Fonte: P\u00e1gina PSOL Carioca<\/p>\n","protected":false},"excerpt":{"rendered":"<p>O processo que levou ao fim da escravid\u00e3o foi resultado dos fatos gerados no interior do pr\u00f3prio sistema, provocado pelo protagonismo e luta dos pr\u00f3prios negros que insurgiram contra o cativeiro. Foi o conjunto de a\u00e7\u00f5es individuais ou coletivas, ataques a propriet\u00e1rios e feitores, fugas, forma\u00e7\u00e3o de quilombos, inc\u00eandios de fazendas, conspira\u00e7\u00f5es, rebeli\u00f5es e insurrei\u00e7\u00f5es [&hellip;]<\/p>\n","protected":false},"author":1,"featured_media":23227,"comment_status":"closed","ping_status":"open","sticky":false,"template":"","format":"standard","meta":{"_uag_custom_page_level_css":"","_monsterinsights_skip_tracking":false,"_monsterinsights_sitenote_active":false,"_monsterinsights_sitenote_note":"","_monsterinsights_sitenote_category":0,"jetpack_post_was_ever_published":false,"_jetpack_newsletter_access":"","_jetpack_dont_email_post_to_subs":false,"_jetpack_newsletter_tier_id":0,"_jetpack_memberships_contains_paywalled_content":false,"_jetpack_memberships_contains_paid_content":false,"footnotes":"","jetpack_publicize_message":"","jetpack_publicize_feature_enabled":true,"jetpack_social_post_already_shared":true,"jetpack_social_options":{"image_generator_settings":{"template":"highway","default_image_id":0,"font":"","enabled":false},"version":2}},"categories":[200],"tags":[2936,2464,2937,2938],"class_list":["post-23226","post","type-post","status-publish","format-standard","has-post-thumbnail","hentry","category-brasil","tag-13-de-maio","tag-comemoracao","tag-fim-da-escradidao","tag-lei-aurea"],"jetpack_publicize_connections":[],"jetpack_featured_media_url":"https:\/\/blogopara.com.br\/wp-content\/uploads\/2021\/05\/4446ffe8-fc59-4dca-b9d7-a7ae5604384c.jpg","uagb_featured_image_src":{"full":["https:\/\/blogopara.com.br\/wp-content\/uploads\/2021\/05\/4446ffe8-fc59-4dca-b9d7-a7ae5604384c.jpg",500,277,false],"thumbnail":["https:\/\/blogopara.com.br\/wp-content\/uploads\/2021\/05\/4446ffe8-fc59-4dca-b9d7-a7ae5604384c-150x150.jpg",150,150,true],"medium":["https:\/\/blogopara.com.br\/wp-content\/uploads\/2021\/05\/4446ffe8-fc59-4dca-b9d7-a7ae5604384c-300x166.jpg",300,166,true],"medium_large":["https:\/\/blogopara.com.br\/wp-content\/uploads\/2021\/05\/4446ffe8-fc59-4dca-b9d7-a7ae5604384c.jpg",500,277,false],"large":["https:\/\/blogopara.com.br\/wp-content\/uploads\/2021\/05\/4446ffe8-fc59-4dca-b9d7-a7ae5604384c.jpg",500,277,false],"1536x1536":["https:\/\/blogopara.com.br\/wp-content\/uploads\/2021\/05\/4446ffe8-fc59-4dca-b9d7-a7ae5604384c.jpg",500,277,false],"2048x2048":["https:\/\/blogopara.com.br\/wp-content\/uploads\/2021\/05\/4446ffe8-fc59-4dca-b9d7-a7ae5604384c.jpg",500,277,false],"mantranews-slider-large":["https:\/\/blogopara.com.br\/wp-content\/uploads\/2021\/05\/4446ffe8-fc59-4dca-b9d7-a7ae5604384c.jpg",500,277,false],"mantranews-featured-medium":["https:\/\/blogopara.com.br\/wp-content\/uploads\/2021\/05\/4446ffe8-fc59-4dca-b9d7-a7ae5604384c-420x277.jpg",420,277,true],"mantranews-featured-long":["https:\/\/blogopara.com.br\/wp-content\/uploads\/2021\/05\/4446ffe8-fc59-4dca-b9d7-a7ae5604384c-300x277.jpg",300,277,true],"mantranews-block-medium":["https:\/\/blogopara.com.br\/wp-content\/uploads\/2021\/05\/4446ffe8-fc59-4dca-b9d7-a7ae5604384c-464x277.jpg",464,277,true],"mantranews-carousel-image":["https:\/\/blogopara.com.br\/wp-content\/uploads\/2021\/05\/4446ffe8-fc59-4dca-b9d7-a7ae5604384c.jpg",500,277,false],"mantranews-block-thumb":["https:\/\/blogopara.com.br\/wp-content\/uploads\/2021\/05\/4446ffe8-fc59-4dca-b9d7-a7ae5604384c-322x230.jpg",322,230,true],"mantranews-single-large":["https:\/\/blogopara.com.br\/wp-content\/uploads\/2021\/05\/4446ffe8-fc59-4dca-b9d7-a7ae5604384c.jpg",500,277,false]},"uagb_author_info":{"display_name":"Reda\u00e7\u00e3o geral","author_link":"https:\/\/blogopara.com.br\/index.php\/author\/blogopara"},"uagb_comment_info":0,"uagb_excerpt":"O processo que levou ao fim da escravid\u00e3o foi resultado dos fatos gerados no interior do pr\u00f3prio sistema, provocado pelo protagonismo e luta dos pr\u00f3prios negros que insurgiram contra o cativeiro. Foi o conjunto de a\u00e7\u00f5es individuais ou coletivas, ataques a propriet\u00e1rios e feitores, fugas, forma\u00e7\u00e3o de quilombos, inc\u00eandios de fazendas, conspira\u00e7\u00f5es, rebeli\u00f5es e insurrei\u00e7\u00f5es&hellip;","jetpack_sharing_enabled":true,"jetpack_likes_enabled":true,"_links":{"self":[{"href":"https:\/\/blogopara.com.br\/index.php\/wp-json\/wp\/v2\/posts\/23226","targetHints":{"allow":["GET"]}}],"collection":[{"href":"https:\/\/blogopara.com.br\/index.php\/wp-json\/wp\/v2\/posts"}],"about":[{"href":"https:\/\/blogopara.com.br\/index.php\/wp-json\/wp\/v2\/types\/post"}],"author":[{"embeddable":true,"href":"https:\/\/blogopara.com.br\/index.php\/wp-json\/wp\/v2\/users\/1"}],"replies":[{"embeddable":true,"href":"https:\/\/blogopara.com.br\/index.php\/wp-json\/wp\/v2\/comments?post=23226"}],"version-history":[{"count":1,"href":"https:\/\/blogopara.com.br\/index.php\/wp-json\/wp\/v2\/posts\/23226\/revisions"}],"predecessor-version":[{"id":23228,"href":"https:\/\/blogopara.com.br\/index.php\/wp-json\/wp\/v2\/posts\/23226\/revisions\/23228"}],"wp:featuredmedia":[{"embeddable":true,"href":"https:\/\/blogopara.com.br\/index.php\/wp-json\/wp\/v2\/media\/23227"}],"wp:attachment":[{"href":"https:\/\/blogopara.com.br\/index.php\/wp-json\/wp\/v2\/media?parent=23226"}],"wp:term":[{"taxonomy":"category","embeddable":true,"href":"https:\/\/blogopara.com.br\/index.php\/wp-json\/wp\/v2\/categories?post=23226"},{"taxonomy":"post_tag","embeddable":true,"href":"https:\/\/blogopara.com.br\/index.php\/wp-json\/wp\/v2\/tags?post=23226"}],"curies":[{"name":"wp","href":"https:\/\/api.w.org\/{rel}","templated":true}]}}