{"id":23281,"date":"2021-05-15T16:19:00","date_gmt":"2021-05-15T19:19:00","guid":{"rendered":"https:\/\/blogopara.com.br\/?p=23281"},"modified":"2021-05-14T14:23:04","modified_gmt":"2021-05-14T17:23:04","slug":"vilas-boas-ve-especulacoes-para-candidatura-como-naturais-e-nao-afasta-possibilidade","status":"publish","type":"post","link":"https:\/\/blogopara.com.br\/index.php\/2021\/05\/15\/vilas-boas-ve-especulacoes-para-candidatura-como-naturais-e-nao-afasta-possibilidade","title":{"rendered":"Vilas-Boas v\u00ea especula\u00e7\u00f5es para candidatura como naturais e n\u00e3o afasta possibilidade"},"content":{"rendered":"<p style=\"text-align: justify;\">Diante da grande visibilidade que ganhou durante a condu\u00e7\u00e3o da Secretaria da Sa\u00fade da Bahia (Sesab) na pandemia da Covid-19, o nome de F\u00e1bio Vilas-Boas tem estado no centro de especula\u00e7\u00f5es sobre a possibilidade de uma candidatura em 2022. O pr\u00f3prio secret\u00e1rio reconhece como natural essas teorias e conjecturas. Ele ainda n\u00e3o admite que vai pleitear um cargo eletivo nas elei\u00e7\u00f5es do ano que vem, mas tamb\u00e9m n\u00e3o nega ou afasta a possibilidade.<\/p>\n<div id=\"div-gpt-ad-bn_principal_conteudo\" data-google-query-id=\"COaT7I7XyfACFUMzuQYdAXEEjw\">\n<p style=\"text-align: justify;\">O secret\u00e1rio tem a seu favor, al\u00e9m do longo per\u00edodo no comando da Sesab, um grande capital pol\u00edtico adquirido com o enfrentamento da pandemia da Covid-19. A crise sanit\u00e1ria, que impactou a vida das pessoas de tantas formas, deve ser um fator determinante tamb\u00e9m nas elei\u00e7\u00f5es do ano que vem, na avalia\u00e7\u00e3o de especialistas.<\/p>\n<p style=\"text-align: justify;\">O cientista pol\u00edtico e professor da Universidade da Integra\u00e7\u00e3o Internacional da Lusofonia Afro-Brasileira (Unilab), Cl\u00e1udio Andr\u00e9 Souza, acredita que se o per\u00edodo eleitoral de 2018 foi marcado pela ascens\u00e3o de figuras ligadas a seguran\u00e7a, o de 2022 ser\u00e1 pelos personagens ligados \u00e0 Sa\u00fade e ao enfrentamento da Covid-19. Em se tratando de elei\u00e7\u00e3o, a pandemia pode acabar sendo uma esp\u00e9cie de atalho para os gestores da sa\u00fade decolarem na carreira pol\u00edtica.<\/p>\n<p style=\"text-align: justify;\">De acordo com Vilas-Boas, ele entrou na pol\u00edtica como t\u00e9cnico, a convite do governador Rui Costa (PT), e n\u00e3o com objetivo eleitoral. Mas reconheceu que no momento oportuno vai conversar com Rui para definir a entrada na vida pol\u00edtica partid\u00e1ria.<\/p>\n<p style=\"text-align: justify;\">O titular da Sa\u00fade baiana n\u00e3o \u00e9 sequer filiado a um partido pol\u00edtico, mas n\u00e3o por falta de convite. \u201cOs convites sempre aparecem, de v\u00e1rios partidos, e fico honrado com eles, o que demonstra o reconhecimento do trabalho que vem sendo executado na Secretaria da Sa\u00fade da Bahia\u201d, confessou.<\/p>\n<p style=\"text-align: justify;\">O nome do secret\u00e1rio chegou a ser ventilado como pr\u00e9-candidato \u00e0 prefeitura de Salvador antes das elei\u00e7\u00f5es municipais de 2020. Na \u00e9poca ele negava ter inten\u00e7\u00f5es de se candidatar a um cargo eletivo.<\/p>\n<p>Fonte: Bahia Not\u00edcias<\/p>\n<\/div>\n","protected":false},"excerpt":{"rendered":"<p>Diante da grande visibilidade que ganhou durante a condu\u00e7\u00e3o da Secretaria da Sa\u00fade da Bahia (Sesab) na pandemia da Covid-19, o nome de F\u00e1bio Vilas-Boas tem estado no centro de especula\u00e7\u00f5es sobre a possibilidade de uma candidatura em 2022. O pr\u00f3prio secret\u00e1rio reconhece como natural essas teorias e conjecturas. Ele ainda n\u00e3o admite que vai [&hellip;]<\/p>\n","protected":false},"author":1,"featured_media":23282,"comment_status":"open","ping_status":"open","sticky":false,"template":"","format":"standard","meta":{"_uag_custom_page_level_css":"","_monsterinsights_skip_tracking":false,"_monsterinsights_sitenote_active":false,"_monsterinsights_sitenote_note":"","_monsterinsights_sitenote_category":0,"jetpack_post_was_ever_published":false,"_jetpack_newsletter_access":"","_jetpack_dont_email_post_to_subs":false,"_jetpack_newsletter_tier_id":0,"_jetpack_memberships_contains_paywalled_content":false,"_jetpack_memberships_contains_paid_content":false,"footnotes":"","jetpack_publicize_message":"","jetpack_publicize_feature_enabled":true,"jetpack_social_post_already_shared":true,"jetpack_social_options":{"image_generator_settings":{"template":"highway","default_image_id":0,"font":"","enabled":false},"version":2}},"categories":[199,197],"tags":[11,1483,1327,536],"class_list":["post-23281","post","type-post","status-publish","format-standard","has-post-thumbnail","hentry","category-bahia","category-politica","tag-bahia","tag-covid-19","tag-eleicoes-2022","tag-sesau"],"jetpack_publicize_connections":[],"jetpack_featured_media_url":"https:\/\/blogopara.com.br\/wp-content\/uploads\/2021\/05\/IMAGEM_NOTICIA_5-8.jpg","uagb_featured_image_src":{"full":["https:\/\/blogopara.com.br\/wp-content\/uploads\/2021\/05\/IMAGEM_NOTICIA_5-8.jpg",400,294,false],"thumbnail":["https:\/\/blogopara.com.br\/wp-content\/uploads\/2021\/05\/IMAGEM_NOTICIA_5-8-150x150.jpg",150,150,true],"medium":["https:\/\/blogopara.com.br\/wp-content\/uploads\/2021\/05\/IMAGEM_NOTICIA_5-8-300x221.jpg",300,221,true],"medium_large":["https:\/\/blogopara.com.br\/wp-content\/uploads\/2021\/05\/IMAGEM_NOTICIA_5-8.jpg",400,294,false],"large":["https:\/\/blogopara.com.br\/wp-content\/uploads\/2021\/05\/IMAGEM_NOTICIA_5-8.jpg",400,294,false],"1536x1536":["https:\/\/blogopara.com.br\/wp-content\/uploads\/2021\/05\/IMAGEM_NOTICIA_5-8.jpg",400,294,false],"2048x2048":["https:\/\/blogopara.com.br\/wp-content\/uploads\/2021\/05\/IMAGEM_NOTICIA_5-8.jpg",400,294,false],"mantranews-slider-large":["https:\/\/blogopara.com.br\/wp-content\/uploads\/2021\/05\/IMAGEM_NOTICIA_5-8.jpg",400,294,false],"mantranews-featured-medium":["https:\/\/blogopara.com.br\/wp-content\/uploads\/2021\/05\/IMAGEM_NOTICIA_5-8.jpg",400,294,false],"mantranews-featured-long":["https:\/\/blogopara.com.br\/wp-content\/uploads\/2021\/05\/IMAGEM_NOTICIA_5-8-300x294.jpg",300,294,true],"mantranews-block-medium":["https:\/\/blogopara.com.br\/wp-content\/uploads\/2021\/05\/IMAGEM_NOTICIA_5-8-400x290.jpg",400,290,true],"mantranews-carousel-image":["https:\/\/blogopara.com.br\/wp-content\/uploads\/2021\/05\/IMAGEM_NOTICIA_5-8.jpg",400,294,false],"mantranews-block-thumb":["https:\/\/blogopara.com.br\/wp-content\/uploads\/2021\/05\/IMAGEM_NOTICIA_5-8-322x230.jpg",322,230,true],"mantranews-single-large":["https:\/\/blogopara.com.br\/wp-content\/uploads\/2021\/05\/IMAGEM_NOTICIA_5-8.jpg",400,294,false]},"uagb_author_info":{"display_name":"Reda\u00e7\u00e3o geral","author_link":"https:\/\/blogopara.com.br\/index.php\/author\/blogopara"},"uagb_comment_info":0,"uagb_excerpt":"Diante da grande visibilidade que ganhou durante a condu\u00e7\u00e3o da Secretaria da Sa\u00fade da Bahia (Sesab) na pandemia da Covid-19, o nome de F\u00e1bio Vilas-Boas tem estado no centro de especula\u00e7\u00f5es sobre a possibilidade de uma candidatura em 2022. O pr\u00f3prio secret\u00e1rio reconhece como natural essas teorias e conjecturas. Ele ainda n\u00e3o admite que vai&hellip;","jetpack_sharing_enabled":true,"jetpack_likes_enabled":true,"_links":{"self":[{"href":"https:\/\/blogopara.com.br\/index.php\/wp-json\/wp\/v2\/posts\/23281","targetHints":{"allow":["GET"]}}],"collection":[{"href":"https:\/\/blogopara.com.br\/index.php\/wp-json\/wp\/v2\/posts"}],"about":[{"href":"https:\/\/blogopara.com.br\/index.php\/wp-json\/wp\/v2\/types\/post"}],"author":[{"embeddable":true,"href":"https:\/\/blogopara.com.br\/index.php\/wp-json\/wp\/v2\/users\/1"}],"replies":[{"embeddable":true,"href":"https:\/\/blogopara.com.br\/index.php\/wp-json\/wp\/v2\/comments?post=23281"}],"version-history":[{"count":1,"href":"https:\/\/blogopara.com.br\/index.php\/wp-json\/wp\/v2\/posts\/23281\/revisions"}],"predecessor-version":[{"id":23283,"href":"https:\/\/blogopara.com.br\/index.php\/wp-json\/wp\/v2\/posts\/23281\/revisions\/23283"}],"wp:featuredmedia":[{"embeddable":true,"href":"https:\/\/blogopara.com.br\/index.php\/wp-json\/wp\/v2\/media\/23282"}],"wp:attachment":[{"href":"https:\/\/blogopara.com.br\/index.php\/wp-json\/wp\/v2\/media?parent=23281"}],"wp:term":[{"taxonomy":"category","embeddable":true,"href":"https:\/\/blogopara.com.br\/index.php\/wp-json\/wp\/v2\/categories?post=23281"},{"taxonomy":"post_tag","embeddable":true,"href":"https:\/\/blogopara.com.br\/index.php\/wp-json\/wp\/v2\/tags?post=23281"}],"curies":[{"name":"wp","href":"https:\/\/api.w.org\/{rel}","templated":true}]}}