{"id":23410,"date":"2021-05-17T14:57:29","date_gmt":"2021-05-17T17:57:29","guid":{"rendered":"https:\/\/blogopara.com.br\/?p=23410"},"modified":"2021-05-17T15:34:37","modified_gmt":"2021-05-17T18:34:37","slug":"sebrae-bahia-emite-nota-de-pesar-pelo-falecimento-de-joao-caffe-netto","status":"publish","type":"post","link":"https:\/\/blogopara.com.br\/index.php\/2021\/05\/17\/sebrae-bahia-emite-nota-de-pesar-pelo-falecimento-de-joao-caffe-netto","title":{"rendered":"Sebrae\/Bahia emite Nota de Pesar pelo falecimento de Jo\u00e3o Caff\u00e9 Netto."},"content":{"rendered":"<p style=\"text-align: justify;\">O Sebrae lamenta, com profundo pesar, o falecimento em 16 de maio do empres\u00e1rio Jo\u00e3o Caf\u00e9 Neto, destacado comerciante de Juazeiro e pai do assessor da Superintend\u00eancia do Sebrae\/BA, Herbert Caf\u00e9.<\/p>\n<p style=\"text-align: justify;\">Nossa solidariedade e condol\u00eancias aos familiares e amigos por esta perda.<\/p>\n<p style=\"text-align: justify;\">\nJorge Khoury<br \/>\nDiretor Superintendente do Sebrae\/BA<\/p>\n","protected":false},"excerpt":{"rendered":"<p>O Sebrae lamenta, com profundo pesar, o falecimento em 16 de maio do empres\u00e1rio Jo\u00e3o Caf\u00e9 Neto, destacado comerciante de Juazeiro e pai do assessor da Superintend\u00eancia do Sebrae\/BA, Herbert Caf\u00e9. Nossa solidariedade e condol\u00eancias aos familiares e amigos por esta perda. Jorge Khoury Diretor Superintendente do Sebrae\/BA<\/p>\n","protected":false},"author":1,"featured_media":23423,"comment_status":"closed","ping_status":"open","sticky":false,"template":"","format":"standard","meta":{"_uag_custom_page_level_css":"","_monsterinsights_skip_tracking":false,"_monsterinsights_sitenote_active":false,"_monsterinsights_sitenote_note":"","_monsterinsights_sitenote_category":0,"jetpack_post_was_ever_published":false,"_jetpack_newsletter_access":"","_jetpack_dont_email_post_to_subs":false,"_jetpack_newsletter_tier_id":0,"_jetpack_memberships_contains_paywalled_content":false,"_jetpack_memberships_contains_paid_content":false,"footnotes":"","jetpack_publicize_message":"","jetpack_publicize_feature_enabled":true,"jetpack_social_post_already_shared":true,"jetpack_social_options":{"image_generator_settings":{"template":"highway","default_image_id":0,"font":"","enabled":false},"version":2}},"categories":[199,203],"tags":[2956,2995,2996],"class_list":["post-23410","post","type-post","status-publish","format-standard","has-post-thumbnail","hentry","category-bahia","category-juazeiro","tag-jorge-khoury","tag-nota-de-pesar","tag-sebrae-bahia"],"jetpack_publicize_connections":[],"jetpack_featured_media_url":"https:\/\/blogopara.com.br\/wp-content\/uploads\/2021\/05\/04c3e541-db62-4179-862d-42c087b1418e.jpg","uagb_featured_image_src":{"full":["https:\/\/blogopara.com.br\/wp-content\/uploads\/2021\/05\/04c3e541-db62-4179-862d-42c087b1418e.jpg",500,666,false],"thumbnail":["https:\/\/blogopara.com.br\/wp-content\/uploads\/2021\/05\/04c3e541-db62-4179-862d-42c087b1418e-150x150.jpg",150,150,true],"medium":["https:\/\/blogopara.com.br\/wp-content\/uploads\/2021\/05\/04c3e541-db62-4179-862d-42c087b1418e-225x300.jpg",225,300,true],"medium_large":["https:\/\/blogopara.com.br\/wp-content\/uploads\/2021\/05\/04c3e541-db62-4179-862d-42c087b1418e.jpg",500,666,false],"large":["https:\/\/blogopara.com.br\/wp-content\/uploads\/2021\/05\/04c3e541-db62-4179-862d-42c087b1418e.jpg",500,666,false],"1536x1536":["https:\/\/blogopara.com.br\/wp-content\/uploads\/2021\/05\/04c3e541-db62-4179-862d-42c087b1418e.jpg",500,666,false],"2048x2048":["https:\/\/blogopara.com.br\/wp-content\/uploads\/2021\/05\/04c3e541-db62-4179-862d-42c087b1418e.jpg",500,666,false],"mantranews-slider-large":["https:\/\/blogopara.com.br\/wp-content\/uploads\/2021\/05\/04c3e541-db62-4179-862d-42c087b1418e.jpg",500,666,false],"mantranews-featured-medium":["https:\/\/blogopara.com.br\/wp-content\/uploads\/2021\/05\/04c3e541-db62-4179-862d-42c087b1418e-420x307.jpg",420,307,true],"mantranews-featured-long":["https:\/\/blogopara.com.br\/wp-content\/uploads\/2021\/05\/04c3e541-db62-4179-862d-42c087b1418e-300x443.jpg",300,443,true],"mantranews-block-medium":["https:\/\/blogopara.com.br\/wp-content\/uploads\/2021\/05\/04c3e541-db62-4179-862d-42c087b1418e-464x290.jpg",464,290,true],"mantranews-carousel-image":["https:\/\/blogopara.com.br\/wp-content\/uploads\/2021\/05\/04c3e541-db62-4179-862d-42c087b1418e-500x500.jpg",500,500,true],"mantranews-block-thumb":["https:\/\/blogopara.com.br\/wp-content\/uploads\/2021\/05\/04c3e541-db62-4179-862d-42c087b1418e-322x230.jpg",322,230,true],"mantranews-single-large":["https:\/\/blogopara.com.br\/wp-content\/uploads\/2021\/05\/04c3e541-db62-4179-862d-42c087b1418e-500x642.jpg",500,642,true]},"uagb_author_info":{"display_name":"Reda\u00e7\u00e3o geral","author_link":"https:\/\/blogopara.com.br\/index.php\/author\/blogopara"},"uagb_comment_info":0,"uagb_excerpt":"O Sebrae lamenta, com profundo pesar, o falecimento em 16 de maio do empres\u00e1rio Jo\u00e3o Caf\u00e9 Neto, destacado comerciante de Juazeiro e pai do assessor da Superintend\u00eancia do Sebrae\/BA, Herbert Caf\u00e9. Nossa solidariedade e condol\u00eancias aos familiares e amigos por esta perda. Jorge Khoury Diretor Superintendente do Sebrae\/BA","jetpack_sharing_enabled":true,"jetpack_likes_enabled":true,"_links":{"self":[{"href":"https:\/\/blogopara.com.br\/index.php\/wp-json\/wp\/v2\/posts\/23410","targetHints":{"allow":["GET"]}}],"collection":[{"href":"https:\/\/blogopara.com.br\/index.php\/wp-json\/wp\/v2\/posts"}],"about":[{"href":"https:\/\/blogopara.com.br\/index.php\/wp-json\/wp\/v2\/types\/post"}],"author":[{"embeddable":true,"href":"https:\/\/blogopara.com.br\/index.php\/wp-json\/wp\/v2\/users\/1"}],"replies":[{"embeddable":true,"href":"https:\/\/blogopara.com.br\/index.php\/wp-json\/wp\/v2\/comments?post=23410"}],"version-history":[{"count":2,"href":"https:\/\/blogopara.com.br\/index.php\/wp-json\/wp\/v2\/posts\/23410\/revisions"}],"predecessor-version":[{"id":23414,"href":"https:\/\/blogopara.com.br\/index.php\/wp-json\/wp\/v2\/posts\/23410\/revisions\/23414"}],"wp:featuredmedia":[{"embeddable":true,"href":"https:\/\/blogopara.com.br\/index.php\/wp-json\/wp\/v2\/media\/23423"}],"wp:attachment":[{"href":"https:\/\/blogopara.com.br\/index.php\/wp-json\/wp\/v2\/media?parent=23410"}],"wp:term":[{"taxonomy":"category","embeddable":true,"href":"https:\/\/blogopara.com.br\/index.php\/wp-json\/wp\/v2\/categories?post=23410"},{"taxonomy":"post_tag","embeddable":true,"href":"https:\/\/blogopara.com.br\/index.php\/wp-json\/wp\/v2\/tags?post=23410"}],"curies":[{"name":"wp","href":"https:\/\/api.w.org\/{rel}","templated":true}]}}