{"id":23447,"date":"2021-05-18T13:35:00","date_gmt":"2021-05-18T16:35:00","guid":{"rendered":"https:\/\/blogopara.com.br\/?p=23447"},"modified":"2021-05-18T12:36:49","modified_gmt":"2021-05-18T15:36:49","slug":"miguel-calmon-sequestrador-e-casal-mandante-do-rapto-de-crianca-sao-presos","status":"publish","type":"post","link":"https:\/\/blogopara.com.br\/index.php\/2021\/05\/18\/miguel-calmon-sequestrador-e-casal-mandante-do-rapto-de-crianca-sao-presos","title":{"rendered":"Miguel Calmon: Sequestrador e casal mandante do rapto de crian\u00e7a s\u00e3o presos"},"content":{"rendered":"<p style=\"text-align: justify;\">Tr\u00eas pessoas foram presas pela Pol\u00edcia Militar (PM) na noite da \u00faltima segunda-feira (17), por suspeita de participa\u00e7\u00e3o no sequestro de uma crian\u00e7a de 9 anos, identificada como Calebe Dourado Costa Barreto. O rapto aconteceu na manh\u00e3 de segunda, no centro da cidade de Miguel Calmon, na Chapada Norte. No entanto, a crian\u00e7a permanece desaparecida.<\/p>\n<p style=\"text-align: justify;\">O ve\u00edculo utilizado para raptar a crian\u00e7a foi roubado em 13 de maio, no munic\u00edpio de Feira de Santana, no Centro-Norte baiano. De acordo com informa\u00e7\u00f5es, ap\u00f3s colocar a crian\u00e7a no carro, o ve\u00edculo teria se envolvido em um acidente durante a fuga, em uma estrada vicinal no povoado de Cabral e teve os pneus estourados.<\/p>\n<p style=\"text-align: justify;\">Com isso, os policiais militares dos munic\u00edpios de Jacobina, Miguel Calmon e Piritiba cercaram a \u00e1rea de mata fechada, onde j\u00e1 acreditavam que os bandidos teriam fugido com o menino. Por volta das 18h30, um indiv\u00edduo, identificado como Em\u00edlio Lima de Magalh\u00e3es, 20 anos, foi visto por policiais militares caminhando em uma estrada vicinal em atitude suspeita.<\/p>\n<p style=\"text-align: justify;\">Durante a abordagem, um rev\u00f3lver calibre 38 foi encontrado com ele, que assumiu participa\u00e7\u00e3o no rapto da crian\u00e7a e informou que havia deixado a mata para buscar mantimento para os demais suspeitos que estavam com o garoto.<\/p>\n<p style=\"text-align: justify;\">O suspeito, que \u00e9 de Feira de Santana, informou que veio ao munic\u00edpio de Miguel Calmon para ajudar dois homens, identificados como Nagui e Josean, que haviam sido contratados por um casal de ciganos para sequestrar a crian\u00e7a, que tamb\u00e9m \u00e9 de uma fam\u00edlia cigana da cidade. Em\u00edlio apontou o casal, identificado como Sebasti\u00e3o Gama Barreto e Poliana Miranda, como sendo mandantes do crime<\/p>\n<p style=\"text-align: justify;\">\u201cO sequestrador disse que o casal deu todo o suporte a eles, desde o planejamento at\u00e9 a estadia na cidade para raptar a crian\u00e7a. A inten\u00e7\u00e3o era sequestrar e extorquir a fam\u00edlia, pedindo um valor de resgate\u201d, contou um policial em entrevista ao Jacobina Not\u00edcias.<\/p>\n<p style=\"text-align: justify;\">Com isso, o trio foi conduzido para a delegacia de Jacobina, onde Em\u00edlio e o casal de ciganos suspeito de planejar o crime foram interrogados e permanecem presos.<\/p>\n<p style=\"text-align: justify;\">J\u00e1 os outros dois supostos sequestradores, Nagui e Josean, que est\u00e3o com o garoto Calebe, s\u00e3o procurados pela pol\u00edcia na regi\u00e3o. Ainda na manh\u00e3 desta ter\u00e7a-feira (18) o menino continua desaparecido.<\/p>\n<p style=\"text-align: justify;\">Caso<\/p>\n<p style=\"text-align: justify;\">O garoto de nove anos foi sequestrado na manh\u00e3 de segunda-feira (17) na Avenida Ronan Mota, centro de Miguel Calmon. Segundo imagens divulgadas pela pol\u00edcia, dois homens armados aparecem surpreendendo o garoto, que brincava em frente \u00e0 resid\u00eancia da fam\u00edlia.<\/p>\n<p style=\"text-align: justify;\">A crian\u00e7a foi jogada no banco traseiro do ve\u00edculo de cor preta, que foi abandonado com os pneus furados. Desde o in\u00edcio da tarde de ontem (17), policiais militares, al\u00e9m de familiares da crian\u00e7a cercam o local na tentativa de encontrar o menino.\u00a0Jornal da Chapada com informa\u00e7\u00f5es de Jacobina Not\u00edcias.<\/p>\n<p style=\"text-align: justify;\">Por: Campo Formoso Not\u00edcias<\/p>\n\n\n<p><\/p>\n","protected":false},"excerpt":{"rendered":"<p>Tr\u00eas pessoas foram presas pela Pol\u00edcia Militar (PM) na noite da \u00faltima segunda-feira (17), por suspeita de participa\u00e7\u00e3o no sequestro de uma crian\u00e7a de 9 anos, identificada como Calebe Dourado Costa Barreto. O rapto aconteceu na manh\u00e3 de segunda, no centro da cidade de Miguel Calmon, na Chapada Norte. No entanto, a crian\u00e7a permanece desaparecida. [&hellip;]<\/p>\n","protected":false},"author":1,"featured_media":23448,"comment_status":"closed","ping_status":"open","sticky":false,"template":"","format":"standard","meta":{"_uag_custom_page_level_css":"","_monsterinsights_skip_tracking":false,"_monsterinsights_sitenote_active":false,"_monsterinsights_sitenote_note":"","_monsterinsights_sitenote_category":0,"jetpack_post_was_ever_published":false,"_jetpack_newsletter_access":"","_jetpack_dont_email_post_to_subs":false,"_jetpack_newsletter_tier_id":0,"_jetpack_memberships_contains_paywalled_content":false,"_jetpack_memberships_contains_paid_content":false,"footnotes":"","jetpack_publicize_message":"","jetpack_publicize_feature_enabled":true,"jetpack_social_post_already_shared":true,"jetpack_social_options":{"image_generator_settings":{"template":"highway","default_image_id":0,"font":"","enabled":false},"version":2}},"categories":[202],"tags":[684,3012,3013,819,3011],"class_list":["post-23447","post","type-post","status-publish","format-standard","has-post-thumbnail","hentry","category-policia","tag-crianca","tag-mandante-do-rapto","tag-miguel-calmon","tag-presos","tag-sequestrador-e-casal"],"jetpack_publicize_connections":[],"jetpack_featured_media_url":"https:\/\/blogopara.com.br\/wp-content\/uploads\/2021\/05\/2dbb820e-2335-4187-9d69-0bee0b6c3181.jpg","uagb_featured_image_src":{"full":["https:\/\/blogopara.com.br\/wp-content\/uploads\/2021\/05\/2dbb820e-2335-4187-9d69-0bee0b6c3181.jpg",500,243,false],"thumbnail":["https:\/\/blogopara.com.br\/wp-content\/uploads\/2021\/05\/2dbb820e-2335-4187-9d69-0bee0b6c3181-150x150.jpg",150,150,true],"medium":["https:\/\/blogopara.com.br\/wp-content\/uploads\/2021\/05\/2dbb820e-2335-4187-9d69-0bee0b6c3181-300x146.jpg",300,146,true],"medium_large":["https:\/\/blogopara.com.br\/wp-content\/uploads\/2021\/05\/2dbb820e-2335-4187-9d69-0bee0b6c3181.jpg",500,243,false],"large":["https:\/\/blogopara.com.br\/wp-content\/uploads\/2021\/05\/2dbb820e-2335-4187-9d69-0bee0b6c3181.jpg",500,243,false],"1536x1536":["https:\/\/blogopara.com.br\/wp-content\/uploads\/2021\/05\/2dbb820e-2335-4187-9d69-0bee0b6c3181.jpg",500,243,false],"2048x2048":["https:\/\/blogopara.com.br\/wp-content\/uploads\/2021\/05\/2dbb820e-2335-4187-9d69-0bee0b6c3181.jpg",500,243,false],"mantranews-slider-large":["https:\/\/blogopara.com.br\/wp-content\/uploads\/2021\/05\/2dbb820e-2335-4187-9d69-0bee0b6c3181.jpg",500,243,false],"mantranews-featured-medium":["https:\/\/blogopara.com.br\/wp-content\/uploads\/2021\/05\/2dbb820e-2335-4187-9d69-0bee0b6c3181-420x243.jpg",420,243,true],"mantranews-featured-long":["https:\/\/blogopara.com.br\/wp-content\/uploads\/2021\/05\/2dbb820e-2335-4187-9d69-0bee0b6c3181-300x243.jpg",300,243,true],"mantranews-block-medium":["https:\/\/blogopara.com.br\/wp-content\/uploads\/2021\/05\/2dbb820e-2335-4187-9d69-0bee0b6c3181-464x243.jpg",464,243,true],"mantranews-carousel-image":["https:\/\/blogopara.com.br\/wp-content\/uploads\/2021\/05\/2dbb820e-2335-4187-9d69-0bee0b6c3181.jpg",500,243,false],"mantranews-block-thumb":["https:\/\/blogopara.com.br\/wp-content\/uploads\/2021\/05\/2dbb820e-2335-4187-9d69-0bee0b6c3181-322x230.jpg",322,230,true],"mantranews-single-large":["https:\/\/blogopara.com.br\/wp-content\/uploads\/2021\/05\/2dbb820e-2335-4187-9d69-0bee0b6c3181.jpg",500,243,false]},"uagb_author_info":{"display_name":"Reda\u00e7\u00e3o geral","author_link":"https:\/\/blogopara.com.br\/index.php\/author\/blogopara"},"uagb_comment_info":0,"uagb_excerpt":"Tr\u00eas pessoas foram presas pela Pol\u00edcia Militar (PM) na noite da \u00faltima segunda-feira (17), por suspeita de participa\u00e7\u00e3o no sequestro de uma crian\u00e7a de 9 anos, identificada como Calebe Dourado Costa Barreto. O rapto aconteceu na manh\u00e3 de segunda, no centro da cidade de Miguel Calmon, na Chapada Norte. No entanto, a crian\u00e7a permanece desaparecida.&hellip;","jetpack_sharing_enabled":true,"jetpack_likes_enabled":true,"_links":{"self":[{"href":"https:\/\/blogopara.com.br\/index.php\/wp-json\/wp\/v2\/posts\/23447","targetHints":{"allow":["GET"]}}],"collection":[{"href":"https:\/\/blogopara.com.br\/index.php\/wp-json\/wp\/v2\/posts"}],"about":[{"href":"https:\/\/blogopara.com.br\/index.php\/wp-json\/wp\/v2\/types\/post"}],"author":[{"embeddable":true,"href":"https:\/\/blogopara.com.br\/index.php\/wp-json\/wp\/v2\/users\/1"}],"replies":[{"embeddable":true,"href":"https:\/\/blogopara.com.br\/index.php\/wp-json\/wp\/v2\/comments?post=23447"}],"version-history":[{"count":1,"href":"https:\/\/blogopara.com.br\/index.php\/wp-json\/wp\/v2\/posts\/23447\/revisions"}],"predecessor-version":[{"id":23449,"href":"https:\/\/blogopara.com.br\/index.php\/wp-json\/wp\/v2\/posts\/23447\/revisions\/23449"}],"wp:featuredmedia":[{"embeddable":true,"href":"https:\/\/blogopara.com.br\/index.php\/wp-json\/wp\/v2\/media\/23448"}],"wp:attachment":[{"href":"https:\/\/blogopara.com.br\/index.php\/wp-json\/wp\/v2\/media?parent=23447"}],"wp:term":[{"taxonomy":"category","embeddable":true,"href":"https:\/\/blogopara.com.br\/index.php\/wp-json\/wp\/v2\/categories?post=23447"},{"taxonomy":"post_tag","embeddable":true,"href":"https:\/\/blogopara.com.br\/index.php\/wp-json\/wp\/v2\/tags?post=23447"}],"curies":[{"name":"wp","href":"https:\/\/api.w.org\/{rel}","templated":true}]}}