{"id":23606,"date":"2021-05-21T14:14:28","date_gmt":"2021-05-21T17:14:28","guid":{"rendered":"https:\/\/blogopara.com.br\/?p=23606"},"modified":"2021-05-21T14:14:31","modified_gmt":"2021-05-21T17:14:31","slug":"jordavio-espinola-se-reune-com-adolfo-viana-na-pauta-o-desenvolvimento-e-o-futuro-de-juazeiro","status":"publish","type":"post","link":"https:\/\/blogopara.com.br\/index.php\/2021\/05\/21\/jordavio-espinola-se-reune-com-adolfo-viana-na-pauta-o-desenvolvimento-e-o-futuro-de-juazeiro","title":{"rendered":"Jord\u00e1vio Esp\u00ednola se re\u00fane com Adolfo Viana, na pauta o desenvolvimento e o futuro de Juazeiro"},"content":{"rendered":"<p style=\"text-align: justify;\">Em Salvador, nesta sexta-feira (21), Jord\u00e1vio Esp\u00ednola se encontrou com o deputado federal, Adolfo Viana. Na pauta estavam projetos, a\u00e7\u00f5es e as possibilidades de avan\u00e7o e desenvolvimento de Juazeiro.<\/p>\n<p style=\"text-align: justify;\">Durante a reuni\u00e3o, Jord\u00e1vio destacou a amizade que tem com o parlamentar. \u201cSomos amigos mesmo antes de ele ser deputado, e pela proximidade convidei Adolfo para tomar um caf\u00e9, colocar a conversa em dia, e falar sobre Juazeiro\u201d, afirmou.<\/p>\n<p style=\"text-align: justify;\">\u201cA cidade est\u00e1 num caminho de desenvolvimento e ele tem contribu\u00eddo muito para isso. Me coloquei \u00e0 disposi\u00e7\u00e3o para ajudar e contribuir com Juazeiro\u201d, complementou.<\/p>\n<p style=\"text-align: justify;\">J\u00e1 Adolfo Viana elogiou o amigo e lembrou que tem empenhado seu mandato por toda a Bahia. \u201cJord\u00e1vio \u00e9 um homem cheio de energia e vontade. Conversamos sobre os muitos projetos que est\u00e3o tramitando l\u00e1 em Bras\u00edlia, al\u00e9m da aten\u00e7\u00e3o dada para as demandas do nosso estado, bem como para a regi\u00e3o de Juazeiro\u201d, ressaltou.<\/p>\n<p style=\"text-align: justify;\">Ascom Jord\u00e1vio Esp\u00ednola<\/p>\n","protected":false},"excerpt":{"rendered":"<p>Em Salvador, nesta sexta-feira (21), Jord\u00e1vio Esp\u00ednola se encontrou com o deputado federal, Adolfo Viana. Na pauta estavam projetos, a\u00e7\u00f5es e as possibilidades de avan\u00e7o e desenvolvimento de Juazeiro. Durante a reuni\u00e3o, Jord\u00e1vio destacou a amizade que tem com o parlamentar. \u201cSomos amigos mesmo antes de ele ser deputado, e pela proximidade convidei Adolfo para [&hellip;]<\/p>\n","protected":false},"author":1,"featured_media":23607,"comment_status":"open","ping_status":"open","sticky":false,"template":"","format":"standard","meta":{"_uag_custom_page_level_css":"","_monsterinsights_skip_tracking":false,"_monsterinsights_sitenote_active":false,"_monsterinsights_sitenote_note":"","_monsterinsights_sitenote_category":0,"jetpack_post_was_ever_published":false,"_jetpack_newsletter_access":"","_jetpack_dont_email_post_to_subs":false,"_jetpack_newsletter_tier_id":0,"_jetpack_memberships_contains_paywalled_content":false,"_jetpack_memberships_contains_paid_content":false,"footnotes":"","jetpack_publicize_message":"","jetpack_publicize_feature_enabled":true,"jetpack_social_post_already_shared":true,"jetpack_social_options":{"image_generator_settings":{"template":"highway","default_image_id":0,"font":"","enabled":false},"version":2}},"categories":[203,197],"tags":[2606,1405,1327,3094,3093],"class_list":["post-23606","post","type-post","status-publish","format-standard","has-post-thumbnail","hentry","category-juazeiro","category-politica","tag-adolfo-vianna","tag-desenvolvimento","tag-eleicoes-2022","tag-futuro","tag-jordavio-espinola"],"jetpack_publicize_connections":[],"jetpack_featured_media_url":"https:\/\/blogopara.com.br\/wp-content\/uploads\/2021\/05\/WhatsApp-Image-2021-05-21-at-13.55.24.jpeg","uagb_featured_image_src":{"full":["https:\/\/blogopara.com.br\/wp-content\/uploads\/2021\/05\/WhatsApp-Image-2021-05-21-at-13.55.24.jpeg",500,374,false],"thumbnail":["https:\/\/blogopara.com.br\/wp-content\/uploads\/2021\/05\/WhatsApp-Image-2021-05-21-at-13.55.24-150x150.jpeg",150,150,true],"medium":["https:\/\/blogopara.com.br\/wp-content\/uploads\/2021\/05\/WhatsApp-Image-2021-05-21-at-13.55.24-300x224.jpeg",300,224,true],"medium_large":["https:\/\/blogopara.com.br\/wp-content\/uploads\/2021\/05\/WhatsApp-Image-2021-05-21-at-13.55.24.jpeg",500,374,false],"large":["https:\/\/blogopara.com.br\/wp-content\/uploads\/2021\/05\/WhatsApp-Image-2021-05-21-at-13.55.24.jpeg",500,374,false],"1536x1536":["https:\/\/blogopara.com.br\/wp-content\/uploads\/2021\/05\/WhatsApp-Image-2021-05-21-at-13.55.24.jpeg",500,374,false],"2048x2048":["https:\/\/blogopara.com.br\/wp-content\/uploads\/2021\/05\/WhatsApp-Image-2021-05-21-at-13.55.24.jpeg",500,374,false],"mantranews-slider-large":["https:\/\/blogopara.com.br\/wp-content\/uploads\/2021\/05\/WhatsApp-Image-2021-05-21-at-13.55.24.jpeg",500,374,false],"mantranews-featured-medium":["https:\/\/blogopara.com.br\/wp-content\/uploads\/2021\/05\/WhatsApp-Image-2021-05-21-at-13.55.24-420x307.jpeg",420,307,true],"mantranews-featured-long":["https:\/\/blogopara.com.br\/wp-content\/uploads\/2021\/05\/WhatsApp-Image-2021-05-21-at-13.55.24-300x374.jpeg",300,374,true],"mantranews-block-medium":["https:\/\/blogopara.com.br\/wp-content\/uploads\/2021\/05\/WhatsApp-Image-2021-05-21-at-13.55.24-464x290.jpeg",464,290,true],"mantranews-carousel-image":["https:\/\/blogopara.com.br\/wp-content\/uploads\/2021\/05\/WhatsApp-Image-2021-05-21-at-13.55.24.jpeg",500,374,false],"mantranews-block-thumb":["https:\/\/blogopara.com.br\/wp-content\/uploads\/2021\/05\/WhatsApp-Image-2021-05-21-at-13.55.24-322x230.jpeg",322,230,true],"mantranews-single-large":["https:\/\/blogopara.com.br\/wp-content\/uploads\/2021\/05\/WhatsApp-Image-2021-05-21-at-13.55.24.jpeg",500,374,false]},"uagb_author_info":{"display_name":"Reda\u00e7\u00e3o geral","author_link":"https:\/\/blogopara.com.br\/index.php\/author\/blogopara"},"uagb_comment_info":0,"uagb_excerpt":"Em Salvador, nesta sexta-feira (21), Jord\u00e1vio Esp\u00ednola se encontrou com o deputado federal, Adolfo Viana. Na pauta estavam projetos, a\u00e7\u00f5es e as possibilidades de avan\u00e7o e desenvolvimento de Juazeiro. Durante a reuni\u00e3o, Jord\u00e1vio destacou a amizade que tem com o parlamentar. \u201cSomos amigos mesmo antes de ele ser deputado, e pela proximidade convidei Adolfo para&hellip;","jetpack_sharing_enabled":true,"jetpack_likes_enabled":true,"_links":{"self":[{"href":"https:\/\/blogopara.com.br\/index.php\/wp-json\/wp\/v2\/posts\/23606","targetHints":{"allow":["GET"]}}],"collection":[{"href":"https:\/\/blogopara.com.br\/index.php\/wp-json\/wp\/v2\/posts"}],"about":[{"href":"https:\/\/blogopara.com.br\/index.php\/wp-json\/wp\/v2\/types\/post"}],"author":[{"embeddable":true,"href":"https:\/\/blogopara.com.br\/index.php\/wp-json\/wp\/v2\/users\/1"}],"replies":[{"embeddable":true,"href":"https:\/\/blogopara.com.br\/index.php\/wp-json\/wp\/v2\/comments?post=23606"}],"version-history":[{"count":1,"href":"https:\/\/blogopara.com.br\/index.php\/wp-json\/wp\/v2\/posts\/23606\/revisions"}],"predecessor-version":[{"id":23608,"href":"https:\/\/blogopara.com.br\/index.php\/wp-json\/wp\/v2\/posts\/23606\/revisions\/23608"}],"wp:featuredmedia":[{"embeddable":true,"href":"https:\/\/blogopara.com.br\/index.php\/wp-json\/wp\/v2\/media\/23607"}],"wp:attachment":[{"href":"https:\/\/blogopara.com.br\/index.php\/wp-json\/wp\/v2\/media?parent=23606"}],"wp:term":[{"taxonomy":"category","embeddable":true,"href":"https:\/\/blogopara.com.br\/index.php\/wp-json\/wp\/v2\/categories?post=23606"},{"taxonomy":"post_tag","embeddable":true,"href":"https:\/\/blogopara.com.br\/index.php\/wp-json\/wp\/v2\/tags?post=23606"}],"curies":[{"name":"wp","href":"https:\/\/api.w.org\/{rel}","templated":true}]}}