{"id":23718,"date":"2021-05-24T19:10:00","date_gmt":"2021-05-24T22:10:00","guid":{"rendered":"https:\/\/blogopara.com.br\/?p=23718"},"modified":"2021-05-24T13:25:06","modified_gmt":"2021-05-24T16:25:06","slug":"juazeiro-projeto-saude-em-vigor-de-allan-jones-leva-mais-saude-para-as-comunidades-de-manicoba","status":"publish","type":"post","link":"https:\/\/blogopara.com.br\/index.php\/2021\/05\/24\/juazeiro-projeto-saude-em-vigor-de-allan-jones-leva-mais-saude-para-as-comunidades-de-manicoba","title":{"rendered":"Juazeiro: Projeto &#8220;Sa\u00fade em Vigor&#8221; de Allan Jones leva mais sa\u00fade para as comunidades de Mani\u00e7oba"},"content":{"rendered":"<p style=\"text-align: justify;\">Aconteceu na manh\u00e3 deste domingo (23), na Escola Municipal S\u00e3o Sebasti\u00e3o e Pontal a convite do vereador Gild\u00e1sio Bar\u00e3o, mas uma edi\u00e7\u00e3o do Projeto Sa\u00fade em Vigor, do m\u00e9dico Dr. Allan Jones.<\/p>\n<p style=\"text-align: justify;\">Mais de 50 fam\u00edlias da comunidade de Itaparica, no Distrito de Mani\u00e7oba, em Juazeiro, foram atendidas em mais uma edi\u00e7\u00e3o do Sa\u00fade em Vigor, projeto social que atende pessoas carentes no munic\u00edpio.<\/p>\n<p style=\"text-align: justify;\">Durante os atendimentos foram disponibilizados servi\u00e7os de atendimento m\u00e9dico, distribui\u00e7\u00e3o de medicamentos e encaminhamentos para especialistas. Todas as atividades seguiram os protocolos de seguran\u00e7a estabelecidos pelos \u00f3rg\u00e3os de sa\u00fade no combate ao coronav\u00edrus.<\/p>\n<p style=\"text-align: justify;\">&#8220;Quero agradecer e parabenizar a todos os envolvidos, Gild\u00e1sio Bar\u00e3o e, principalmente ao gestor Ant\u00f4nio e os comunit\u00e1rios locais Mauro e Nascilene, que nos apoiaram e permitiram realizar o projeto e levar sa\u00fade para a comunidade de Itaparica. A meta \u00e9 servir sempre e jamais abrir m\u00e3o das nossas convic\u00e7\u00f5es e aspira\u00e7\u00f5es futuras, visando o bem coletivo, ajudando o pr\u00f3ximo&#8221;, ressaltou Allan Jones<\/p>\n<p style=\"text-align: justify;\">Ascom Dr. Allan Jones<\/p>\n","protected":false},"excerpt":{"rendered":"<p>Aconteceu na manh\u00e3 deste domingo (23), na Escola Municipal S\u00e3o Sebasti\u00e3o e Pontal a convite do vereador Gild\u00e1sio Bar\u00e3o, mas uma edi\u00e7\u00e3o do Projeto Sa\u00fade em Vigor, do m\u00e9dico Dr. Allan Jones. Mais de 50 fam\u00edlias da comunidade de Itaparica, no Distrito de Mani\u00e7oba, em Juazeiro, foram atendidas em mais uma edi\u00e7\u00e3o do Sa\u00fade em [&hellip;]<\/p>\n","protected":false},"author":1,"featured_media":23719,"comment_status":"open","ping_status":"open","sticky":false,"template":"","format":"standard","meta":{"_uag_custom_page_level_css":"","_monsterinsights_skip_tracking":false,"_monsterinsights_sitenote_active":false,"_monsterinsights_sitenote_note":"","_monsterinsights_sitenote_category":0,"jetpack_post_was_ever_published":false,"_jetpack_newsletter_access":"","_jetpack_dont_email_post_to_subs":false,"_jetpack_newsletter_tier_id":0,"_jetpack_memberships_contains_paywalled_content":false,"_jetpack_memberships_contains_paid_content":false,"footnotes":"","jetpack_publicize_message":"","jetpack_publicize_feature_enabled":true,"jetpack_social_post_already_shared":true,"jetpack_social_options":{"image_generator_settings":{"template":"highway","default_image_id":0,"font":"","enabled":false},"version":2}},"categories":[214],"tags":[595,1192,1823,3138,260],"class_list":["post-23718","post","type-post","status-publish","format-standard","has-post-thumbnail","hentry","category-manicoba","tag-allan-jones","tag-comunidades","tag-gildasio-barao","tag-mais-saude","tag-projeto"],"jetpack_publicize_connections":[],"jetpack_featured_media_url":"https:\/\/blogopara.com.br\/wp-content\/uploads\/2021\/05\/Saude-em-Vigor-2.jpeg","uagb_featured_image_src":{"full":["https:\/\/blogopara.com.br\/wp-content\/uploads\/2021\/05\/Saude-em-Vigor-2.jpeg",500,333,false],"thumbnail":["https:\/\/blogopara.com.br\/wp-content\/uploads\/2021\/05\/Saude-em-Vigor-2-150x150.jpeg",150,150,true],"medium":["https:\/\/blogopara.com.br\/wp-content\/uploads\/2021\/05\/Saude-em-Vigor-2-300x200.jpeg",300,200,true],"medium_large":["https:\/\/blogopara.com.br\/wp-content\/uploads\/2021\/05\/Saude-em-Vigor-2.jpeg",500,333,false],"large":["https:\/\/blogopara.com.br\/wp-content\/uploads\/2021\/05\/Saude-em-Vigor-2.jpeg",500,333,false],"1536x1536":["https:\/\/blogopara.com.br\/wp-content\/uploads\/2021\/05\/Saude-em-Vigor-2.jpeg",500,333,false],"2048x2048":["https:\/\/blogopara.com.br\/wp-content\/uploads\/2021\/05\/Saude-em-Vigor-2.jpeg",500,333,false],"mantranews-slider-large":["https:\/\/blogopara.com.br\/wp-content\/uploads\/2021\/05\/Saude-em-Vigor-2.jpeg",500,333,false],"mantranews-featured-medium":["https:\/\/blogopara.com.br\/wp-content\/uploads\/2021\/05\/Saude-em-Vigor-2-420x307.jpeg",420,307,true],"mantranews-featured-long":["https:\/\/blogopara.com.br\/wp-content\/uploads\/2021\/05\/Saude-em-Vigor-2-300x333.jpeg",300,333,true],"mantranews-block-medium":["https:\/\/blogopara.com.br\/wp-content\/uploads\/2021\/05\/Saude-em-Vigor-2-464x290.jpeg",464,290,true],"mantranews-carousel-image":["https:\/\/blogopara.com.br\/wp-content\/uploads\/2021\/05\/Saude-em-Vigor-2.jpeg",500,333,false],"mantranews-block-thumb":["https:\/\/blogopara.com.br\/wp-content\/uploads\/2021\/05\/Saude-em-Vigor-2-322x230.jpeg",322,230,true],"mantranews-single-large":["https:\/\/blogopara.com.br\/wp-content\/uploads\/2021\/05\/Saude-em-Vigor-2.jpeg",500,333,false]},"uagb_author_info":{"display_name":"Reda\u00e7\u00e3o geral","author_link":"https:\/\/blogopara.com.br\/index.php\/author\/blogopara"},"uagb_comment_info":0,"uagb_excerpt":"Aconteceu na manh\u00e3 deste domingo (23), na Escola Municipal S\u00e3o Sebasti\u00e3o e Pontal a convite do vereador Gild\u00e1sio Bar\u00e3o, mas uma edi\u00e7\u00e3o do Projeto Sa\u00fade em Vigor, do m\u00e9dico Dr. Allan Jones. Mais de 50 fam\u00edlias da comunidade de Itaparica, no Distrito de Mani\u00e7oba, em Juazeiro, foram atendidas em mais uma edi\u00e7\u00e3o do Sa\u00fade em&hellip;","jetpack_sharing_enabled":true,"jetpack_likes_enabled":true,"_links":{"self":[{"href":"https:\/\/blogopara.com.br\/index.php\/wp-json\/wp\/v2\/posts\/23718","targetHints":{"allow":["GET"]}}],"collection":[{"href":"https:\/\/blogopara.com.br\/index.php\/wp-json\/wp\/v2\/posts"}],"about":[{"href":"https:\/\/blogopara.com.br\/index.php\/wp-json\/wp\/v2\/types\/post"}],"author":[{"embeddable":true,"href":"https:\/\/blogopara.com.br\/index.php\/wp-json\/wp\/v2\/users\/1"}],"replies":[{"embeddable":true,"href":"https:\/\/blogopara.com.br\/index.php\/wp-json\/wp\/v2\/comments?post=23718"}],"version-history":[{"count":3,"href":"https:\/\/blogopara.com.br\/index.php\/wp-json\/wp\/v2\/posts\/23718\/revisions"}],"predecessor-version":[{"id":23723,"href":"https:\/\/blogopara.com.br\/index.php\/wp-json\/wp\/v2\/posts\/23718\/revisions\/23723"}],"wp:featuredmedia":[{"embeddable":true,"href":"https:\/\/blogopara.com.br\/index.php\/wp-json\/wp\/v2\/media\/23719"}],"wp:attachment":[{"href":"https:\/\/blogopara.com.br\/index.php\/wp-json\/wp\/v2\/media?parent=23718"}],"wp:term":[{"taxonomy":"category","embeddable":true,"href":"https:\/\/blogopara.com.br\/index.php\/wp-json\/wp\/v2\/categories?post=23718"},{"taxonomy":"post_tag","embeddable":true,"href":"https:\/\/blogopara.com.br\/index.php\/wp-json\/wp\/v2\/tags?post=23718"}],"curies":[{"name":"wp","href":"https:\/\/api.w.org\/{rel}","templated":true}]}}