{"id":23784,"date":"2021-05-26T12:38:00","date_gmt":"2021-05-26T15:38:00","guid":{"rendered":"https:\/\/blogopara.com.br\/?p=23784"},"modified":"2021-05-26T11:16:14","modified_gmt":"2021-05-26T14:16:14","slug":"bolsonaro-gasta-r-17-milhao-durante-viagem-no-carnaval","status":"publish","type":"post","link":"https:\/\/blogopara.com.br\/index.php\/2021\/05\/26\/bolsonaro-gasta-r-17-milhao-durante-viagem-no-carnaval","title":{"rendered":"Bolsonaro gasta R$ 1,7 milh\u00e3o durante viagem no Carnaval"},"content":{"rendered":"<p style=\"text-align: justify;\">O presidente Jair Bolsonaro (sem partido) gastou em fevereiro deste ano R$ 1.790.003,92 em hospedagem, alimenta\u00e7\u00e3o e passagens \u00e1reas da sua equipe, durante\u00a0<a href=\"https:\/\/www.bnews.com.br\/noticias\/politica\/296727,bolsonaro-viaja-a-sc-no-carnaval-gera-aglomeracao-e-moradora-grita-genocida.html\">uma viagem feita no per\u00edodo do\u00a0Carnaval a S\u00e3o Francisco do Sul, em\u00a0Santa Catarina<\/a>. Os gastos da viagem foram obtidos pelos deputados Elias Vaz (PSB-GO) e Rubens Bueno (Cidadania-PR) ap\u00f3s solicita\u00e7\u00e3o ao Planalto.<\/p>\n<p style=\"text-align: justify;\">A viagem aconteceu enquanto o pa\u00eds enfrentava os efeitos da segunda onda da Covid-19, e ao mesmo tempo em que governadores pediam \u00e0 popula\u00e7\u00e3o que aderisse ao isolamento social. Bolsonaro foi visto provocando aglomera\u00e7\u00f5es e sem m\u00e1scara.<\/p>\n<p style=\"text-align: justify;\">Foram gastos US$ 189 mil, ou \u00a0R$1.013.418 com transporte a\u00e9reo do presidente e da comitiva dele, de acordo com\u00a0convers\u00e3o feita com base na cota\u00e7\u00e3o do d\u00f3lar no per\u00edodo da viagem. Com passagens a\u00e9reas e di\u00e1rias, o gasto total informado foi de R$74.520,26. J\u00e1 com o cart\u00e3o corporativo, Bolsonaro gastou R$702.065,66, incluindo di\u00e1rias, transporte e at\u00e9 despesas com telefone.<\/p>\n<p>\u00a0<\/p>\n<p>Por: Reda\u00e7\u00e3o Bnews<\/p>\n\n\n<p><\/p>\n","protected":false},"excerpt":{"rendered":"<p>O presidente Jair Bolsonaro (sem partido) gastou em fevereiro deste ano R$ 1.790.003,92 em hospedagem, alimenta\u00e7\u00e3o e passagens \u00e1reas da sua equipe, durante\u00a0uma viagem feita no per\u00edodo do\u00a0Carnaval a S\u00e3o Francisco do Sul, em\u00a0Santa Catarina. Os gastos da viagem foram obtidos pelos deputados Elias Vaz (PSB-GO) e Rubens Bueno (Cidadania-PR) ap\u00f3s solicita\u00e7\u00e3o ao Planalto. A [&hellip;]<\/p>\n","protected":false},"author":1,"featured_media":23785,"comment_status":"closed","ping_status":"open","sticky":false,"template":"","format":"standard","meta":{"_uag_custom_page_level_css":"","_monsterinsights_skip_tracking":false,"_monsterinsights_sitenote_active":false,"_monsterinsights_sitenote_note":"","_monsterinsights_sitenote_category":0,"jetpack_post_was_ever_published":false,"_jetpack_newsletter_access":"","_jetpack_dont_email_post_to_subs":false,"_jetpack_newsletter_tier_id":0,"_jetpack_memberships_contains_paywalled_content":false,"_jetpack_memberships_contains_paid_content":false,"footnotes":"","jetpack_publicize_message":"","jetpack_publicize_feature_enabled":true,"jetpack_social_post_already_shared":true,"jetpack_social_options":{"image_generator_settings":{"template":"highway","default_image_id":0,"font":"","enabled":false},"version":2}},"categories":[200,197],"tags":[21,973,3163,31],"class_list":["post-23784","post","type-post","status-publish","format-standard","has-post-thumbnail","hentry","category-brasil","category-politica","tag-bolsonaro","tag-carnaval","tag-gasto","tag-viagem"],"jetpack_publicize_connections":[],"jetpack_featured_media_url":"https:\/\/blogopara.com.br\/wp-content\/uploads\/2021\/05\/308927-IMAGEM_NOTICIA_0.jpg","uagb_featured_image_src":{"full":["https:\/\/blogopara.com.br\/wp-content\/uploads\/2021\/05\/308927-IMAGEM_NOTICIA_0.jpg",500,246,false],"thumbnail":["https:\/\/blogopara.com.br\/wp-content\/uploads\/2021\/05\/308927-IMAGEM_NOTICIA_0-150x150.jpg",150,150,true],"medium":["https:\/\/blogopara.com.br\/wp-content\/uploads\/2021\/05\/308927-IMAGEM_NOTICIA_0-300x148.jpg",300,148,true],"medium_large":["https:\/\/blogopara.com.br\/wp-content\/uploads\/2021\/05\/308927-IMAGEM_NOTICIA_0.jpg",500,246,false],"large":["https:\/\/blogopara.com.br\/wp-content\/uploads\/2021\/05\/308927-IMAGEM_NOTICIA_0.jpg",500,246,false],"1536x1536":["https:\/\/blogopara.com.br\/wp-content\/uploads\/2021\/05\/308927-IMAGEM_NOTICIA_0.jpg",500,246,false],"2048x2048":["https:\/\/blogopara.com.br\/wp-content\/uploads\/2021\/05\/308927-IMAGEM_NOTICIA_0.jpg",500,246,false],"mantranews-slider-large":["https:\/\/blogopara.com.br\/wp-content\/uploads\/2021\/05\/308927-IMAGEM_NOTICIA_0.jpg",500,246,false],"mantranews-featured-medium":["https:\/\/blogopara.com.br\/wp-content\/uploads\/2021\/05\/308927-IMAGEM_NOTICIA_0-420x246.jpg",420,246,true],"mantranews-featured-long":["https:\/\/blogopara.com.br\/wp-content\/uploads\/2021\/05\/308927-IMAGEM_NOTICIA_0-300x246.jpg",300,246,true],"mantranews-block-medium":["https:\/\/blogopara.com.br\/wp-content\/uploads\/2021\/05\/308927-IMAGEM_NOTICIA_0-464x246.jpg",464,246,true],"mantranews-carousel-image":["https:\/\/blogopara.com.br\/wp-content\/uploads\/2021\/05\/308927-IMAGEM_NOTICIA_0.jpg",500,246,false],"mantranews-block-thumb":["https:\/\/blogopara.com.br\/wp-content\/uploads\/2021\/05\/308927-IMAGEM_NOTICIA_0-322x230.jpg",322,230,true],"mantranews-single-large":["https:\/\/blogopara.com.br\/wp-content\/uploads\/2021\/05\/308927-IMAGEM_NOTICIA_0.jpg",500,246,false]},"uagb_author_info":{"display_name":"Reda\u00e7\u00e3o geral","author_link":"https:\/\/blogopara.com.br\/index.php\/author\/blogopara"},"uagb_comment_info":0,"uagb_excerpt":"O presidente Jair Bolsonaro (sem partido) gastou em fevereiro deste ano R$ 1.790.003,92 em hospedagem, alimenta\u00e7\u00e3o e passagens \u00e1reas da sua equipe, durante\u00a0uma viagem feita no per\u00edodo do\u00a0Carnaval a S\u00e3o Francisco do Sul, em\u00a0Santa Catarina. Os gastos da viagem foram obtidos pelos deputados Elias Vaz (PSB-GO) e Rubens Bueno (Cidadania-PR) ap\u00f3s solicita\u00e7\u00e3o ao Planalto. A&hellip;","jetpack_sharing_enabled":true,"jetpack_likes_enabled":true,"_links":{"self":[{"href":"https:\/\/blogopara.com.br\/index.php\/wp-json\/wp\/v2\/posts\/23784","targetHints":{"allow":["GET"]}}],"collection":[{"href":"https:\/\/blogopara.com.br\/index.php\/wp-json\/wp\/v2\/posts"}],"about":[{"href":"https:\/\/blogopara.com.br\/index.php\/wp-json\/wp\/v2\/types\/post"}],"author":[{"embeddable":true,"href":"https:\/\/blogopara.com.br\/index.php\/wp-json\/wp\/v2\/users\/1"}],"replies":[{"embeddable":true,"href":"https:\/\/blogopara.com.br\/index.php\/wp-json\/wp\/v2\/comments?post=23784"}],"version-history":[{"count":2,"href":"https:\/\/blogopara.com.br\/index.php\/wp-json\/wp\/v2\/posts\/23784\/revisions"}],"predecessor-version":[{"id":23787,"href":"https:\/\/blogopara.com.br\/index.php\/wp-json\/wp\/v2\/posts\/23784\/revisions\/23787"}],"wp:featuredmedia":[{"embeddable":true,"href":"https:\/\/blogopara.com.br\/index.php\/wp-json\/wp\/v2\/media\/23785"}],"wp:attachment":[{"href":"https:\/\/blogopara.com.br\/index.php\/wp-json\/wp\/v2\/media?parent=23784"}],"wp:term":[{"taxonomy":"category","embeddable":true,"href":"https:\/\/blogopara.com.br\/index.php\/wp-json\/wp\/v2\/categories?post=23784"},{"taxonomy":"post_tag","embeddable":true,"href":"https:\/\/blogopara.com.br\/index.php\/wp-json\/wp\/v2\/tags?post=23784"}],"curies":[{"name":"wp","href":"https:\/\/api.w.org\/{rel}","templated":true}]}}