{"id":23834,"date":"2021-05-27T17:10:00","date_gmt":"2021-05-27T20:10:00","guid":{"rendered":"https:\/\/blogopara.com.br\/?p=23834"},"modified":"2021-05-27T14:33:18","modified_gmt":"2021-05-27T17:33:18","slug":"vereadores-da-bancada-de-oposicao-de-petrolina-fazem-live-para-debater-questoes-sociais-e-administrativas","status":"publish","type":"post","link":"https:\/\/blogopara.com.br\/index.php\/2021\/05\/27\/vereadores-da-bancada-de-oposicao-de-petrolina-fazem-live-para-debater-questoes-sociais-e-administrativas","title":{"rendered":"Vereadores da Bancada de Oposi\u00e7\u00e3o de Petrolina fazem Live para debater quest\u00f5es sociais e administrativas"},"content":{"rendered":"<p style=\"text-align: justify;\">Falta de a\u00e7\u00f5es de Infraestrutura no interior do munic\u00edpio; Defici\u00eancia no atendimento \u00e0 sa\u00fade do munic\u00edpio e Explica\u00e7\u00f5es sobre o concurso, Edital 02\/2018. Estes ser\u00e3o alguns dos t\u00f3picos abordados pelos vereadores da Bancada de Oposi\u00e7\u00e3o de Petrolina na Live desta quinta (27), a partir das 19 horas pelos canais do Youtube e do Facebook.<\/p>\n<p style=\"text-align: justify;\">S\u00e3o 147 dias Construindo Uma Nova Hist\u00f3ria e os vereadores da Bancada de Oposi\u00e7\u00e3o de Petrolina Marquinhos N4 Samara da Vis\u00e3o e Elismar Gon\u00e7alves realizar\u00e3o uma Live nesta quinta-feira 27 \u00e0s 19 horas para tratar sobre suas atua\u00e7\u00f5es no Legislativo Municipal em defesa de projetos que beneficiam a popula\u00e7\u00e3o de Petrolina.<\/p>\n<p style=\"text-align: justify;\">Os vereadores contam com a sua participa\u00e7\u00e3o popular para contribui\u00e7\u00e3o na constru\u00e7\u00e3o de melhores cap\u00edtulos para Petrolina. <br \/>Quinta-feira (27) \u00e0s 19 horas.<\/p>\n<p style=\"text-align: justify;\"><br \/>Acesse o link: https:\/\/www.youtube.com\/watch?v=Q1fw85RHFpY<br \/>Ou atrav\u00e9s da p\u00e1gina do facebook: https:\/\/www.facebook.com\/events\/1917586058407864\/<\/p>\n<p style=\"text-align: justify;\"><br \/>M\u00f4nia Ramos<br \/>Assessoria do vereador Marquinhos do N4<\/p>\n\n\n<p><\/p>\n","protected":false},"excerpt":{"rendered":"<p>Falta de a\u00e7\u00f5es de Infraestrutura no interior do munic\u00edpio; Defici\u00eancia no atendimento \u00e0 sa\u00fade do munic\u00edpio e Explica\u00e7\u00f5es sobre o concurso, Edital 02\/2018. Estes ser\u00e3o alguns dos t\u00f3picos abordados pelos vereadores da Bancada de Oposi\u00e7\u00e3o de Petrolina na Live desta quinta (27), a partir das 19 horas pelos canais do Youtube e do Facebook. S\u00e3o [&hellip;]<\/p>\n","protected":false},"author":1,"featured_media":23835,"comment_status":"closed","ping_status":"open","sticky":false,"template":"","format":"standard","meta":{"_uag_custom_page_level_css":"","_monsterinsights_skip_tracking":false,"_monsterinsights_sitenote_active":false,"_monsterinsights_sitenote_note":"","_monsterinsights_sitenote_category":0,"jetpack_post_was_ever_published":false,"_jetpack_newsletter_access":"","_jetpack_dont_email_post_to_subs":false,"_jetpack_newsletter_tier_id":0,"_jetpack_memberships_contains_paywalled_content":false,"_jetpack_memberships_contains_paid_content":false,"footnotes":"","jetpack_publicize_message":"","jetpack_publicize_feature_enabled":true,"jetpack_social_post_already_shared":true,"jetpack_social_options":{"image_generator_settings":{"template":"highway","default_image_id":0,"font":"","enabled":false},"version":2}},"categories":[851],"tags":[3184,337,2478,44],"class_list":["post-23834","post","type-post","status-publish","format-standard","has-post-thumbnail","hentry","category-petrolina","tag-debate-questoes-sociais","tag-oposicao","tag-petrolina-pe","tag-vereadores"],"jetpack_publicize_connections":[],"jetpack_featured_media_url":"https:\/\/blogopara.com.br\/wp-content\/uploads\/2021\/05\/WhatsApp-Image-2021-05-27-at-14.19.50.jpeg","uagb_featured_image_src":{"full":["https:\/\/blogopara.com.br\/wp-content\/uploads\/2021\/05\/WhatsApp-Image-2021-05-27-at-14.19.50.jpeg",500,500,false],"thumbnail":["https:\/\/blogopara.com.br\/wp-content\/uploads\/2021\/05\/WhatsApp-Image-2021-05-27-at-14.19.50-150x150.jpeg",150,150,true],"medium":["https:\/\/blogopara.com.br\/wp-content\/uploads\/2021\/05\/WhatsApp-Image-2021-05-27-at-14.19.50-300x300.jpeg",300,300,true],"medium_large":["https:\/\/blogopara.com.br\/wp-content\/uploads\/2021\/05\/WhatsApp-Image-2021-05-27-at-14.19.50.jpeg",500,500,false],"large":["https:\/\/blogopara.com.br\/wp-content\/uploads\/2021\/05\/WhatsApp-Image-2021-05-27-at-14.19.50.jpeg",500,500,false],"1536x1536":["https:\/\/blogopara.com.br\/wp-content\/uploads\/2021\/05\/WhatsApp-Image-2021-05-27-at-14.19.50.jpeg",500,500,false],"2048x2048":["https:\/\/blogopara.com.br\/wp-content\/uploads\/2021\/05\/WhatsApp-Image-2021-05-27-at-14.19.50.jpeg",500,500,false],"mantranews-slider-large":["https:\/\/blogopara.com.br\/wp-content\/uploads\/2021\/05\/WhatsApp-Image-2021-05-27-at-14.19.50.jpeg",500,500,false],"mantranews-featured-medium":["https:\/\/blogopara.com.br\/wp-content\/uploads\/2021\/05\/WhatsApp-Image-2021-05-27-at-14.19.50-420x307.jpeg",420,307,true],"mantranews-featured-long":["https:\/\/blogopara.com.br\/wp-content\/uploads\/2021\/05\/WhatsApp-Image-2021-05-27-at-14.19.50-300x443.jpeg",300,443,true],"mantranews-block-medium":["https:\/\/blogopara.com.br\/wp-content\/uploads\/2021\/05\/WhatsApp-Image-2021-05-27-at-14.19.50-464x290.jpeg",464,290,true],"mantranews-carousel-image":["https:\/\/blogopara.com.br\/wp-content\/uploads\/2021\/05\/WhatsApp-Image-2021-05-27-at-14.19.50.jpeg",500,500,false],"mantranews-block-thumb":["https:\/\/blogopara.com.br\/wp-content\/uploads\/2021\/05\/WhatsApp-Image-2021-05-27-at-14.19.50-322x230.jpeg",322,230,true],"mantranews-single-large":["https:\/\/blogopara.com.br\/wp-content\/uploads\/2021\/05\/WhatsApp-Image-2021-05-27-at-14.19.50.jpeg",500,500,false]},"uagb_author_info":{"display_name":"Reda\u00e7\u00e3o geral","author_link":"https:\/\/blogopara.com.br\/index.php\/author\/blogopara"},"uagb_comment_info":0,"uagb_excerpt":"Falta de a\u00e7\u00f5es de Infraestrutura no interior do munic\u00edpio; Defici\u00eancia no atendimento \u00e0 sa\u00fade do munic\u00edpio e Explica\u00e7\u00f5es sobre o concurso, Edital 02\/2018. Estes ser\u00e3o alguns dos t\u00f3picos abordados pelos vereadores da Bancada de Oposi\u00e7\u00e3o de Petrolina na Live desta quinta (27), a partir das 19 horas pelos canais do Youtube e do Facebook. S\u00e3o&hellip;","jetpack_sharing_enabled":true,"jetpack_likes_enabled":true,"_links":{"self":[{"href":"https:\/\/blogopara.com.br\/index.php\/wp-json\/wp\/v2\/posts\/23834","targetHints":{"allow":["GET"]}}],"collection":[{"href":"https:\/\/blogopara.com.br\/index.php\/wp-json\/wp\/v2\/posts"}],"about":[{"href":"https:\/\/blogopara.com.br\/index.php\/wp-json\/wp\/v2\/types\/post"}],"author":[{"embeddable":true,"href":"https:\/\/blogopara.com.br\/index.php\/wp-json\/wp\/v2\/users\/1"}],"replies":[{"embeddable":true,"href":"https:\/\/blogopara.com.br\/index.php\/wp-json\/wp\/v2\/comments?post=23834"}],"version-history":[{"count":1,"href":"https:\/\/blogopara.com.br\/index.php\/wp-json\/wp\/v2\/posts\/23834\/revisions"}],"predecessor-version":[{"id":23836,"href":"https:\/\/blogopara.com.br\/index.php\/wp-json\/wp\/v2\/posts\/23834\/revisions\/23836"}],"wp:featuredmedia":[{"embeddable":true,"href":"https:\/\/blogopara.com.br\/index.php\/wp-json\/wp\/v2\/media\/23835"}],"wp:attachment":[{"href":"https:\/\/blogopara.com.br\/index.php\/wp-json\/wp\/v2\/media?parent=23834"}],"wp:term":[{"taxonomy":"category","embeddable":true,"href":"https:\/\/blogopara.com.br\/index.php\/wp-json\/wp\/v2\/categories?post=23834"},{"taxonomy":"post_tag","embeddable":true,"href":"https:\/\/blogopara.com.br\/index.php\/wp-json\/wp\/v2\/tags?post=23834"}],"curies":[{"name":"wp","href":"https:\/\/api.w.org\/{rel}","templated":true}]}}