{"id":23842,"date":"2021-05-27T19:38:00","date_gmt":"2021-05-27T22:38:00","guid":{"rendered":"https:\/\/blogopara.com.br\/?p=23842"},"modified":"2021-05-27T17:20:51","modified_gmt":"2021-05-27T20:20:51","slug":"hospital-dom-malan-abre-selecao-em-diversas-areas-da-saude-em-petrolina","status":"publish","type":"post","link":"https:\/\/blogopara.com.br\/index.php\/2021\/05\/27\/hospital-dom-malan-abre-selecao-em-diversas-areas-da-saude-em-petrolina","title":{"rendered":"Hospital Dom Malan abre sele\u00e7\u00e3o em diversas \u00e1reas da sa\u00fade em Petrolina"},"content":{"rendered":"<div class=\"entry-content entry clearfix\">\n<p style=\"text-align: justify;\">O Hospital Dom Malan, localizado no munic\u00edpio de Petrolina, est\u00e1 com sele\u00e7\u00e3o simplificada aberta para profissionais de Terapia Ocupacional e Fisioterapia, bem como para m\u00e9dicos infectologistas.<\/p>\n<p style=\"text-align: justify;\">Em rela\u00e7\u00e3o ao cargo de terapeuta ocupacional, as vagas s\u00e3o para profissionais diaristas, que atuar\u00e3o nos turnos da manh\u00e3 e tarde. J\u00e1 para os fisioterapeutas, as vagas s\u00e3o para plantonistas diurnos, com experi\u00eancia em UTI Adulto e Pedi\u00e1trica.<\/p>\n<p style=\"text-align: justify;\">Por fim, os profissionais m\u00e9dicos infectologistas atuar\u00e3o como diaristas nos turnos da manh\u00e3 e tarde.<\/p>\n<p style=\"text-align: justify;\">Os interessados podem cadastrar seus curr\u00edculos no endere\u00e7o:\u00a0<a href=\"http:\/\/www.fpmf.org.br\/trabalheconosco\" target=\"_blank\" rel=\"nofollow noopener noreferrer\">www.fpmf.org.br\/trabalheconosco<\/a>.<\/p>\n<\/div>\n<p>\u00a0<\/p>\n<div class=\"post-footer post-footer-on-bottom\">\n<div class=\"post-footer-inner\">\n<div class=\"share-links \" style=\"text-align: justify;\">Fonte: JBNOT\u00cdCIAS<\/div>\n<\/div>\n<\/div>\n","protected":false},"excerpt":{"rendered":"<p>O Hospital Dom Malan, localizado no munic\u00edpio de Petrolina, est\u00e1 com sele\u00e7\u00e3o simplificada aberta para profissionais de Terapia Ocupacional e Fisioterapia, bem como para m\u00e9dicos infectologistas. Em rela\u00e7\u00e3o ao cargo de terapeuta ocupacional, as vagas s\u00e3o para profissionais diaristas, que atuar\u00e3o nos turnos da manh\u00e3 e tarde. J\u00e1 para os fisioterapeutas, as vagas s\u00e3o para [&hellip;]<\/p>\n","protected":false},"author":1,"featured_media":23843,"comment_status":"closed","ping_status":"open","sticky":false,"template":"","format":"standard","meta":{"_uag_custom_page_level_css":"","_monsterinsights_skip_tracking":false,"_monsterinsights_sitenote_active":false,"_monsterinsights_sitenote_note":"","_monsterinsights_sitenote_category":0,"jetpack_post_was_ever_published":false,"_jetpack_newsletter_access":"","_jetpack_dont_email_post_to_subs":false,"_jetpack_newsletter_tier_id":0,"_jetpack_memberships_contains_paywalled_content":false,"_jetpack_memberships_contains_paid_content":false,"footnotes":"","jetpack_publicize_message":"","jetpack_publicize_feature_enabled":true,"jetpack_social_post_already_shared":true,"jetpack_social_options":{"image_generator_settings":{"template":"highway","default_image_id":0,"font":"","enabled":false},"version":2}},"categories":[1505,851],"tags":[3186,1406,2478,1988],"class_list":["post-23842","post","type-post","status-publish","format-standard","has-post-thumbnail","hentry","category-oportunidade","category-petrolina","tag-diversas-areas","tag-hospital-dom-malan","tag-petrolina-pe","tag-selecao"],"jetpack_publicize_connections":[],"jetpack_featured_media_url":"https:\/\/blogopara.com.br\/wp-content\/uploads\/2021\/05\/Hospital-Dom-Malan.jpg","uagb_featured_image_src":{"full":["https:\/\/blogopara.com.br\/wp-content\/uploads\/2021\/05\/Hospital-Dom-Malan.jpg",500,262,false],"thumbnail":["https:\/\/blogopara.com.br\/wp-content\/uploads\/2021\/05\/Hospital-Dom-Malan-150x150.jpg",150,150,true],"medium":["https:\/\/blogopara.com.br\/wp-content\/uploads\/2021\/05\/Hospital-Dom-Malan-300x157.jpg",300,157,true],"medium_large":["https:\/\/blogopara.com.br\/wp-content\/uploads\/2021\/05\/Hospital-Dom-Malan.jpg",500,262,false],"large":["https:\/\/blogopara.com.br\/wp-content\/uploads\/2021\/05\/Hospital-Dom-Malan.jpg",500,262,false],"1536x1536":["https:\/\/blogopara.com.br\/wp-content\/uploads\/2021\/05\/Hospital-Dom-Malan.jpg",500,262,false],"2048x2048":["https:\/\/blogopara.com.br\/wp-content\/uploads\/2021\/05\/Hospital-Dom-Malan.jpg",500,262,false],"mantranews-slider-large":["https:\/\/blogopara.com.br\/wp-content\/uploads\/2021\/05\/Hospital-Dom-Malan.jpg",500,262,false],"mantranews-featured-medium":["https:\/\/blogopara.com.br\/wp-content\/uploads\/2021\/05\/Hospital-Dom-Malan-420x262.jpg",420,262,true],"mantranews-featured-long":["https:\/\/blogopara.com.br\/wp-content\/uploads\/2021\/05\/Hospital-Dom-Malan-300x262.jpg",300,262,true],"mantranews-block-medium":["https:\/\/blogopara.com.br\/wp-content\/uploads\/2021\/05\/Hospital-Dom-Malan-464x262.jpg",464,262,true],"mantranews-carousel-image":["https:\/\/blogopara.com.br\/wp-content\/uploads\/2021\/05\/Hospital-Dom-Malan.jpg",500,262,false],"mantranews-block-thumb":["https:\/\/blogopara.com.br\/wp-content\/uploads\/2021\/05\/Hospital-Dom-Malan-322x230.jpg",322,230,true],"mantranews-single-large":["https:\/\/blogopara.com.br\/wp-content\/uploads\/2021\/05\/Hospital-Dom-Malan.jpg",500,262,false]},"uagb_author_info":{"display_name":"Reda\u00e7\u00e3o geral","author_link":"https:\/\/blogopara.com.br\/index.php\/author\/blogopara"},"uagb_comment_info":0,"uagb_excerpt":"O Hospital Dom Malan, localizado no munic\u00edpio de Petrolina, est\u00e1 com sele\u00e7\u00e3o simplificada aberta para profissionais de Terapia Ocupacional e Fisioterapia, bem como para m\u00e9dicos infectologistas. Em rela\u00e7\u00e3o ao cargo de terapeuta ocupacional, as vagas s\u00e3o para profissionais diaristas, que atuar\u00e3o nos turnos da manh\u00e3 e tarde. J\u00e1 para os fisioterapeutas, as vagas s\u00e3o para&hellip;","jetpack_sharing_enabled":true,"jetpack_likes_enabled":true,"_links":{"self":[{"href":"https:\/\/blogopara.com.br\/index.php\/wp-json\/wp\/v2\/posts\/23842","targetHints":{"allow":["GET"]}}],"collection":[{"href":"https:\/\/blogopara.com.br\/index.php\/wp-json\/wp\/v2\/posts"}],"about":[{"href":"https:\/\/blogopara.com.br\/index.php\/wp-json\/wp\/v2\/types\/post"}],"author":[{"embeddable":true,"href":"https:\/\/blogopara.com.br\/index.php\/wp-json\/wp\/v2\/users\/1"}],"replies":[{"embeddable":true,"href":"https:\/\/blogopara.com.br\/index.php\/wp-json\/wp\/v2\/comments?post=23842"}],"version-history":[{"count":1,"href":"https:\/\/blogopara.com.br\/index.php\/wp-json\/wp\/v2\/posts\/23842\/revisions"}],"predecessor-version":[{"id":23844,"href":"https:\/\/blogopara.com.br\/index.php\/wp-json\/wp\/v2\/posts\/23842\/revisions\/23844"}],"wp:featuredmedia":[{"embeddable":true,"href":"https:\/\/blogopara.com.br\/index.php\/wp-json\/wp\/v2\/media\/23843"}],"wp:attachment":[{"href":"https:\/\/blogopara.com.br\/index.php\/wp-json\/wp\/v2\/media?parent=23842"}],"wp:term":[{"taxonomy":"category","embeddable":true,"href":"https:\/\/blogopara.com.br\/index.php\/wp-json\/wp\/v2\/categories?post=23842"},{"taxonomy":"post_tag","embeddable":true,"href":"https:\/\/blogopara.com.br\/index.php\/wp-json\/wp\/v2\/tags?post=23842"}],"curies":[{"name":"wp","href":"https:\/\/api.w.org\/{rel}","templated":true}]}}