{"id":23854,"date":"2021-05-28T09:36:00","date_gmt":"2021-05-28T12:36:00","guid":{"rendered":"https:\/\/blogopara.com.br\/?p=23854"},"modified":"2021-05-27T19:44:45","modified_gmt":"2021-05-27T22:44:45","slug":"governo-reduz-gasto-de-enfrentamento-a-pandemia-e-tem-superavit-de-r-41-bi-ate-abril","status":"publish","type":"post","link":"https:\/\/blogopara.com.br\/index.php\/2021\/05\/28\/governo-reduz-gasto-de-enfrentamento-a-pandemia-e-tem-superavit-de-r-41-bi-ate-abril","title":{"rendered":"Governo reduz gasto de enfrentamento \u00e0 pandemia e tem super\u00e1vit de R$ 41 bi at\u00e9 abril"},"content":{"rendered":"<div class=\"box-body\" data-io-article-url=\"https:\/\/www.bahianoticias.com.br\/folha\/noticia\/118983-governo-reduz-gasto-de-enfrentamento-a-pandemia-e-tem-superavit-de-r-41-bi-ate-abril.html\">\n<div class=\"text-descricao\">\n<p style=\"text-align: justify;\">Com uma forte redu\u00e7\u00e3o nos gastos de enfrentamento \u00e0 pandemia em 2021 e uma alta nas receitas, o governo registrou super\u00e1vit de R$ 41 bilh\u00f5es nos quatro primeiros meses deste ano. O resultado, divulgado pelo Tesouro Nacional nesta quinta-feira (27), \u00e9 o quarto melhor para o per\u00edodo da s\u00e9rie hist\u00f3rica iniciada em 1997.\n<\/p>\n<p style=\"text-align: justify;\"><span style=\"font-size: inherit;\">Em abril, o governo conseguiu arrecadar um volume maior do que o total de gastos. Com isso, registrou super\u00e1vit de R$ 16,5 bilh\u00f5es. No mesmo m\u00eas de 2020, quando o pa\u00eds vivia o in\u00edcio da pandemia, foi registrado um rombo de R$ 93 bilh\u00f5es nas contas federais.<\/span><\/p>\n<p style=\"text-align: justify;\">O resultado do m\u00eas n\u00e3o era esperado pelo mercado. Levantamento feito pelo Minist\u00e9rio da Economia apontava para um d\u00e9ficit de R$ 20 bilh\u00f5es.\n<\/p>\n<p style=\"text-align: justify;\">&#8220;O resultado [foi] influenciado pela evolu\u00e7\u00e3o da arrecada\u00e7\u00e3o, bem como pela redu\u00e7\u00e3o significativa dos gastos em resposta \u00e0 crise da Covid-19&#8221;, informou o Tesouro.\n<\/p>\n<p style=\"text-align: justify;\">Em abril de 2020, com menos de dois meses de pandemia, o governo j\u00e1 havia liberado R$ 45 bilh\u00f5es em gastos emergenciais fora do teto, regra que limita as despesas p\u00fablicas. Nos quatro primeiros meses de 2021, esse gasto somou R$ 20 bilh\u00f5es.\n<\/p>\n<p style=\"text-align: justify;\">Neste ano, o governo optou por n\u00e3o renovar a calamidade p\u00fablica que vigorou em 2020 e permitiu uma expans\u00e3o de gastos p\u00fablicos para o enfrentamento \u00e0 pandemia. Sem Or\u00e7amento aprovado, os programas emergenciais foram interrompidos por mais de tr\u00eas meses.\n<\/p>\n<p style=\"text-align: justify;\">Em mar\u00e7o, o Congresso aprovou a PEC Emergencial e destravou a nova rodada do aux\u00edlio emergencial. Os pagamentos foram iniciados em abril.\n<\/p>\n<p style=\"text-align: justify;\">Al\u00e9m disso, somente no fim do m\u00eas passado houve libera\u00e7\u00e3o de recursos para a reedi\u00e7\u00e3o do programa que permite corte de jornadas e sal\u00e1rios de trabalhadores, com compensa\u00e7\u00e3o parcial paga aos trabalhadores afetados.\n<\/p>\n<p style=\"text-align: justify;\">De acordo com o Tesouro, uma melhora da economia influenciou positivamente o resultado das contas do governo.\n<\/p>\n<p style=\"text-align: justify;\">&#8220;A percep\u00e7\u00e3o de um ambiente econ\u00f4mico mais robusto do que o inicialmente projetado, a viabiliza\u00e7\u00e3o de a\u00e7\u00f5es de combate \u00e0 pandemia que n\u00e3o comprometem o instrumental de controle das finan\u00e7as p\u00fablicas, e o fortalecimento do arcabou\u00e7o fiscal por meio da PEC Emergencial, promoveram efeitos positivos sobre as chamadas condi\u00e7\u00f5es financeiras&#8221;, informou o \u00f3rg\u00e3o.<\/p>\n<div style=\"text-align: justify;\">\n<div>\u00a0Fonte: Folhapress<\/div>\n<\/div>\n<\/div>\n<\/div>\n<div class=\"box-footer\">\n<div class=\"bar-share clearfix\" style=\"text-align: justify;\"><\/div>\n<div class=\"trv-player-container\">\n<div id=\"br_video_player_42dd4\" class=\"trvd_video_player\">\n<div class=\"media-player\">\n<div class=\"trv-video\">\n<div id=\"truvid_ima_container41811\" class=\"truvid_ima_container\">\n<div style=\"text-align: justify;\"><\/div>\n<\/div>\n<\/div>\n<\/div>\n<\/div>\n<\/div>\n<\/div>\n","protected":false},"excerpt":{"rendered":"<p>Com uma forte redu\u00e7\u00e3o nos gastos de enfrentamento \u00e0 pandemia em 2021 e uma alta nas receitas, o governo registrou super\u00e1vit de R$ 41 bilh\u00f5es nos quatro primeiros meses deste ano. O resultado, divulgado pelo Tesouro Nacional nesta quinta-feira (27), \u00e9 o quarto melhor para o per\u00edodo da s\u00e9rie hist\u00f3rica iniciada em 1997. Em abril, [&hellip;]<\/p>\n","protected":false},"author":1,"featured_media":23855,"comment_status":"closed","ping_status":"open","sticky":false,"template":"","format":"standard","meta":{"_uag_custom_page_level_css":"","_monsterinsights_skip_tracking":false,"_monsterinsights_sitenote_active":false,"_monsterinsights_sitenote_note":"","_monsterinsights_sitenote_category":0,"jetpack_post_was_ever_published":false,"_jetpack_newsletter_access":"","_jetpack_dont_email_post_to_subs":false,"_jetpack_newsletter_tier_id":0,"_jetpack_memberships_contains_paywalled_content":false,"_jetpack_memberships_contains_paid_content":false,"footnotes":"","jetpack_publicize_message":"","jetpack_publicize_feature_enabled":true,"jetpack_social_post_already_shared":true,"jetpack_social_options":{"image_generator_settings":{"template":"highway","default_image_id":0,"font":"","enabled":false},"version":2}},"categories":[200,206],"tags":[],"class_list":["post-23854","post","type-post","status-publish","format-standard","has-post-thumbnail","hentry","category-brasil","category-economia"],"jetpack_publicize_connections":[],"jetpack_featured_media_url":"https:\/\/blogopara.com.br\/wp-content\/uploads\/2021\/05\/IMAGEM_NOTICIA_5-18.jpg","uagb_featured_image_src":{"full":["https:\/\/blogopara.com.br\/wp-content\/uploads\/2021\/05\/IMAGEM_NOTICIA_5-18.jpg",500,368,false],"thumbnail":["https:\/\/blogopara.com.br\/wp-content\/uploads\/2021\/05\/IMAGEM_NOTICIA_5-18-150x150.jpg",150,150,true],"medium":["https:\/\/blogopara.com.br\/wp-content\/uploads\/2021\/05\/IMAGEM_NOTICIA_5-18-300x221.jpg",300,221,true],"medium_large":["https:\/\/blogopara.com.br\/wp-content\/uploads\/2021\/05\/IMAGEM_NOTICIA_5-18.jpg",500,368,false],"large":["https:\/\/blogopara.com.br\/wp-content\/uploads\/2021\/05\/IMAGEM_NOTICIA_5-18.jpg",500,368,false],"1536x1536":["https:\/\/blogopara.com.br\/wp-content\/uploads\/2021\/05\/IMAGEM_NOTICIA_5-18.jpg",500,368,false],"2048x2048":["https:\/\/blogopara.com.br\/wp-content\/uploads\/2021\/05\/IMAGEM_NOTICIA_5-18.jpg",500,368,false],"mantranews-slider-large":["https:\/\/blogopara.com.br\/wp-content\/uploads\/2021\/05\/IMAGEM_NOTICIA_5-18.jpg",500,368,false],"mantranews-featured-medium":["https:\/\/blogopara.com.br\/wp-content\/uploads\/2021\/05\/IMAGEM_NOTICIA_5-18-420x307.jpg",420,307,true],"mantranews-featured-long":["https:\/\/blogopara.com.br\/wp-content\/uploads\/2021\/05\/IMAGEM_NOTICIA_5-18-300x368.jpg",300,368,true],"mantranews-block-medium":["https:\/\/blogopara.com.br\/wp-content\/uploads\/2021\/05\/IMAGEM_NOTICIA_5-18-464x290.jpg",464,290,true],"mantranews-carousel-image":["https:\/\/blogopara.com.br\/wp-content\/uploads\/2021\/05\/IMAGEM_NOTICIA_5-18.jpg",500,368,false],"mantranews-block-thumb":["https:\/\/blogopara.com.br\/wp-content\/uploads\/2021\/05\/IMAGEM_NOTICIA_5-18-322x230.jpg",322,230,true],"mantranews-single-large":["https:\/\/blogopara.com.br\/wp-content\/uploads\/2021\/05\/IMAGEM_NOTICIA_5-18.jpg",500,368,false]},"uagb_author_info":{"display_name":"Reda\u00e7\u00e3o geral","author_link":"https:\/\/blogopara.com.br\/index.php\/author\/blogopara"},"uagb_comment_info":0,"uagb_excerpt":"Com uma forte redu\u00e7\u00e3o nos gastos de enfrentamento \u00e0 pandemia em 2021 e uma alta nas receitas, o governo registrou super\u00e1vit de R$ 41 bilh\u00f5es nos quatro primeiros meses deste ano. O resultado, divulgado pelo Tesouro Nacional nesta quinta-feira (27), \u00e9 o quarto melhor para o per\u00edodo da s\u00e9rie hist\u00f3rica iniciada em 1997. Em abril,&hellip;","jetpack_sharing_enabled":true,"jetpack_likes_enabled":true,"_links":{"self":[{"href":"https:\/\/blogopara.com.br\/index.php\/wp-json\/wp\/v2\/posts\/23854","targetHints":{"allow":["GET"]}}],"collection":[{"href":"https:\/\/blogopara.com.br\/index.php\/wp-json\/wp\/v2\/posts"}],"about":[{"href":"https:\/\/blogopara.com.br\/index.php\/wp-json\/wp\/v2\/types\/post"}],"author":[{"embeddable":true,"href":"https:\/\/blogopara.com.br\/index.php\/wp-json\/wp\/v2\/users\/1"}],"replies":[{"embeddable":true,"href":"https:\/\/blogopara.com.br\/index.php\/wp-json\/wp\/v2\/comments?post=23854"}],"version-history":[{"count":1,"href":"https:\/\/blogopara.com.br\/index.php\/wp-json\/wp\/v2\/posts\/23854\/revisions"}],"predecessor-version":[{"id":23856,"href":"https:\/\/blogopara.com.br\/index.php\/wp-json\/wp\/v2\/posts\/23854\/revisions\/23856"}],"wp:featuredmedia":[{"embeddable":true,"href":"https:\/\/blogopara.com.br\/index.php\/wp-json\/wp\/v2\/media\/23855"}],"wp:attachment":[{"href":"https:\/\/blogopara.com.br\/index.php\/wp-json\/wp\/v2\/media?parent=23854"}],"wp:term":[{"taxonomy":"category","embeddable":true,"href":"https:\/\/blogopara.com.br\/index.php\/wp-json\/wp\/v2\/categories?post=23854"},{"taxonomy":"post_tag","embeddable":true,"href":"https:\/\/blogopara.com.br\/index.php\/wp-json\/wp\/v2\/tags?post=23854"}],"curies":[{"name":"wp","href":"https:\/\/api.w.org\/{rel}","templated":true}]}}