{"id":23857,"date":"2021-05-28T10:39:00","date_gmt":"2021-05-28T13:39:00","guid":{"rendered":"https:\/\/blogopara.com.br\/?p=23857"},"modified":"2021-05-27T20:56:00","modified_gmt":"2021-05-27T23:56:00","slug":"paulo-afonso-casos-positivos-aumentaram-130-e-mortes-causadas-pela-doenca-subiram-122-diz-tv-bahia","status":"publish","type":"post","link":"https:\/\/blogopara.com.br\/index.php\/2021\/05\/28\/paulo-afonso-casos-positivos-aumentaram-130-e-mortes-causadas-pela-doenca-subiram-122-diz-tv-bahia","title":{"rendered":"Paulo Afonso: Casos positivos aumentaram 130% e mortes causadas pela doen\u00e7a subiram 122%, diz TV Bahia"},"content":{"rendered":"<p style=\"text-align: justify;\">O Jornal da Manh\u00e3 da TV Bahia, mais uma vez, deu destaque, na \u00faltima quarta-feira (26), ao munic\u00edpio de Paulo Afonso por causa do preocupante aumento do n\u00famero de novos casos positivos da covid-19, assim como no n\u00famero de mortes causadas tamb\u00e9m pela doen\u00e7a.<\/p>\n<p style=\"text-align: justify;\">De acordo com a reportagem, a cidade registra um dos maiores casos de aumento de infectados pela Covid-19 em toda a Bahia e contabilizou crescimento de 122% de mortes entre fevereiro e maio deste ano. S\u00f3 nesta quarta-feira (26), o boletim epidemiol\u00f3gico do munic\u00edpio registrou mais 68 contamina\u00e7\u00f5es, aumentando os casos ativos para 624. O n\u00famero total de \u00f3bitos j\u00e1 passa dos 140.<\/p>\n<p style=\"text-align: justify;\">O telejornal estadual tamb\u00e9m falou sobre as medidas mais restritivas decretadas pela prefeitura que come\u00e7aram a vigorar nesta quarta.\u00a0<strong>Confira mat\u00e9ria abaixo:\u00a0<\/strong><\/p>\n<p style=\"text-align: justify;\">\u201cA prefeitura de Paulo Afonso, no norte da Bahia, definiu novas medidas de restri\u00e7\u00e3o para tentar conter o avan\u00e7o da pandemia de Covid-19 e desafogar o sistema p\u00fablico de sa\u00fade da cidade, que registra 100% de ocupa\u00e7\u00e3o dos leitos de UTI. A decis\u00e3o come\u00e7a a valer nesta quarta-feira (26) e segue at\u00e9 o dia 12 de junho.<\/p>\n<p style=\"text-align: justify;\">O toque de recolher no munic\u00edpio foi antecipado e agora se estende das 19h \u00e0s 5h. Al\u00e9m disso, o com\u00e9rcio considerado n\u00e3o essencial est\u00e1 autorizado a funcionar somente de segunda a s\u00e1bado, das 8h \u00e0s 14h.<\/p>\n<p style=\"text-align: justify;\">Os atacados, supermercados, frigorifico e hortifr\u00fati poder\u00e3o funcionar, de segunda a s\u00e1bado, das 6h \u00e0s 18h30 e vedado o funcionamento aos domingos.<\/p>\n<p style=\"text-align: justify;\">Tamb\u00e9m est\u00e1 permitido o funcionamento de feiras livres, mas em hor\u00e1rios e dias intercalados: o Mercado do Peixe e o Mercado P\u00fablico est\u00e3o autorizados a abrir as sextas-feiras e s\u00e1bados. A Feirinha da cidade e a Ceasa, poder\u00e3o funcionar somente aos s\u00e1bados.<\/p>\n<p style=\"text-align: justify;\">J\u00e1 a venda de bebida alco\u00f3lica estar\u00e1 proibida na cidade a partir das 18h desta quarta-feira at\u00e9 a pr\u00f3xima segunda-feira (31).<\/p>\n<p style=\"text-align: justify;\">O funcionamento de bares segue permitido, cumprindo os protocolos sanit\u00e1rios com limite de p\u00fablico e distanciamento obrigat\u00f3rio, mas sem a apresenta\u00e7\u00e3o de artistas. O mesmo ocorre com academias e igrejas, que devem respeitar o limite de p\u00fablico e manter o distanciamento. O uso de m\u00e1scara continua obrigat\u00f3rio em todos os espa\u00e7os p\u00fablicos do munic\u00edpio.<\/p>\n<p style=\"text-align: justify;\">Paulo Afonso \u00e9 uma das cidades com mais casos ativos da Covid-19 em toda a Bahia. Entre fevereiro e maio deste ano, o munic\u00edpio registrou 13% de aumento. Al\u00e9m disso, o n\u00famero de casos positivos aumentou 130% e as mortes causadas pela doen\u00e7a subiram 122% no mesmo per\u00edodo.\u201d<\/p>\n<p style=\"text-align: justify;\"><strong>ERRATA:<\/strong>\u00a0No texto reproduzido da TV Bahia\/g1ba havia um equ\u00edvoco quanto ao hor\u00e1rio de funcionamento dos supermercados. O correto \u00e9 das 6h \u00e0s 18:30 e n\u00e3o at\u00e9 meia-noite como publicado antes. O texto foi corrigido, de acordo com o novo decreto: \u201cOs atacados, supermercados, frigorifico e hortifr\u00fati poder\u00e3o funcionar, de segunda a s\u00e1bado, das 6h \u00e0s 18h30 e vedado o funcionamento aos domingos.\u201d<\/p>\n<p>Fonte:\u00a0 Portal Pa4 Ozildo Alves<\/p>\n","protected":false},"excerpt":{"rendered":"<p>O Jornal da Manh\u00e3 da TV Bahia, mais uma vez, deu destaque, na \u00faltima quarta-feira (26), ao munic\u00edpio de Paulo Afonso por causa do preocupante aumento do n\u00famero de novos casos positivos da covid-19, assim como no n\u00famero de mortes causadas tamb\u00e9m pela doen\u00e7a. De acordo com a reportagem, a cidade registra um dos maiores [&hellip;]<\/p>\n","protected":false},"author":1,"featured_media":23858,"comment_status":"closed","ping_status":"open","sticky":false,"template":"","format":"standard","meta":{"_uag_custom_page_level_css":"","_monsterinsights_skip_tracking":false,"_monsterinsights_sitenote_active":false,"_monsterinsights_sitenote_note":"","_monsterinsights_sitenote_category":0,"jetpack_post_was_ever_published":false,"_jetpack_newsletter_access":"","_jetpack_dont_email_post_to_subs":false,"_jetpack_newsletter_tier_id":0,"_jetpack_memberships_contains_paywalled_content":false,"_jetpack_memberships_contains_paid_content":false,"footnotes":"","jetpack_publicize_message":"","jetpack_publicize_feature_enabled":true,"jetpack_social_post_already_shared":true,"jetpack_social_options":{"image_generator_settings":{"template":"highway","default_image_id":0,"font":"","enabled":false},"version":2}},"categories":[199],"tags":[1168,3190,3155,1198],"class_list":["post-23857","post","type-post","status-publish","format-standard","has-post-thumbnail","hentry","category-bahia","tag-aumento","tag-casos-positivos","tag-covid-19-2","tag-paulo-afonso"],"jetpack_publicize_connections":[],"jetpack_featured_media_url":"https:\/\/blogopara.com.br\/wp-content\/uploads\/2021\/05\/th-1.jpg","uagb_featured_image_src":{"full":["https:\/\/blogopara.com.br\/wp-content\/uploads\/2021\/05\/th-1.jpg",500,376,false],"thumbnail":["https:\/\/blogopara.com.br\/wp-content\/uploads\/2021\/05\/th-1-150x150.jpg",150,150,true],"medium":["https:\/\/blogopara.com.br\/wp-content\/uploads\/2021\/05\/th-1-300x226.jpg",300,226,true],"medium_large":["https:\/\/blogopara.com.br\/wp-content\/uploads\/2021\/05\/th-1.jpg",500,376,false],"large":["https:\/\/blogopara.com.br\/wp-content\/uploads\/2021\/05\/th-1.jpg",500,376,false],"1536x1536":["https:\/\/blogopara.com.br\/wp-content\/uploads\/2021\/05\/th-1.jpg",500,376,false],"2048x2048":["https:\/\/blogopara.com.br\/wp-content\/uploads\/2021\/05\/th-1.jpg",500,376,false],"mantranews-slider-large":["https:\/\/blogopara.com.br\/wp-content\/uploads\/2021\/05\/th-1.jpg",500,376,false],"mantranews-featured-medium":["https:\/\/blogopara.com.br\/wp-content\/uploads\/2021\/05\/th-1-420x307.jpg",420,307,true],"mantranews-featured-long":["https:\/\/blogopara.com.br\/wp-content\/uploads\/2021\/05\/th-1-300x376.jpg",300,376,true],"mantranews-block-medium":["https:\/\/blogopara.com.br\/wp-content\/uploads\/2021\/05\/th-1-464x290.jpg",464,290,true],"mantranews-carousel-image":["https:\/\/blogopara.com.br\/wp-content\/uploads\/2021\/05\/th-1.jpg",500,376,false],"mantranews-block-thumb":["https:\/\/blogopara.com.br\/wp-content\/uploads\/2021\/05\/th-1-322x230.jpg",322,230,true],"mantranews-single-large":["https:\/\/blogopara.com.br\/wp-content\/uploads\/2021\/05\/th-1.jpg",500,376,false]},"uagb_author_info":{"display_name":"Reda\u00e7\u00e3o geral","author_link":"https:\/\/blogopara.com.br\/index.php\/author\/blogopara"},"uagb_comment_info":0,"uagb_excerpt":"O Jornal da Manh\u00e3 da TV Bahia, mais uma vez, deu destaque, na \u00faltima quarta-feira (26), ao munic\u00edpio de Paulo Afonso por causa do preocupante aumento do n\u00famero de novos casos positivos da covid-19, assim como no n\u00famero de mortes causadas tamb\u00e9m pela doen\u00e7a. De acordo com a reportagem, a cidade registra um dos maiores&hellip;","jetpack_sharing_enabled":true,"jetpack_likes_enabled":true,"_links":{"self":[{"href":"https:\/\/blogopara.com.br\/index.php\/wp-json\/wp\/v2\/posts\/23857","targetHints":{"allow":["GET"]}}],"collection":[{"href":"https:\/\/blogopara.com.br\/index.php\/wp-json\/wp\/v2\/posts"}],"about":[{"href":"https:\/\/blogopara.com.br\/index.php\/wp-json\/wp\/v2\/types\/post"}],"author":[{"embeddable":true,"href":"https:\/\/blogopara.com.br\/index.php\/wp-json\/wp\/v2\/users\/1"}],"replies":[{"embeddable":true,"href":"https:\/\/blogopara.com.br\/index.php\/wp-json\/wp\/v2\/comments?post=23857"}],"version-history":[{"count":1,"href":"https:\/\/blogopara.com.br\/index.php\/wp-json\/wp\/v2\/posts\/23857\/revisions"}],"predecessor-version":[{"id":23859,"href":"https:\/\/blogopara.com.br\/index.php\/wp-json\/wp\/v2\/posts\/23857\/revisions\/23859"}],"wp:featuredmedia":[{"embeddable":true,"href":"https:\/\/blogopara.com.br\/index.php\/wp-json\/wp\/v2\/media\/23858"}],"wp:attachment":[{"href":"https:\/\/blogopara.com.br\/index.php\/wp-json\/wp\/v2\/media?parent=23857"}],"wp:term":[{"taxonomy":"category","embeddable":true,"href":"https:\/\/blogopara.com.br\/index.php\/wp-json\/wp\/v2\/categories?post=23857"},{"taxonomy":"post_tag","embeddable":true,"href":"https:\/\/blogopara.com.br\/index.php\/wp-json\/wp\/v2\/tags?post=23857"}],"curies":[{"name":"wp","href":"https:\/\/api.w.org\/{rel}","templated":true}]}}