{"id":23860,"date":"2021-05-28T12:36:00","date_gmt":"2021-05-28T15:36:00","guid":{"rendered":"https:\/\/blogopara.com.br\/?p=23860"},"modified":"2021-05-28T10:45:56","modified_gmt":"2021-05-28T13:45:56","slug":"vigilantes-de-juazeiro-ba-cobram-calendario-de-vacinacao-da-categoria-contra-o-coronavirus","status":"publish","type":"post","link":"https:\/\/blogopara.com.br\/index.php\/2021\/05\/28\/vigilantes-de-juazeiro-ba-cobram-calendario-de-vacinacao-da-categoria-contra-o-coronavirus","title":{"rendered":"Vigilantes de Juazeiro-BA cobram calend\u00e1rio de vacina\u00e7\u00e3o, da categoria, contra o coronav\u00edrus"},"content":{"rendered":"<p style=\"text-align: justify;\">Vigilantes de Juazeiro-Ba cobram da prefeitura municipal o agendamento para vacinar a categoria contra o coronav\u00edrus. Os trabalhadores relatam que j\u00e1 encaminharam uma solicita\u00e7\u00e3o para o Secret\u00e1rio de Sa\u00fade do munic\u00edpio, Fernando Bezerra mas at\u00e9 o momento o pedido n\u00e3o foi atendido. Eles tamb\u00e9m argumentam que em outras cidades pr\u00f3ximas, a exemplo, Senhor do Bonfim todos os profissionais que atuam na \u00e1rea de vigil\u00e2ncia j\u00e1 foram vacinados.<\/p>\n<p style=\"text-align: justify;\">Na manh\u00e3 desta sexta-feira (28.05) vigilantes, que atuam no munic\u00edpio, entraram em contato com a reda\u00e7\u00e3o do blog Opar\u00e1 relatando a reivindica\u00e7\u00e3o dos profissionais e cobrando uma posi\u00e7\u00e3o da prefeitura. \u201cGostar\u00edamos de perguntar ao senhor secret\u00e1rio por que n\u00e3o tem agendamento para vacinar a nossa categoria? Estamos em todos os \u00f3rg\u00e3os, seja ele p\u00fablico ou privado, inclusive, nas portarias de condom\u00ednios, hospitais, escolas, bancos, como tamb\u00e9m trabalhadores de servi\u00e7os gerais. Por ainda n\u00e3o tem calend\u00e1rio de vacina\u00e7\u00e3o para combater a covid-19?\u201d, questionam os vigilantes.<\/p>\n<p style=\"text-align: justify;\">A Prefeitura de Juazeiro elaborou um calend\u00e1rio de vacina\u00e7\u00e3o contra o coronav\u00edrus para profissionais de for\u00e7a de seguran\u00e7a e salvamento com faixa et\u00e1ria de 40 anos ou mais, entre os dias 27 e 28, mas n\u00e3o abrange a categoria de vigilantes.<\/p>\n<p style=\"text-align: justify;\">\n","protected":false},"excerpt":{"rendered":"<p>Vigilantes de Juazeiro-Ba cobram da prefeitura municipal o agendamento para vacinar a categoria contra o coronav\u00edrus. Os trabalhadores relatam que j\u00e1 encaminharam uma solicita\u00e7\u00e3o para o Secret\u00e1rio de Sa\u00fade do munic\u00edpio, Fernando Bezerra mas at\u00e9 o momento o pedido n\u00e3o foi atendido. Eles tamb\u00e9m argumentam que em outras cidades pr\u00f3ximas, a exemplo, Senhor do Bonfim [&hellip;]<\/p>\n","protected":false},"author":1,"featured_media":23861,"comment_status":"closed","ping_status":"open","sticky":false,"template":"","format":"standard","meta":{"_uag_custom_page_level_css":"","_monsterinsights_skip_tracking":false,"_monsterinsights_sitenote_active":false,"_monsterinsights_sitenote_note":"","_monsterinsights_sitenote_category":0,"jetpack_post_was_ever_published":false,"_jetpack_newsletter_access":"","_jetpack_dont_email_post_to_subs":false,"_jetpack_newsletter_tier_id":0,"_jetpack_memberships_contains_paywalled_content":false,"_jetpack_memberships_contains_paid_content":false,"footnotes":"","jetpack_publicize_message":"","jetpack_publicize_feature_enabled":true,"jetpack_social_post_already_shared":true,"jetpack_social_options":{"image_generator_settings":{"template":"highway","default_image_id":0,"font":"","enabled":false},"version":2}},"categories":[203],"tags":[3090,2522,2877,3191],"class_list":["post-23860","post","type-post","status-publish","format-standard","has-post-thumbnail","hentry","category-juazeiro","tag-calendario-de-vacina","tag-contra-covid-19","tag-juazeiro-ba","tag-vigilantes"],"jetpack_publicize_connections":[],"jetpack_featured_media_url":"https:\/\/blogopara.com.br\/wp-content\/uploads\/2021\/05\/WhatsApp-Image-2021-05-28-at-08.00.05.jpeg","uagb_featured_image_src":{"full":["https:\/\/blogopara.com.br\/wp-content\/uploads\/2021\/05\/WhatsApp-Image-2021-05-28-at-08.00.05.jpeg",500,888,false],"thumbnail":["https:\/\/blogopara.com.br\/wp-content\/uploads\/2021\/05\/WhatsApp-Image-2021-05-28-at-08.00.05-150x150.jpeg",150,150,true],"medium":["https:\/\/blogopara.com.br\/wp-content\/uploads\/2021\/05\/WhatsApp-Image-2021-05-28-at-08.00.05-169x300.jpeg",169,300,true],"medium_large":["https:\/\/blogopara.com.br\/wp-content\/uploads\/2021\/05\/WhatsApp-Image-2021-05-28-at-08.00.05.jpeg",500,888,false],"large":["https:\/\/blogopara.com.br\/wp-content\/uploads\/2021\/05\/WhatsApp-Image-2021-05-28-at-08.00.05.jpeg",500,888,false],"1536x1536":["https:\/\/blogopara.com.br\/wp-content\/uploads\/2021\/05\/WhatsApp-Image-2021-05-28-at-08.00.05.jpeg",500,888,false],"2048x2048":["https:\/\/blogopara.com.br\/wp-content\/uploads\/2021\/05\/WhatsApp-Image-2021-05-28-at-08.00.05.jpeg",500,888,false],"mantranews-slider-large":["https:\/\/blogopara.com.br\/wp-content\/uploads\/2021\/05\/WhatsApp-Image-2021-05-28-at-08.00.05-500x741.jpeg",500,741,true],"mantranews-featured-medium":["https:\/\/blogopara.com.br\/wp-content\/uploads\/2021\/05\/WhatsApp-Image-2021-05-28-at-08.00.05-420x307.jpeg",420,307,true],"mantranews-featured-long":["https:\/\/blogopara.com.br\/wp-content\/uploads\/2021\/05\/WhatsApp-Image-2021-05-28-at-08.00.05-300x443.jpeg",300,443,true],"mantranews-block-medium":["https:\/\/blogopara.com.br\/wp-content\/uploads\/2021\/05\/WhatsApp-Image-2021-05-28-at-08.00.05-464x290.jpeg",464,290,true],"mantranews-carousel-image":["https:\/\/blogopara.com.br\/wp-content\/uploads\/2021\/05\/WhatsApp-Image-2021-05-28-at-08.00.05-500x500.jpeg",500,500,true],"mantranews-block-thumb":["https:\/\/blogopara.com.br\/wp-content\/uploads\/2021\/05\/WhatsApp-Image-2021-05-28-at-08.00.05-322x230.jpeg",322,230,true],"mantranews-single-large":["https:\/\/blogopara.com.br\/wp-content\/uploads\/2021\/05\/WhatsApp-Image-2021-05-28-at-08.00.05-500x642.jpeg",500,642,true]},"uagb_author_info":{"display_name":"Reda\u00e7\u00e3o geral","author_link":"https:\/\/blogopara.com.br\/index.php\/author\/blogopara"},"uagb_comment_info":0,"uagb_excerpt":"Vigilantes de Juazeiro-Ba cobram da prefeitura municipal o agendamento para vacinar a categoria contra o coronav\u00edrus. Os trabalhadores relatam que j\u00e1 encaminharam uma solicita\u00e7\u00e3o para o Secret\u00e1rio de Sa\u00fade do munic\u00edpio, Fernando Bezerra mas at\u00e9 o momento o pedido n\u00e3o foi atendido. Eles tamb\u00e9m argumentam que em outras cidades pr\u00f3ximas, a exemplo, Senhor do Bonfim&hellip;","jetpack_sharing_enabled":true,"jetpack_likes_enabled":true,"_links":{"self":[{"href":"https:\/\/blogopara.com.br\/index.php\/wp-json\/wp\/v2\/posts\/23860","targetHints":{"allow":["GET"]}}],"collection":[{"href":"https:\/\/blogopara.com.br\/index.php\/wp-json\/wp\/v2\/posts"}],"about":[{"href":"https:\/\/blogopara.com.br\/index.php\/wp-json\/wp\/v2\/types\/post"}],"author":[{"embeddable":true,"href":"https:\/\/blogopara.com.br\/index.php\/wp-json\/wp\/v2\/users\/1"}],"replies":[{"embeddable":true,"href":"https:\/\/blogopara.com.br\/index.php\/wp-json\/wp\/v2\/comments?post=23860"}],"version-history":[{"count":4,"href":"https:\/\/blogopara.com.br\/index.php\/wp-json\/wp\/v2\/posts\/23860\/revisions"}],"predecessor-version":[{"id":23866,"href":"https:\/\/blogopara.com.br\/index.php\/wp-json\/wp\/v2\/posts\/23860\/revisions\/23866"}],"wp:featuredmedia":[{"embeddable":true,"href":"https:\/\/blogopara.com.br\/index.php\/wp-json\/wp\/v2\/media\/23861"}],"wp:attachment":[{"href":"https:\/\/blogopara.com.br\/index.php\/wp-json\/wp\/v2\/media?parent=23860"}],"wp:term":[{"taxonomy":"category","embeddable":true,"href":"https:\/\/blogopara.com.br\/index.php\/wp-json\/wp\/v2\/categories?post=23860"},{"taxonomy":"post_tag","embeddable":true,"href":"https:\/\/blogopara.com.br\/index.php\/wp-json\/wp\/v2\/tags?post=23860"}],"curies":[{"name":"wp","href":"https:\/\/api.w.org\/{rel}","templated":true}]}}