{"id":23893,"date":"2021-05-28T18:19:00","date_gmt":"2021-05-28T21:19:00","guid":{"rendered":"https:\/\/blogopara.com.br\/?p=23893"},"modified":"2021-05-28T12:28:21","modified_gmt":"2021-05-28T15:28:21","slug":"carta-denuncia-das-comunidades-ribeirinhas-de-sento-se","status":"publish","type":"post","link":"https:\/\/blogopara.com.br\/index.php\/2021\/05\/28\/carta-denuncia-das-comunidades-ribeirinhas-de-sento-se","title":{"rendered":"Carta-den\u00fancia das comunidades ribeirinhas de Sento S\u00e9"},"content":{"rendered":"\n\n<p style=\"text-align: justify;\">N\u00f3s, das\u00a0<strong>comunidades tradicionais ribeirinhas localizadas no entorno da Serra da Bicuda em Sento S\u00e9\/BA, \u00e0s margens do rio S\u00e3o Francisco<\/strong>\u00a0(Ponta D\u2019\u00c1gua, Volta da Serra, Caju\u00ed, Retiro de Cima, Retiro de Baixo, Tombador, Pascoal, Limoeiro, Aldeia, Andorinhas e Itapera),\u00a0<strong>impactadas pela Tombador Iron Minera\u00e7\u00e3o, denunciamos a seguinte situa\u00e7\u00e3o:<\/strong><\/p>\n<p style=\"text-align: justify;\">A chegada de 20 carretas bitrens para transportar a produ\u00e7\u00e3o da Tombador Iron Minera\u00e7\u00e3o, no dia 25 de maio de 2021, mais uma vez demonstrou o\u00a0<strong>desrespeito da empresa com as popula\u00e7\u00f5es das comunidades<\/strong>\u00a0acima citadas. N\u00e3o fomos informadas sobre a chegada dos transportes de grande porte, nem tampouco das licen\u00e7as concedidas \u00e0 Tombador Iron pelas inst\u00e2ncias Federal, Estadual e Municipal. Licen\u00e7as essas concedidas sem a realiza\u00e7\u00e3o da consulta pr\u00e9via, livre e informada \u00e0s comunidades.<\/p>\n<p style=\"text-align: justify;\">N\u00f3s, das comunidades, perguntamos: Essas estradas que ligam Sento S\u00e9 \u00e0s comunidades ir\u00e3o suportar o tr\u00e1fego constante dessas carretas com dezenas de toneladas de min\u00e9rio? As pessoas que tem suas ro\u00e7as \u00e0 margem das estradas de ch\u00e3o conseguir\u00e3o trabalhar em meio a tanta poeira provocada pelo transporte? As estradas p\u00fablicas se tornaram privadas? Como n\u00f3s das comunidades iremos trafegar para sede do munic\u00edpio em meio tanta poeira e velocidade com que esses ve\u00edculos passam? Nas estradas onde eles atravessam, vamos perder o direito de ir e vir, visto que eles n\u00e3o t\u00eam o menor respeito com o povo? E a estrada de Sento S\u00e9 a Juazeiro, ser\u00e1 que vamos voltar ao tempo que levava cinco horas pra chegar?<\/p>\n<p style=\"text-align: justify;\">Os acidentes com certeza ir\u00e3o aumentar por conta da velocidade das carretas, pois os motoristas perdem a visibilidade com a grande quantidade de poeira. Para onde vamos? Em apenas 24 horas da chegada desses transportes, trabalhadores\/as j\u00e1 est\u00e3o impedidos de fazer atividades em suas ro\u00e7as, por conta da poeira. Como ser\u00e1 o dia o dia das comunidades tradicionais ribeirinhas, tendo em vista que a Tombador Iron tem capacidade de produ\u00e7\u00e3o de 400 toneladas de min\u00e9rio por hora?<\/p>\n<p style=\"text-align: justify;\">Outra coisa que precisa ser esclarecida \u00e9: Se o Instituto de Meio Ambiente e Recursos H\u00eddricos (INEMA) concedeu a Licen\u00e7a de Opera\u00e7\u00e3o no dia 20 de maio de 2021, como em quatro dias j\u00e1 havia material suficiente para carregar 20 carretas bitrens?<\/p>\n<p style=\"text-align: justify;\"><strong>Exigimos respeito!\u00a0 Somos gente, das comunidades tradicionais, e seguimos na luta pelos nossos direitos!<\/strong><\/p>\n<p style=\"text-align: justify;\"><em>Comiss\u00e3o das Comunidades Atingidas pela Tombador Iron Minera\u00e7\u00e3o<\/em><\/p>\n<p style=\"text-align: justify;\">\u00a0<\/p>\n<p style=\"text-align: justify;\"><strong>Em apoio \u00e0s comunidades atingidas, assinam esta carta-den\u00fancia:<\/strong><\/p>\n<p style=\"text-align: justify;\">Articula\u00e7\u00e3o Regional de Fundo de Pasto<\/p>\n<p style=\"text-align: justify;\">Articula\u00e7\u00e3o Sindical Rural da Regi\u00e3o do Lago de Sobradinho<\/p>\n<p style=\"text-align: justify;\">Associa\u00e7\u00e3o dos Advogados\/as de Trabalhadores\/as Rurais (AATR)<\/p>\n<p style=\"text-align: justify;\">Coordenadoria Ecum\u00eanica de Servi\u00e7os (CESE)<\/p>\n<p style=\"text-align: justify;\">Comiss\u00e3o Pastoral da Terra (CPT)<\/p>\n<p style=\"text-align: justify;\">Diocese de Juazeiro \u2013 Bahia<\/p>\n<p style=\"text-align: justify;\">F\u00f3rum de Entidades de Campo Alegre de Lourdes<\/p>\n<p style=\"text-align: justify;\">Grupo de Pesquisa GeografAR (UFBA)<\/p>\n<p style=\"text-align: justify;\">Instituto Regional da Pequena Agropecu\u00e1ria Apropriada (IRPAA)<\/p>\n<p style=\"text-align: justify;\">Krisis \u2013 Laborat\u00f3rio de Antropologia, Filosofia e Pol\u00edtica (UNIVASF)<\/p>\n<p style=\"text-align: justify;\">Movimento pela Soberania Popular na Minera\u00e7\u00e3o (MAM)<\/p>\n<p style=\"text-align: justify;\">Movimento Salve as Serras<\/p>\n<p style=\"text-align: justify;\">Movimento\u00a0de Trabalhadores Rurais Assentados e Acampados da Bahia (CETA)<\/p>\n<p style=\"text-align: justify;\">Movimento dos Pequenos Agricultores (MPA)<\/p>\n<p style=\"text-align: justify;\">Par\u00f3quia de S\u00e3o Jos\u00e9 \u2013 Sento S\u00e9<\/p>\n<p style=\"text-align: justify;\">Servi\u00e7o de Assessoria a Organiza\u00e7\u00f5es Populares Rurais (SASOP)<\/p>\n\n\n<p>Por: Portal CPTBA<\/p>\n","protected":false},"excerpt":{"rendered":"<p>N\u00f3s, das\u00a0comunidades tradicionais ribeirinhas localizadas no entorno da Serra da Bicuda em Sento S\u00e9\/BA, \u00e0s margens do rio S\u00e3o Francisco\u00a0(Ponta D\u2019\u00c1gua, Volta da Serra, Caju\u00ed, Retiro de Cima, Retiro de Baixo, Tombador, Pascoal, Limoeiro, Aldeia, Andorinhas e Itapera),\u00a0impactadas pela Tombador Iron Minera\u00e7\u00e3o, denunciamos a seguinte situa\u00e7\u00e3o: A chegada de 20 carretas bitrens para transportar a [&hellip;]<\/p>\n","protected":false},"author":1,"featured_media":23894,"comment_status":"closed","ping_status":"open","sticky":false,"template":"","format":"standard","meta":{"_uag_custom_page_level_css":"","_monsterinsights_skip_tracking":false,"_monsterinsights_sitenote_active":false,"_monsterinsights_sitenote_note":"","_monsterinsights_sitenote_category":0,"jetpack_post_was_ever_published":false,"_jetpack_newsletter_access":"","_jetpack_dont_email_post_to_subs":false,"_jetpack_newsletter_tier_id":0,"_jetpack_memberships_contains_paywalled_content":false,"_jetpack_memberships_contains_paid_content":false,"footnotes":"","jetpack_publicize_message":"","jetpack_publicize_feature_enabled":true,"jetpack_social_post_already_shared":true,"jetpack_social_options":{"image_generator_settings":{"template":"highway","default_image_id":0,"font":"","enabled":false},"version":2}},"categories":[199,3027],"tags":[3209,3211,784,1490],"class_list":["post-23893","post","type-post","status-publish","format-standard","has-post-thumbnail","hentry","category-bahia","category-sento-se","tag-carta","tag-comunidades-ribeirinhas-2","tag-denuncia","tag-sento-se-2"],"jetpack_publicize_connections":[],"jetpack_featured_media_url":"https:\/\/blogopara.com.br\/wp-content\/uploads\/2021\/05\/WhatsApp-Image-2021-05-28-at-11.58.00.jpeg","uagb_featured_image_src":{"full":["https:\/\/blogopara.com.br\/wp-content\/uploads\/2021\/05\/WhatsApp-Image-2021-05-28-at-11.58.00.jpeg",500,500,false],"thumbnail":["https:\/\/blogopara.com.br\/wp-content\/uploads\/2021\/05\/WhatsApp-Image-2021-05-28-at-11.58.00-150x150.jpeg",150,150,true],"medium":["https:\/\/blogopara.com.br\/wp-content\/uploads\/2021\/05\/WhatsApp-Image-2021-05-28-at-11.58.00-300x300.jpeg",300,300,true],"medium_large":["https:\/\/blogopara.com.br\/wp-content\/uploads\/2021\/05\/WhatsApp-Image-2021-05-28-at-11.58.00.jpeg",500,500,false],"large":["https:\/\/blogopara.com.br\/wp-content\/uploads\/2021\/05\/WhatsApp-Image-2021-05-28-at-11.58.00.jpeg",500,500,false],"1536x1536":["https:\/\/blogopara.com.br\/wp-content\/uploads\/2021\/05\/WhatsApp-Image-2021-05-28-at-11.58.00.jpeg",500,500,false],"2048x2048":["https:\/\/blogopara.com.br\/wp-content\/uploads\/2021\/05\/WhatsApp-Image-2021-05-28-at-11.58.00.jpeg",500,500,false],"mantranews-slider-large":["https:\/\/blogopara.com.br\/wp-content\/uploads\/2021\/05\/WhatsApp-Image-2021-05-28-at-11.58.00.jpeg",500,500,false],"mantranews-featured-medium":["https:\/\/blogopara.com.br\/wp-content\/uploads\/2021\/05\/WhatsApp-Image-2021-05-28-at-11.58.00-420x307.jpeg",420,307,true],"mantranews-featured-long":["https:\/\/blogopara.com.br\/wp-content\/uploads\/2021\/05\/WhatsApp-Image-2021-05-28-at-11.58.00-300x443.jpeg",300,443,true],"mantranews-block-medium":["https:\/\/blogopara.com.br\/wp-content\/uploads\/2021\/05\/WhatsApp-Image-2021-05-28-at-11.58.00-464x290.jpeg",464,290,true],"mantranews-carousel-image":["https:\/\/blogopara.com.br\/wp-content\/uploads\/2021\/05\/WhatsApp-Image-2021-05-28-at-11.58.00.jpeg",500,500,false],"mantranews-block-thumb":["https:\/\/blogopara.com.br\/wp-content\/uploads\/2021\/05\/WhatsApp-Image-2021-05-28-at-11.58.00-322x230.jpeg",322,230,true],"mantranews-single-large":["https:\/\/blogopara.com.br\/wp-content\/uploads\/2021\/05\/WhatsApp-Image-2021-05-28-at-11.58.00.jpeg",500,500,false]},"uagb_author_info":{"display_name":"Reda\u00e7\u00e3o geral","author_link":"https:\/\/blogopara.com.br\/index.php\/author\/blogopara"},"uagb_comment_info":0,"uagb_excerpt":"N\u00f3s, das\u00a0comunidades tradicionais ribeirinhas localizadas no entorno da Serra da Bicuda em Sento S\u00e9\/BA, \u00e0s margens do rio S\u00e3o Francisco\u00a0(Ponta D\u2019\u00c1gua, Volta da Serra, Caju\u00ed, Retiro de Cima, Retiro de Baixo, Tombador, Pascoal, Limoeiro, Aldeia, Andorinhas e Itapera),\u00a0impactadas pela Tombador Iron Minera\u00e7\u00e3o, denunciamos a seguinte situa\u00e7\u00e3o: A chegada de 20 carretas bitrens para transportar a&hellip;","jetpack_sharing_enabled":true,"jetpack_likes_enabled":true,"_links":{"self":[{"href":"https:\/\/blogopara.com.br\/index.php\/wp-json\/wp\/v2\/posts\/23893","targetHints":{"allow":["GET"]}}],"collection":[{"href":"https:\/\/blogopara.com.br\/index.php\/wp-json\/wp\/v2\/posts"}],"about":[{"href":"https:\/\/blogopara.com.br\/index.php\/wp-json\/wp\/v2\/types\/post"}],"author":[{"embeddable":true,"href":"https:\/\/blogopara.com.br\/index.php\/wp-json\/wp\/v2\/users\/1"}],"replies":[{"embeddable":true,"href":"https:\/\/blogopara.com.br\/index.php\/wp-json\/wp\/v2\/comments?post=23893"}],"version-history":[{"count":1,"href":"https:\/\/blogopara.com.br\/index.php\/wp-json\/wp\/v2\/posts\/23893\/revisions"}],"predecessor-version":[{"id":23895,"href":"https:\/\/blogopara.com.br\/index.php\/wp-json\/wp\/v2\/posts\/23893\/revisions\/23895"}],"wp:featuredmedia":[{"embeddable":true,"href":"https:\/\/blogopara.com.br\/index.php\/wp-json\/wp\/v2\/media\/23894"}],"wp:attachment":[{"href":"https:\/\/blogopara.com.br\/index.php\/wp-json\/wp\/v2\/media?parent=23893"}],"wp:term":[{"taxonomy":"category","embeddable":true,"href":"https:\/\/blogopara.com.br\/index.php\/wp-json\/wp\/v2\/categories?post=23893"},{"taxonomy":"post_tag","embeddable":true,"href":"https:\/\/blogopara.com.br\/index.php\/wp-json\/wp\/v2\/tags?post=23893"}],"curies":[{"name":"wp","href":"https:\/\/api.w.org\/{rel}","templated":true}]}}