{"id":23954,"date":"2021-05-30T18:32:00","date_gmt":"2021-05-30T21:32:00","guid":{"rendered":"https:\/\/blogopara.com.br\/?p=23954"},"modified":"2021-05-30T13:22:54","modified_gmt":"2021-05-30T16:22:54","slug":"de-olho-em-governos-locais-em-2022-lava-jatistas-terao-eleicao-decisiva","status":"publish","type":"post","link":"https:\/\/blogopara.com.br\/index.php\/2021\/05\/30\/de-olho-em-governos-locais-em-2022-lava-jatistas-terao-eleicao-decisiva","title":{"rendered":"De olho em governos locais em 2022, lava-jatistas ter\u00e3o elei\u00e7\u00e3o decisiva"},"content":{"rendered":"<p style=\"text-align: justify;\">Tr\u00eas anos ap\u00f3s o sucesso nas urnas, pol\u00edticos que se classificam como adeptos da &#8220;nova pol\u00edtica&#8221; preparam-se para concorrer a novas elei\u00e7\u00f5es em 2022. Na disputa por governos estaduais, colocar\u00e3o \u00e0 prova o capital pol\u00edtico conquistado.\n<\/p>\n<p style=\"text-align: justify;\">Dos nove senadores eleitos pela primeira vez para um cargo eletivo em 2018, ao menos cinco planejam voos mais altos em seus respectivos estados. Dois deles s\u00e3o do campo bolsonarista: Eduardo Gir\u00e3o (Podemos), do Cear\u00e1, e Soraya Thronicke (PSL), de Mato Grosso do Sul.\n<\/p>\n<p style=\"text-align: justify;\">Empres\u00e1rio dos ramos de hotelaria e seguran\u00e7a privada, Eduardo Gir\u00e3o disputou sua primeira elei\u00e7\u00e3o em 2018 e conseguiu desbancar o senador Eun\u00edcio Oliveira (MDB), que tentava a reelei\u00e7\u00e3o.\n<\/p>\n<p style=\"text-align: justify;\">Ao longo dos \u00faltimos tr\u00eas anos, conseguiu se consolidar como um dos protagonistas da oposi\u00e7\u00e3o no Cear\u00e1, assumindo o lugar de partidos como o MDB e o PSDB, que se aproximaram do governador Camilo Santana (PT).\n<\/p>\n<p style=\"text-align: justify;\">Nas \u00faltimas semanas, Gir\u00e3o ganhou os holofotes nacionalmente na CPI da Covid, onde atua em defesa do presidente Jair Bolsonaro (sem partido).\n<\/p>\n<p style=\"text-align: justify;\">Na comiss\u00e3o, fustiga seus principais advers\u00e1rios locais: o governador petista e o ex-prefeito de Fortaleza e prov\u00e1vel candidato ao governo Roberto Cl\u00e1udio (PDT). Sua principal bandeira \u00e9 o combate \u00e0 corrup\u00e7\u00e3o.\n<\/p>\n<p style=\"text-align: justify;\">Para consolidar-se como candidato ao governo, Gir\u00e3o trabalha para construir um grupo pol\u00edtico forte no Cear\u00e1. Em 2020, a oposi\u00e7\u00e3o teve bom desempenho nos grandes centros urbanos e venceu em tr\u00eas das cinco maiores cidades do Cear\u00e1.\n<\/p>\n<p style=\"text-align: justify;\">O desafio agora \u00e9 avan\u00e7ar sobre os munic\u00edpios de menor porte e tamb\u00e9m superar a rejei\u00e7\u00e3o que o aliado Jair Bolsonaro tem no Nordeste.\n<\/p>\n<p style=\"text-align: justify;\">Outro nome do campo conservador \u00e9 o da senadora Soraya Thronicke (PSL), que deve concorrer ao Governo de Mato Grosso do Sul. Advogada e empres\u00e1ria, ela ficou conhecida por atuar em movimentos de rua contra o PT e chegou ao Senado em 2018 na onda bolsonarista.\n<\/p>\n<p style=\"text-align: justify;\">Para 2022, ela pretende disputar o governo amparada no mesmo discurso anticorrup\u00e7\u00e3o que alavancou sua candidatura h\u00e1 tr\u00eas anos. Tem conversado com partidos pequenos e dificilmente ter\u00e1 o apoio dos principais caciques locais.\n<\/p>\n<p style=\"text-align: justify;\">&#8220;Diferentemente dos coron\u00e9is da pol\u00edtica, eu n\u00e3o tenho curral eleitoral. Desde o in\u00edcio, meu foco \u00e9 o bem-estar da sociedade&#8221;, diz a senadora.\n<\/p>\n<p style=\"text-align: justify;\">Ela afirma que, desta vez, ter\u00e1 como diferencial uma maior estrutura do PSL, que elegeu a segunda maior bancada no Congresso em 2018 e, por isso, ter\u00e1 mais tempo no hor\u00e1rio eleitoral obrigat\u00f3rio na televis\u00e3o e no r\u00e1dio e verba para financiar as campanhas.\n<\/p>\n<p style=\"text-align: justify;\">A elei\u00e7\u00e3o em Mato Grosso do Sul deve se dividir em tr\u00eas polos: al\u00e9m da senadora Soraya Thronicke, devem disputar o governo Eduardo Riedel (PSDB), candidato do governador tucano Reinaldo Azambuja, e a senadora a Simone Tebet (MDB).\n<\/p>\n<p style=\"text-align: justify;\">No Rio Grande do Norte, o senador Styvenson Valentim (Podemos), que afirma ter postura independente em rela\u00e7\u00e3o ao governo Jair Bolsonaro, tamb\u00e9m \u00e9 um potencial candidato ao governo de seu estado.\n<\/p>\n<p style=\"text-align: justify;\">Policial militar, ele era coordenador das blitze da Lei Seca e ganhou popularidade com v\u00eddeos nas redes sociais. Foi eleito para o Senado em 2018 derrotando pol\u00edticos tradicionais do estado, como o ex-senador Garibaldi Alves (MDB).\n<\/p>\n<p style=\"text-align: justify;\">\u00c0 Folha ele diz que ainda n\u00e3o decidiu se ser\u00e1 candidato ao governo do estado. &#8220;Estou nas m\u00e3os de Deus e do povo, n\u00e3o tenho controle sobre o meu futuro&#8221;, afirma.\n<\/p>\n<p style=\"text-align: justify;\">Caso entre na disputa, diz que abrir\u00e1 m\u00e3o do tempo de televis\u00e3o e recursos do fundo eleitoral, concentrando sua campanha nas redes sociais. Ter\u00e1 como bandeiras a seguran\u00e7a e a redu\u00e7\u00e3o de gastos da m\u00e1quina p\u00fablica.\n<\/p>\n<p style=\"text-align: justify;\">No Rio Grande do Norte, Styvenson ainda padece de um isolamento das demais for\u00e7as pol\u00edticas de seu estado. N\u00e3o \u00e9 aliado da governadora F\u00e1tima Bezerra (PT), mas tamb\u00e9m n\u00e3o tem bom tr\u00e2nsito entre nomes da oposi\u00e7\u00e3o como os ministros Rog\u00e9rio Marinho (sem partido) e F\u00e1bio Faria (PSD).\n<\/p>\n<p style=\"text-align: justify;\">&#8220;Quem quiser conversar, estou aberto. Mas sinto que eles t\u00eam um pouco de receio de falar comigo porque gravo e filmo todas as conversas&#8221;, diz o senador, que mesmo ap\u00f3s tr\u00eas anos de mandato afirma n\u00e3o se considerar um pol\u00edtico.\n<\/p>\n<p style=\"text-align: justify;\">No campo de oposi\u00e7\u00e3o a Bolsonaro, Alessandro Vieira (Cidadania), de Sergipe, e Fabiano Contarato (Rede), do Esp\u00edrito Santo, destacam-se como potenciais candidatos ao governo.\n<\/p>\n<p style=\"text-align: justify;\">Ambos eram delegados da Pol\u00edcia Civil antes de chegar ao Senado e t\u00eam ganhado notoriedade na CPI da Covid. Apesar do perfil parecido, t\u00eam caminhos ideol\u00f3gicos distintos.\n<\/p>\n<p style=\"text-align: justify;\">Contarato foi um apoiador da Lava Jato, mas hoje tem fortes cr\u00edticas \u00e0 opera\u00e7\u00e3o. No in\u00edcio do m\u00eas, reuniu-se em Bras\u00edlia com o ex-presidente Lula, que o convidou para se filiar ao PT e disputar o Governo do Esp\u00edrito Santo.\n<\/p>\n<p style=\"text-align: justify;\">Vieira, por outro lado, tem perfil mais conservador. \u00c9 entusiasta da Lava Jato e criticou a decis\u00e3o do STF (Supremo Tribunal Federal) que considerou que o ex-juiz Sergio Moro agiu com parcialidade em processo contra Lula.\n<\/p>\n<p style=\"text-align: justify;\">No Senado, defendeu a instala\u00e7\u00e3o de uma comiss\u00e3o de inqu\u00e9rito para investigar os tribunais superiores, a chamada CPI da Lava Toga. Em 2022, caso seja candidato ao governo, deve entrar na campanha em Sergipe com cr\u00edticas \u00e0 pol\u00edtica do compadrio e com o lema anticorrup\u00e7\u00e3o.\n<\/p>\n<p style=\"text-align: justify;\">Tamb\u00e9m h\u00e1 potenciais candidatos ao Senado entre os ne\u00f3fitos de 2018, caso da deputada estadual por S\u00e3o Paulo Janaina Paschoal (PSL), coautora do pedido de impeachment de Dilma Rousseff (PT).\n<\/p>\n<p style=\"text-align: justify;\">Eleita em 2018 com 2 milh\u00f5es de votos, maior vota\u00e7\u00e3o de um deputado na hist\u00f3ria do pa\u00eds, ela disputa internamente no PSL para concorrer \u00e0 \u00fanica vaga em disputa para o Senado no pr\u00f3ximo ano.\n<\/p>\n<p style=\"text-align: justify;\">Outro nome \u00e9 o do pr\u00f3prio vice-presidente general Hamilton Mour\u00e3o (PRTB), que cogita concorrer ao Senado pelo Rio Grande do Sul.\n<\/p>\n<p style=\"text-align: justify;\">Na avalia\u00e7\u00e3o da cientista pol\u00edtica Priscila Lapa, professora da Universidade Federal de Pernambuco, a elei\u00e7\u00e3o de 2022 ser\u00e1 uma esp\u00e9cie de divisor de \u00e1guas para os eleitos na onda de 2018.\n<\/p>\n<p style=\"text-align: justify;\">&#8220;Se quiserem ter sucesso, ter\u00e3o que mostrar servi\u00e7o. Desta vez, eles n\u00e3o ser\u00e3o uma aposta de mudan\u00e7a. Os eleitores ter\u00e3o como comparar seus desempenhos no mandato e avaliar se atenderam \u00e0s expectativas&#8221;, afirma.\n<\/p>\n<p style=\"text-align: justify;\">A professora afirma ainda que, assim como nas elei\u00e7\u00f5es municipais de 2020, os eleitores devem apostar em candidatos de perfil mais experiente, um reflexo do momento de pandemia, em que a capacidade de gest\u00e3o ganhou peso.\n<\/p>\n<p style=\"text-align: justify;\">Segundo Priscila, pesquisas mostram que o eleitor est\u00e1 preocupado com o futuro e busca uma op\u00e7\u00e3o segura. &#8220;Quem n\u00e3o mostrar um pouco mais de subst\u00e2ncia pode ficar para tr\u00e1s.&#8221;<\/p>\n<p>Folhapress<\/p>\n<div style=\"text-align: justify;\"><\/div>\n","protected":false},"excerpt":{"rendered":"<p>Tr\u00eas anos ap\u00f3s o sucesso nas urnas, pol\u00edticos que se classificam como adeptos da &#8220;nova pol\u00edtica&#8221; preparam-se para concorrer a novas elei\u00e7\u00f5es em 2022. Na disputa por governos estaduais, colocar\u00e3o \u00e0 prova o capital pol\u00edtico conquistado. Dos nove senadores eleitos pela primeira vez para um cargo eletivo em 2018, ao menos cinco planejam voos mais [&hellip;]<\/p>\n","protected":false},"author":1,"featured_media":23955,"comment_status":"closed","ping_status":"open","sticky":false,"template":"","format":"standard","meta":{"_uag_custom_page_level_css":"","_monsterinsights_skip_tracking":false,"_monsterinsights_sitenote_active":false,"_monsterinsights_sitenote_note":"","_monsterinsights_sitenote_category":0,"jetpack_post_was_ever_published":false,"_jetpack_newsletter_access":"","_jetpack_dont_email_post_to_subs":false,"_jetpack_newsletter_tier_id":0,"_jetpack_memberships_contains_paywalled_content":false,"_jetpack_memberships_contains_paid_content":false,"footnotes":"","jetpack_publicize_message":"","jetpack_publicize_feature_enabled":true,"jetpack_social_post_already_shared":true,"jetpack_social_options":{"image_generator_settings":{"template":"highway","default_image_id":0,"font":"","enabled":false},"version":2}},"categories":[200,197],"tags":[3248,70,3246,3247],"class_list":["post-23954","post","type-post","status-publish","format-standard","has-post-thumbnail","hentry","category-brasil","category-politica","tag-decisiva","tag-eleicao","tag-governos-locais","tag-lavatistas"],"jetpack_publicize_connections":[],"jetpack_featured_media_url":"https:\/\/blogopara.com.br\/wp-content\/uploads\/2021\/05\/IMAGEM_NOTICIA_5-5-2.jpg","uagb_featured_image_src":{"full":["https:\/\/blogopara.com.br\/wp-content\/uploads\/2021\/05\/IMAGEM_NOTICIA_5-5-2.jpg",500,368,false],"thumbnail":["https:\/\/blogopara.com.br\/wp-content\/uploads\/2021\/05\/IMAGEM_NOTICIA_5-5-2-150x150.jpg",150,150,true],"medium":["https:\/\/blogopara.com.br\/wp-content\/uploads\/2021\/05\/IMAGEM_NOTICIA_5-5-2-300x221.jpg",300,221,true],"medium_large":["https:\/\/blogopara.com.br\/wp-content\/uploads\/2021\/05\/IMAGEM_NOTICIA_5-5-2.jpg",500,368,false],"large":["https:\/\/blogopara.com.br\/wp-content\/uploads\/2021\/05\/IMAGEM_NOTICIA_5-5-2.jpg",500,368,false],"1536x1536":["https:\/\/blogopara.com.br\/wp-content\/uploads\/2021\/05\/IMAGEM_NOTICIA_5-5-2.jpg",500,368,false],"2048x2048":["https:\/\/blogopara.com.br\/wp-content\/uploads\/2021\/05\/IMAGEM_NOTICIA_5-5-2.jpg",500,368,false],"mantranews-slider-large":["https:\/\/blogopara.com.br\/wp-content\/uploads\/2021\/05\/IMAGEM_NOTICIA_5-5-2.jpg",500,368,false],"mantranews-featured-medium":["https:\/\/blogopara.com.br\/wp-content\/uploads\/2021\/05\/IMAGEM_NOTICIA_5-5-2-420x307.jpg",420,307,true],"mantranews-featured-long":["https:\/\/blogopara.com.br\/wp-content\/uploads\/2021\/05\/IMAGEM_NOTICIA_5-5-2-300x368.jpg",300,368,true],"mantranews-block-medium":["https:\/\/blogopara.com.br\/wp-content\/uploads\/2021\/05\/IMAGEM_NOTICIA_5-5-2-464x290.jpg",464,290,true],"mantranews-carousel-image":["https:\/\/blogopara.com.br\/wp-content\/uploads\/2021\/05\/IMAGEM_NOTICIA_5-5-2.jpg",500,368,false],"mantranews-block-thumb":["https:\/\/blogopara.com.br\/wp-content\/uploads\/2021\/05\/IMAGEM_NOTICIA_5-5-2-322x230.jpg",322,230,true],"mantranews-single-large":["https:\/\/blogopara.com.br\/wp-content\/uploads\/2021\/05\/IMAGEM_NOTICIA_5-5-2.jpg",500,368,false]},"uagb_author_info":{"display_name":"Reda\u00e7\u00e3o geral","author_link":"https:\/\/blogopara.com.br\/index.php\/author\/blogopara"},"uagb_comment_info":0,"uagb_excerpt":"Tr\u00eas anos ap\u00f3s o sucesso nas urnas, pol\u00edticos que se classificam como adeptos da &#8220;nova pol\u00edtica&#8221; preparam-se para concorrer a novas elei\u00e7\u00f5es em 2022. Na disputa por governos estaduais, colocar\u00e3o \u00e0 prova o capital pol\u00edtico conquistado. Dos nove senadores eleitos pela primeira vez para um cargo eletivo em 2018, ao menos cinco planejam voos mais&hellip;","jetpack_sharing_enabled":true,"jetpack_likes_enabled":true,"_links":{"self":[{"href":"https:\/\/blogopara.com.br\/index.php\/wp-json\/wp\/v2\/posts\/23954","targetHints":{"allow":["GET"]}}],"collection":[{"href":"https:\/\/blogopara.com.br\/index.php\/wp-json\/wp\/v2\/posts"}],"about":[{"href":"https:\/\/blogopara.com.br\/index.php\/wp-json\/wp\/v2\/types\/post"}],"author":[{"embeddable":true,"href":"https:\/\/blogopara.com.br\/index.php\/wp-json\/wp\/v2\/users\/1"}],"replies":[{"embeddable":true,"href":"https:\/\/blogopara.com.br\/index.php\/wp-json\/wp\/v2\/comments?post=23954"}],"version-history":[{"count":1,"href":"https:\/\/blogopara.com.br\/index.php\/wp-json\/wp\/v2\/posts\/23954\/revisions"}],"predecessor-version":[{"id":23956,"href":"https:\/\/blogopara.com.br\/index.php\/wp-json\/wp\/v2\/posts\/23954\/revisions\/23956"}],"wp:featuredmedia":[{"embeddable":true,"href":"https:\/\/blogopara.com.br\/index.php\/wp-json\/wp\/v2\/media\/23955"}],"wp:attachment":[{"href":"https:\/\/blogopara.com.br\/index.php\/wp-json\/wp\/v2\/media?parent=23954"}],"wp:term":[{"taxonomy":"category","embeddable":true,"href":"https:\/\/blogopara.com.br\/index.php\/wp-json\/wp\/v2\/categories?post=23954"},{"taxonomy":"post_tag","embeddable":true,"href":"https:\/\/blogopara.com.br\/index.php\/wp-json\/wp\/v2\/tags?post=23954"}],"curies":[{"name":"wp","href":"https:\/\/api.w.org\/{rel}","templated":true}]}}