{"id":23963,"date":"2021-05-31T10:23:00","date_gmt":"2021-05-31T13:23:00","guid":{"rendered":"https:\/\/blogopara.com.br\/?p=23963"},"modified":"2021-05-31T08:31:11","modified_gmt":"2021-05-31T11:31:11","slug":"renan-calheiros-vai-enviar-subsidios-colhidos-na-cpi-para-ajudar-stf-em-acao-de-bolsonaro-contra-governadores","status":"publish","type":"post","link":"https:\/\/blogopara.com.br\/index.php\/2021\/05\/31\/renan-calheiros-vai-enviar-subsidios-colhidos-na-cpi-para-ajudar-stf-em-acao-de-bolsonaro-contra-governadores","title":{"rendered":"Renan Calheiros vai enviar &#8220;subs\u00eddios&#8221; colhidos na CPI para ajudar STF em a\u00e7\u00e3o de Bolsonaro contra governadores"},"content":{"rendered":"<div class=\"editor\">\n<p style=\"text-align: justify;\">O relator da CPI da Covid, Renan Calheiros (MDB-AL), vai enviar informa\u00e7\u00f5es colhidas ao longo dos depoimentos \u00e0 Comiss\u00e3o, para o STF usar na nova a\u00e7\u00e3o movida pelo presidente Jair Bolsonaro contra governadores.<\/p>\n<p style=\"text-align: justify;\">Segundo Renan, ser\u00e3o fornecidos ao Supremo &#8220;subs\u00eddios t\u00e9cnicos&#8221; para colaborar na a\u00e7\u00e3o que pede que os decretos estaduais de medidas de restri\u00e7\u00e3o sejam suspensos em ao menos tr\u00eas estados.<\/p>\n<p style=\"text-align: justify;\">&#8220;A postura do governo federal, que continua na contram\u00e3o das recomenda\u00e7\u00f5es sanit\u00e1rias do mundo inteiro, indica que o \u00fanico plano do presidente Bolsonaro \u00e9 aglomerar, como faz diuturnamente, \u00e0 margem da ci\u00eancia e do que seria necess\u00e1rio para proteger vidas humanas&#8221;, declarou o emedebista \u00e0 coluna Painel, da Folha de S. Paulo.<\/p>\n<p style=\"text-align: justify;\">De acordo com o cacique, a sua manifesta\u00e7\u00e3o \u00e9 como parlamentar, n\u00e3o como relator da CPI. Ele lembra que os casos no Brasil voltaram a crescer e que a &#8220;postura irrespons\u00e1vel&#8221; do presidente contribui para aprofundar a crise no pa\u00eds.<\/p>\n<p style=\"text-align: justify;\">\u201cEssa obsess\u00e3o macabra do presidente [contra o isolamento], em um momento em que as UTIs est\u00e3o lotadas e se avizinha uma terceira onda, faz com que os brasileiros paguem com vidas o pre\u00e7o de sua postura irrespons\u00e1vel e tresloucada\u201d, completou o senador.<\/p>\n<\/div>\n<p>Fonte: BNEWS<\/p>\n<div class=\"editor\">\n<div class=\"banner\" style=\"text-align: justify;\">\u00a0<\/div>\n<\/div>\n","protected":false},"excerpt":{"rendered":"<p>O relator da CPI da Covid, Renan Calheiros (MDB-AL), vai enviar informa\u00e7\u00f5es colhidas ao longo dos depoimentos \u00e0 Comiss\u00e3o, para o STF usar na nova a\u00e7\u00e3o movida pelo presidente Jair Bolsonaro contra governadores. Segundo Renan, ser\u00e3o fornecidos ao Supremo &#8220;subs\u00eddios t\u00e9cnicos&#8221; para colaborar na a\u00e7\u00e3o que pede que os decretos estaduais de medidas de restri\u00e7\u00e3o [&hellip;]<\/p>\n","protected":false},"author":1,"featured_media":23964,"comment_status":"closed","ping_status":"open","sticky":false,"template":"","format":"standard","meta":{"_uag_custom_page_level_css":"","_monsterinsights_skip_tracking":false,"_monsterinsights_sitenote_active":false,"_monsterinsights_sitenote_note":"","_monsterinsights_sitenote_category":0,"jetpack_post_was_ever_published":false,"_jetpack_newsletter_access":"","_jetpack_dont_email_post_to_subs":false,"_jetpack_newsletter_tier_id":0,"_jetpack_memberships_contains_paywalled_content":false,"_jetpack_memberships_contains_paid_content":false,"footnotes":"","jetpack_publicize_message":"","jetpack_publicize_feature_enabled":true,"jetpack_social_post_already_shared":true,"jetpack_social_options":{"image_generator_settings":{"template":"highway","default_image_id":0,"font":"","enabled":false},"version":2}},"categories":[200,197],"tags":[21,3252,1960,3250,3251],"class_list":["post-23963","post","type-post","status-publish","format-standard","has-post-thumbnail","hentry","category-brasil","category-politica","tag-bolsonaro","tag-colhidos","tag-cpi","tag-renan-calheiros","tag-subsidios"],"jetpack_publicize_connections":[],"jetpack_featured_media_url":"https:\/\/blogopara.com.br\/wp-content\/uploads\/2021\/05\/309517-IMAGEM_NOTICIA_0.jpg","uagb_featured_image_src":{"full":["https:\/\/blogopara.com.br\/wp-content\/uploads\/2021\/05\/309517-IMAGEM_NOTICIA_0.jpg",500,246,false],"thumbnail":["https:\/\/blogopara.com.br\/wp-content\/uploads\/2021\/05\/309517-IMAGEM_NOTICIA_0-150x150.jpg",150,150,true],"medium":["https:\/\/blogopara.com.br\/wp-content\/uploads\/2021\/05\/309517-IMAGEM_NOTICIA_0-300x148.jpg",300,148,true],"medium_large":["https:\/\/blogopara.com.br\/wp-content\/uploads\/2021\/05\/309517-IMAGEM_NOTICIA_0.jpg",500,246,false],"large":["https:\/\/blogopara.com.br\/wp-content\/uploads\/2021\/05\/309517-IMAGEM_NOTICIA_0.jpg",500,246,false],"1536x1536":["https:\/\/blogopara.com.br\/wp-content\/uploads\/2021\/05\/309517-IMAGEM_NOTICIA_0.jpg",500,246,false],"2048x2048":["https:\/\/blogopara.com.br\/wp-content\/uploads\/2021\/05\/309517-IMAGEM_NOTICIA_0.jpg",500,246,false],"mantranews-slider-large":["https:\/\/blogopara.com.br\/wp-content\/uploads\/2021\/05\/309517-IMAGEM_NOTICIA_0.jpg",500,246,false],"mantranews-featured-medium":["https:\/\/blogopara.com.br\/wp-content\/uploads\/2021\/05\/309517-IMAGEM_NOTICIA_0-420x246.jpg",420,246,true],"mantranews-featured-long":["https:\/\/blogopara.com.br\/wp-content\/uploads\/2021\/05\/309517-IMAGEM_NOTICIA_0-300x246.jpg",300,246,true],"mantranews-block-medium":["https:\/\/blogopara.com.br\/wp-content\/uploads\/2021\/05\/309517-IMAGEM_NOTICIA_0-464x246.jpg",464,246,true],"mantranews-carousel-image":["https:\/\/blogopara.com.br\/wp-content\/uploads\/2021\/05\/309517-IMAGEM_NOTICIA_0.jpg",500,246,false],"mantranews-block-thumb":["https:\/\/blogopara.com.br\/wp-content\/uploads\/2021\/05\/309517-IMAGEM_NOTICIA_0-322x230.jpg",322,230,true],"mantranews-single-large":["https:\/\/blogopara.com.br\/wp-content\/uploads\/2021\/05\/309517-IMAGEM_NOTICIA_0.jpg",500,246,false]},"uagb_author_info":{"display_name":"Reda\u00e7\u00e3o geral","author_link":"https:\/\/blogopara.com.br\/index.php\/author\/blogopara"},"uagb_comment_info":0,"uagb_excerpt":"O relator da CPI da Covid, Renan Calheiros (MDB-AL), vai enviar informa\u00e7\u00f5es colhidas ao longo dos depoimentos \u00e0 Comiss\u00e3o, para o STF usar na nova a\u00e7\u00e3o movida pelo presidente Jair Bolsonaro contra governadores. Segundo Renan, ser\u00e3o fornecidos ao Supremo &#8220;subs\u00eddios t\u00e9cnicos&#8221; para colaborar na a\u00e7\u00e3o que pede que os decretos estaduais de medidas de restri\u00e7\u00e3o&hellip;","jetpack_sharing_enabled":true,"jetpack_likes_enabled":true,"_links":{"self":[{"href":"https:\/\/blogopara.com.br\/index.php\/wp-json\/wp\/v2\/posts\/23963","targetHints":{"allow":["GET"]}}],"collection":[{"href":"https:\/\/blogopara.com.br\/index.php\/wp-json\/wp\/v2\/posts"}],"about":[{"href":"https:\/\/blogopara.com.br\/index.php\/wp-json\/wp\/v2\/types\/post"}],"author":[{"embeddable":true,"href":"https:\/\/blogopara.com.br\/index.php\/wp-json\/wp\/v2\/users\/1"}],"replies":[{"embeddable":true,"href":"https:\/\/blogopara.com.br\/index.php\/wp-json\/wp\/v2\/comments?post=23963"}],"version-history":[{"count":1,"href":"https:\/\/blogopara.com.br\/index.php\/wp-json\/wp\/v2\/posts\/23963\/revisions"}],"predecessor-version":[{"id":23965,"href":"https:\/\/blogopara.com.br\/index.php\/wp-json\/wp\/v2\/posts\/23963\/revisions\/23965"}],"wp:featuredmedia":[{"embeddable":true,"href":"https:\/\/blogopara.com.br\/index.php\/wp-json\/wp\/v2\/media\/23964"}],"wp:attachment":[{"href":"https:\/\/blogopara.com.br\/index.php\/wp-json\/wp\/v2\/media?parent=23963"}],"wp:term":[{"taxonomy":"category","embeddable":true,"href":"https:\/\/blogopara.com.br\/index.php\/wp-json\/wp\/v2\/categories?post=23963"},{"taxonomy":"post_tag","embeddable":true,"href":"https:\/\/blogopara.com.br\/index.php\/wp-json\/wp\/v2\/tags?post=23963"}],"curies":[{"name":"wp","href":"https:\/\/api.w.org\/{rel}","templated":true}]}}