{"id":23991,"date":"2021-05-01T07:45:00","date_gmt":"2021-05-01T10:45:00","guid":{"rendered":"https:\/\/blogopara.com.br\/?p=23991"},"modified":"2021-05-31T15:07:30","modified_gmt":"2021-05-31T18:07:30","slug":"rui-rebate-colbert-e-culpa-prefeito-por-violencia-em-feira","status":"publish","type":"post","link":"https:\/\/blogopara.com.br\/index.php\/2021\/05\/01\/rui-rebate-colbert-e-culpa-prefeito-por-violencia-em-feira","title":{"rendered":"Rui rebate Colbert e culpa prefeito por viol\u00eancia em Feira"},"content":{"rendered":"<p>O governador Rui Costa (PT) respondeu ao prefeito de Feira de Santana, Colbert Martins (MDB), que fez acusa\u00e7\u00f5es sobre a seguran\u00e7a p\u00fablica e\u00a0<a href=\"https:\/\/politicaaovivo.com\/colbert-parte-para-cima-de-rui-e-ataca-seguranca-publica-a-populacao-pobre-esta-sendo-exterminada\/\">atribuiu ao Governo do Estado a alta de homic\u00eddios nos \u00faltimos meses<\/a>.<\/p>\n<p>Em coletiva, durante a entrega de uma maternidade, nesta segunda-feira (31), o governador culpou a \u201cilumina\u00e7\u00e3o prec\u00e1ria\u201d pelo viol\u00eancia na segunda maior cidade do estado e pediu que Colbert \u201cfa\u00e7a sua obriga\u00e7\u00e3o e depois v\u00e1 olhar a casa do vizinho\u201d. Rui ainda provocou e disse que o gestor municipal se contaminou com \u201co v\u00edrus de Bolsonaro\u201d.<\/p>\n<p>\u201cUm prefeito que sequer consegue oferecer educa\u00e7\u00e3o para a sua cidade vem falar de viol\u00eancia? Ele se contaminou com o v\u00edrus de Bolsonaro. Eu fui em Feira e fico assustado. A cidade escura e abandonada\u201d, disse Rui, que ainda completou.<\/p>\n<p>\u201cA escurid\u00e3o aumenta o diminui a viol\u00eancia? Ele \u00e9 respons\u00e1vel pela viol\u00eancia em Feira de Santana. Primeiro fa\u00e7a a sua obriga\u00e7\u00e3o e depois v\u00e1 olhar para a casa do vizinho\u201d, finalizou.<\/p>\n<p>Fonte: Pol\u00edtica ao Vivo<\/p>\n","protected":false},"excerpt":{"rendered":"<p>O governador Rui Costa (PT) respondeu ao prefeito de Feira de Santana, Colbert Martins (MDB), que fez acusa\u00e7\u00f5es sobre a seguran\u00e7a p\u00fablica e\u00a0atribuiu ao Governo do Estado a alta de homic\u00eddios nos \u00faltimos meses. Em coletiva, durante a entrega de uma maternidade, nesta segunda-feira (31), o governador culpou a \u201cilumina\u00e7\u00e3o prec\u00e1ria\u201d pelo viol\u00eancia na segunda [&hellip;]<\/p>\n","protected":false},"author":1,"featured_media":23992,"comment_status":"open","ping_status":"open","sticky":false,"template":"","format":"standard","meta":{"_uag_custom_page_level_css":"","_monsterinsights_skip_tracking":false,"_monsterinsights_sitenote_active":false,"_monsterinsights_sitenote_note":"","_monsterinsights_sitenote_category":0,"jetpack_post_was_ever_published":false,"_jetpack_newsletter_access":"","_jetpack_dont_email_post_to_subs":false,"_jetpack_newsletter_tier_id":0,"_jetpack_memberships_contains_paywalled_content":false,"_jetpack_memberships_contains_paid_content":false,"footnotes":"","jetpack_publicize_message":"","jetpack_publicize_feature_enabled":true,"jetpack_social_post_already_shared":true,"jetpack_social_options":{"image_generator_settings":{"template":"highway","default_image_id":0,"font":"","enabled":false},"version":2}},"categories":[199],"tags":[1472,2707,289,74],"class_list":["post-23991","post","type-post","status-publish","format-standard","has-post-thumbnail","hentry","category-bahia","tag-feira-de-santana","tag-polemica","tag-rui-costa-pt","tag-violencia"],"jetpack_publicize_connections":[],"jetpack_featured_media_url":"https:\/\/blogopara.com.br\/wp-content\/uploads\/2021\/05\/cobb.jpg","uagb_featured_image_src":{"full":["https:\/\/blogopara.com.br\/wp-content\/uploads\/2021\/05\/cobb.jpg",500,291,false],"thumbnail":["https:\/\/blogopara.com.br\/wp-content\/uploads\/2021\/05\/cobb-150x150.jpg",150,150,true],"medium":["https:\/\/blogopara.com.br\/wp-content\/uploads\/2021\/05\/cobb-300x175.jpg",300,175,true],"medium_large":["https:\/\/blogopara.com.br\/wp-content\/uploads\/2021\/05\/cobb.jpg",500,291,false],"large":["https:\/\/blogopara.com.br\/wp-content\/uploads\/2021\/05\/cobb.jpg",500,291,false],"1536x1536":["https:\/\/blogopara.com.br\/wp-content\/uploads\/2021\/05\/cobb.jpg",500,291,false],"2048x2048":["https:\/\/blogopara.com.br\/wp-content\/uploads\/2021\/05\/cobb.jpg",500,291,false],"mantranews-slider-large":["https:\/\/blogopara.com.br\/wp-content\/uploads\/2021\/05\/cobb.jpg",500,291,false],"mantranews-featured-medium":["https:\/\/blogopara.com.br\/wp-content\/uploads\/2021\/05\/cobb-420x291.jpg",420,291,true],"mantranews-featured-long":["https:\/\/blogopara.com.br\/wp-content\/uploads\/2021\/05\/cobb-300x291.jpg",300,291,true],"mantranews-block-medium":["https:\/\/blogopara.com.br\/wp-content\/uploads\/2021\/05\/cobb-464x290.jpg",464,290,true],"mantranews-carousel-image":["https:\/\/blogopara.com.br\/wp-content\/uploads\/2021\/05\/cobb.jpg",500,291,false],"mantranews-block-thumb":["https:\/\/blogopara.com.br\/wp-content\/uploads\/2021\/05\/cobb-322x230.jpg",322,230,true],"mantranews-single-large":["https:\/\/blogopara.com.br\/wp-content\/uploads\/2021\/05\/cobb.jpg",500,291,false]},"uagb_author_info":{"display_name":"Reda\u00e7\u00e3o geral","author_link":"https:\/\/blogopara.com.br\/index.php\/author\/blogopara"},"uagb_comment_info":0,"uagb_excerpt":"O governador Rui Costa (PT) respondeu ao prefeito de Feira de Santana, Colbert Martins (MDB), que fez acusa\u00e7\u00f5es sobre a seguran\u00e7a p\u00fablica e\u00a0atribuiu ao Governo do Estado a alta de homic\u00eddios nos \u00faltimos meses. Em coletiva, durante a entrega de uma maternidade, nesta segunda-feira (31), o governador culpou a \u201cilumina\u00e7\u00e3o prec\u00e1ria\u201d pelo viol\u00eancia na segunda&hellip;","jetpack_sharing_enabled":true,"jetpack_likes_enabled":true,"_links":{"self":[{"href":"https:\/\/blogopara.com.br\/index.php\/wp-json\/wp\/v2\/posts\/23991","targetHints":{"allow":["GET"]}}],"collection":[{"href":"https:\/\/blogopara.com.br\/index.php\/wp-json\/wp\/v2\/posts"}],"about":[{"href":"https:\/\/blogopara.com.br\/index.php\/wp-json\/wp\/v2\/types\/post"}],"author":[{"embeddable":true,"href":"https:\/\/blogopara.com.br\/index.php\/wp-json\/wp\/v2\/users\/1"}],"replies":[{"embeddable":true,"href":"https:\/\/blogopara.com.br\/index.php\/wp-json\/wp\/v2\/comments?post=23991"}],"version-history":[{"count":1,"href":"https:\/\/blogopara.com.br\/index.php\/wp-json\/wp\/v2\/posts\/23991\/revisions"}],"predecessor-version":[{"id":23993,"href":"https:\/\/blogopara.com.br\/index.php\/wp-json\/wp\/v2\/posts\/23991\/revisions\/23993"}],"wp:featuredmedia":[{"embeddable":true,"href":"https:\/\/blogopara.com.br\/index.php\/wp-json\/wp\/v2\/media\/23992"}],"wp:attachment":[{"href":"https:\/\/blogopara.com.br\/index.php\/wp-json\/wp\/v2\/media?parent=23991"}],"wp:term":[{"taxonomy":"category","embeddable":true,"href":"https:\/\/blogopara.com.br\/index.php\/wp-json\/wp\/v2\/categories?post=23991"},{"taxonomy":"post_tag","embeddable":true,"href":"https:\/\/blogopara.com.br\/index.php\/wp-json\/wp\/v2\/tags?post=23991"}],"curies":[{"name":"wp","href":"https:\/\/api.w.org\/{rel}","templated":true}]}}