{"id":24013,"date":"2021-06-01T10:16:00","date_gmt":"2021-06-01T13:16:00","guid":{"rendered":"https:\/\/blogopara.com.br\/?p=24013"},"modified":"2021-06-01T09:01:50","modified_gmt":"2021-06-01T12:01:50","slug":"morre-locutor-esportivo-januario-de-oliveira","status":"publish","type":"post","link":"https:\/\/blogopara.com.br\/index.php\/2021\/06\/01\/morre-locutor-esportivo-januario-de-oliveira","title":{"rendered":"Morre locutor esportivo Janu\u00e1rio de Oliveira"},"content":{"rendered":"<p style=\"text-align: justify;\">O jornalismo esportivo perdeu, na tarde desta segunda-feira (31), um \u00edcone do r\u00e1dio e da TV. Ap\u00f3s 12 dias internado, por conta de uma pneumonia, faleceu em Natal (RN), Janu\u00e1rio de Oliveira, que marcou \u00e9poca com suas narra\u00e7\u00f5es na R\u00e1dio Nacional e na TV Brasil.<\/p>\n<div class=\"td-a-ad id_inline_ad0 id_ad_content-horiz-center\" style=\"text-align: justify;\">\n<div class=\"a-single a-21\"><span style=\"font-size: inherit;\">Janu\u00e1rio sofria de diabetes, doen\u00e7a que o fez perder cerca de 90% da vis\u00e3o e que foi a respons\u00e1vel por ele ter abandonado as transmiss\u00f5es em 1998, logo ap\u00f3s a Copa do Mundo. O narrador vivia em Natal, ao lado de familiares, mas h\u00e1 cerca de dois anos apresentava sa\u00fade debilitada.<\/span><\/div>\n<\/div>\n<p style=\"text-align: justify;\">Ap\u00f3s uma viagem ao Rio de Janeiro, em mar\u00e7o de 2019, Janu\u00e1rio apresentou quadro de pneumonia persistente, seguida por um acidente vascular cerebral. Ambas as condi\u00e7\u00f5es de sa\u00fade n\u00e3o o impediram de festejar o anivers\u00e1rio de 80 anos com a fam\u00edlia.<\/p>\n<p style=\"text-align: justify;\">Em 23 de maio, uma nova pneumonia o levou para o hospital, onde permaneceu internado. A suspeita de tuberculose foi afastada, mas Janu\u00e1rio precisou se submeter a hemodi\u00e1lise desde o dia 27, quando o quadro se agravou.<\/p>\n<p style=\"text-align: justify;\">Nascido em Alegrete (RS), em 19 de setembro de 1939, Janu\u00e1rio Soares de Oliveira era torcedor do Internacional e sonhava ser jogador de futebol. Mas n\u00e3o levava jeito. A outra paix\u00e3o o conquistou e o levou ao patamar dos maiores locutores do pa\u00eds.<\/p>\n<p style=\"text-align: justify;\"><strong>Assista \u00e0 entrevista de Janu\u00e1rio de Oliveira na TV Brasil:<\/strong><\/p>\n<p style=\"text-align: justify;\">Janu\u00e1rio come\u00e7ou a carreira na R\u00e1dio Farroupilha, em Porto Alegre. No Rio de Janeiro, trabalhou na R\u00e1dio Mau\u00e1 e, na Nacional, transformou-se num dos principais narradores do futebol carioca. Foi na emissora que come\u00e7ou a criar seus famosos bord\u00f5es. \u201cTa\u00ed o que voc\u00ea queria\u201d surgiu ap\u00f3s mais de duas horas aguardando o in\u00edcio de um jogo, no est\u00e1dio \u00cdtalo del Cima, em Campo Grande.<\/p>\n<p style=\"text-align: justify;\">Na TV Educativa, ao lado dos comentaristas Achilles Chirol e Jos\u00e9 Ign\u00e1cio Werneck, era o respons\u00e1vel pela narra\u00e7\u00e3o dos jogos de domingo, que iam em videoteipes nas noites de domingo, tendo os rep\u00f3rteres Jos\u00e9 Luiz Furtado, Sebasti\u00e3o Pereira, Sergio du Bocage e Fernando Domingues nas transmiss\u00f5es. Quantos at\u00e9 hoje se lembram do grito de gol? \u201c\u00c9 disso, \u00e9 disso que o povo gosta!\u201d.<\/p>\n<p style=\"text-align: justify;\">J\u00fanior Baiano, o zagueiro, o ajudou a criar o bord\u00e3o \u201ct\u00e1 l\u00e1 o corpo estendido no ch\u00e3o\u201d, logo ap\u00f3s derrubar mais um advers\u00e1rio. N\u00e3o faltava a Janu\u00e1rio criatividade.<\/p>\n<p style=\"text-align: justify;\">Janu\u00e1rio era, tamb\u00e9m, o apresentador da mais tradicional mesa de debates das noites de domingo: o Esporte Vis\u00e3o. Ao lado dele, al\u00e9m de Chirol e Werneck, despontavam outros ilustres comentaristas, como Luiz Mendes, S\u00e9rgio Noronha, Ruy Porto, G\u00e9rson, Washington Rodrigues e S\u00e9rgio Cabral. Foi nesta \u00e9poca, em 1987, que Janu\u00e1rio sofreu uma parada card\u00edaca que o afastou da TV por quase um ano.<\/p>\n<p style=\"text-align: justify;\">J\u00e1 aposentado, Janu\u00e1rio passou a integrar a equipe de locutores da Bandeirantes. E l\u00e1 vieram novos bord\u00f5es. Cruel, sinistro. E os famosos apelidos transformando jogadores em personagens eternizados por sua voz e na mente dos torcedores. O Super-\u00c9zio e S\u00e1vio, o Anjo Louro da G\u00e1vea, certamente eram os mais queridos por ele.<\/p>\n<p style=\"text-align: justify;\">O enterro de Janu\u00e1rio de Oliveira dever\u00e1 acontecer nesta ter\u00e7a-feira (01), em Natal. A fam\u00edlia n\u00e3o deu mais detalhes.<\/p>\n<p>Fonte: Informe Baiano<\/p>\n<p style=\"text-align: justify;\">\n","protected":false},"excerpt":{"rendered":"<p>O jornalismo esportivo perdeu, na tarde desta segunda-feira (31), um \u00edcone do r\u00e1dio e da TV. Ap\u00f3s 12 dias internado, por conta de uma pneumonia, faleceu em Natal (RN), Janu\u00e1rio de Oliveira, que marcou \u00e9poca com suas narra\u00e7\u00f5es na R\u00e1dio Nacional e na TV Brasil. Janu\u00e1rio sofria de diabetes, doen\u00e7a que o fez perder cerca [&hellip;]<\/p>\n","protected":false},"author":1,"featured_media":24014,"comment_status":"closed","ping_status":"open","sticky":false,"template":"","format":"standard","meta":{"_uag_custom_page_level_css":"","_monsterinsights_skip_tracking":false,"_monsterinsights_sitenote_active":false,"_monsterinsights_sitenote_note":"","_monsterinsights_sitenote_category":0,"jetpack_post_was_ever_published":false,"_jetpack_newsletter_access":"","_jetpack_dont_email_post_to_subs":false,"_jetpack_newsletter_tier_id":0,"_jetpack_memberships_contains_paywalled_content":false,"_jetpack_memberships_contains_paid_content":false,"footnotes":"","jetpack_publicize_message":"","jetpack_publicize_feature_enabled":true,"jetpack_social_post_already_shared":true,"jetpack_social_options":{"image_generator_settings":{"template":"highway","default_image_id":0,"font":"","enabled":false},"version":2}},"categories":[200],"tags":[3280,3279,1290],"class_list":["post-24013","post","type-post","status-publish","format-standard","has-post-thumbnail","hentry","category-brasil","tag-januario-de-oliveira","tag-locutor-esportivo","tag-morte"],"jetpack_publicize_connections":[],"jetpack_featured_media_url":"https:\/\/blogopara.com.br\/wp-content\/uploads\/2021\/06\/Januario-de-Oliveira-locutor.jpg","uagb_featured_image_src":{"full":["https:\/\/blogopara.com.br\/wp-content\/uploads\/2021\/06\/Januario-de-Oliveira-locutor.jpg",500,280,false],"thumbnail":["https:\/\/blogopara.com.br\/wp-content\/uploads\/2021\/06\/Januario-de-Oliveira-locutor-150x150.jpg",150,150,true],"medium":["https:\/\/blogopara.com.br\/wp-content\/uploads\/2021\/06\/Januario-de-Oliveira-locutor-300x168.jpg",300,168,true],"medium_large":["https:\/\/blogopara.com.br\/wp-content\/uploads\/2021\/06\/Januario-de-Oliveira-locutor.jpg",500,280,false],"large":["https:\/\/blogopara.com.br\/wp-content\/uploads\/2021\/06\/Januario-de-Oliveira-locutor.jpg",500,280,false],"1536x1536":["https:\/\/blogopara.com.br\/wp-content\/uploads\/2021\/06\/Januario-de-Oliveira-locutor.jpg",500,280,false],"2048x2048":["https:\/\/blogopara.com.br\/wp-content\/uploads\/2021\/06\/Januario-de-Oliveira-locutor.jpg",500,280,false],"mantranews-slider-large":["https:\/\/blogopara.com.br\/wp-content\/uploads\/2021\/06\/Januario-de-Oliveira-locutor.jpg",500,280,false],"mantranews-featured-medium":["https:\/\/blogopara.com.br\/wp-content\/uploads\/2021\/06\/Januario-de-Oliveira-locutor-420x280.jpg",420,280,true],"mantranews-featured-long":["https:\/\/blogopara.com.br\/wp-content\/uploads\/2021\/06\/Januario-de-Oliveira-locutor-300x280.jpg",300,280,true],"mantranews-block-medium":["https:\/\/blogopara.com.br\/wp-content\/uploads\/2021\/06\/Januario-de-Oliveira-locutor-464x280.jpg",464,280,true],"mantranews-carousel-image":["https:\/\/blogopara.com.br\/wp-content\/uploads\/2021\/06\/Januario-de-Oliveira-locutor.jpg",500,280,false],"mantranews-block-thumb":["https:\/\/blogopara.com.br\/wp-content\/uploads\/2021\/06\/Januario-de-Oliveira-locutor-322x230.jpg",322,230,true],"mantranews-single-large":["https:\/\/blogopara.com.br\/wp-content\/uploads\/2021\/06\/Januario-de-Oliveira-locutor.jpg",500,280,false]},"uagb_author_info":{"display_name":"Reda\u00e7\u00e3o geral","author_link":"https:\/\/blogopara.com.br\/index.php\/author\/blogopara"},"uagb_comment_info":0,"uagb_excerpt":"O jornalismo esportivo perdeu, na tarde desta segunda-feira (31), um \u00edcone do r\u00e1dio e da TV. Ap\u00f3s 12 dias internado, por conta de uma pneumonia, faleceu em Natal (RN), Janu\u00e1rio de Oliveira, que marcou \u00e9poca com suas narra\u00e7\u00f5es na R\u00e1dio Nacional e na TV Brasil. Janu\u00e1rio sofria de diabetes, doen\u00e7a que o fez perder cerca&hellip;","jetpack_sharing_enabled":true,"jetpack_likes_enabled":true,"_links":{"self":[{"href":"https:\/\/blogopara.com.br\/index.php\/wp-json\/wp\/v2\/posts\/24013","targetHints":{"allow":["GET"]}}],"collection":[{"href":"https:\/\/blogopara.com.br\/index.php\/wp-json\/wp\/v2\/posts"}],"about":[{"href":"https:\/\/blogopara.com.br\/index.php\/wp-json\/wp\/v2\/types\/post"}],"author":[{"embeddable":true,"href":"https:\/\/blogopara.com.br\/index.php\/wp-json\/wp\/v2\/users\/1"}],"replies":[{"embeddable":true,"href":"https:\/\/blogopara.com.br\/index.php\/wp-json\/wp\/v2\/comments?post=24013"}],"version-history":[{"count":1,"href":"https:\/\/blogopara.com.br\/index.php\/wp-json\/wp\/v2\/posts\/24013\/revisions"}],"predecessor-version":[{"id":24015,"href":"https:\/\/blogopara.com.br\/index.php\/wp-json\/wp\/v2\/posts\/24013\/revisions\/24015"}],"wp:featuredmedia":[{"embeddable":true,"href":"https:\/\/blogopara.com.br\/index.php\/wp-json\/wp\/v2\/media\/24014"}],"wp:attachment":[{"href":"https:\/\/blogopara.com.br\/index.php\/wp-json\/wp\/v2\/media?parent=24013"}],"wp:term":[{"taxonomy":"category","embeddable":true,"href":"https:\/\/blogopara.com.br\/index.php\/wp-json\/wp\/v2\/categories?post=24013"},{"taxonomy":"post_tag","embeddable":true,"href":"https:\/\/blogopara.com.br\/index.php\/wp-json\/wp\/v2\/tags?post=24013"}],"curies":[{"name":"wp","href":"https:\/\/api.w.org\/{rel}","templated":true}]}}