{"id":2402,"date":"2019-08-11T12:49:47","date_gmt":"2019-08-11T15:49:47","guid":{"rendered":"http:\/\/blogopara.com.br\/?p=2402"},"modified":"2019-08-11T12:51:08","modified_gmt":"2019-08-11T15:51:08","slug":"corone-isaac-carvalho-nao-participara-das-disputas-internas-no-pt-de-juazeiro","status":"publish","type":"post","link":"https:\/\/blogopara.com.br\/index.php\/2019\/08\/11\/corone-isaac-carvalho-nao-participara-das-disputas-internas-no-pt-de-juazeiro","title":{"rendered":"Coron\u00e9 Isaac Carvalho n\u00e3o participar\u00e1 das disputas internas no PT de Juazeiro."},"content":{"rendered":"<p style=\"text-align: justify;\">Segundo consta no site do partido, a presidente Nacional do PT, afirmou em live pelo facebook, que \u00e9 fundamental que todos os filiados do Partido dos Trabalhadores participem do Processo de Elei\u00e7\u00f5es Diretas e&nbsp;<strong><a href=\"https:\/\/pt.org.br\/7o-congresso-nacional-do-pt-ocorre-em-novembro-em-sp-com-800-delegadoas\/\">contribuam para fortalecer o PT nos munic\u00edpios<\/a><\/strong>&nbsp;para as elei\u00e7\u00f5es de 2020.<\/p>\n<p style=\"text-align: justify;\">Isso n\u00e3o serve para o coron\u00e9 Isaac Carvalho, como \u00e9 de costume, ele procura n\u00e3o se imiscuiu nas quest\u00f5es internas partid\u00e1rias, at\u00e9 quando n\u00e3o atrapalhem os seus objetivos pessoais. Ao mesmo tempo, ele sabe que o PT \u00e9 somente um, esperar a \u201cchuva\u201d a passar.<\/p>\n<p style=\"text-align: justify;\">Isaac nunca foi de partido, enquanto esteve no PC do B n\u00e3o era de cumprir as decis\u00f5es partid\u00e1rias, mas de passar o rolo compressor por cima de quem ousasse desafiar-lhe. Quando resolveu ser presidente do diret\u00f3rio em Juazeiro, o fez para garantir espa\u00e7o de mando e de visibilidade pol\u00edtica para emplacar a sua malfadada candidatura a deputado federal em 2018.<\/p>\n<p style=\"text-align: justify;\">O PT nunca foi e nunca ser\u00e1 uma op\u00e7\u00e3o pol\u00edtica duradoura para Isaac Carvalho, acostumado com o dito centralismo democr\u00e1tico dos pseudos-comunistas do PC do B, ele ter\u00e1 dificuldades para administrar a rela\u00e7\u00e3o com as diversas fac\u00e7\u00f5es internas, com o aparelhamento mais org\u00e2nico, com um n\u00famero maior de filiados, e principalmente, com um n\u00famero maior de petistas acostumados com as tetas do poder p\u00fablico.<\/p>\n","protected":false},"excerpt":{"rendered":"<p>Isaac Carvalho representa o que tem de pior na pol\u00edtica de Juazeiro:  a ostenta\u00e7\u00e3o com o dinheiro p\u00fablico, a vaidade e a arrog\u00e2ncia politica. <\/p>\n","protected":false},"author":1,"featured_media":1082,"comment_status":"open","ping_status":"open","sticky":false,"template":"","format":"standard","meta":{"_uag_custom_page_level_css":"","_monsterinsights_skip_tracking":false,"_monsterinsights_sitenote_active":false,"_monsterinsights_sitenote_note":"","_monsterinsights_sitenote_category":0,"jetpack_post_was_ever_published":false,"_jetpack_newsletter_access":"","_jetpack_dont_email_post_to_subs":false,"_jetpack_newsletter_tier_id":0,"_jetpack_memberships_contains_paywalled_content":false,"_jetpack_memberships_contains_paid_content":false,"footnotes":"","jetpack_publicize_message":"","jetpack_publicize_feature_enabled":true,"jetpack_social_post_already_shared":true,"jetpack_social_options":{"image_generator_settings":{"template":"highway","default_image_id":0,"font":"","enabled":false},"version":2}},"categories":[203],"tags":[579,37,578],"class_list":["post-2402","post","type-post","status-publish","format-standard","has-post-thumbnail","hentry","category-juazeiro","tag-eleicoes-internas","tag-isaac-carvalho","tag-pt-juazeiro"],"jetpack_publicize_connections":[],"jetpack_featured_media_url":"https:\/\/blogopara.com.br\/wp-content\/uploads\/2019\/07\/isaac-revoltado.jpg","uagb_featured_image_src":{"full":["https:\/\/blogopara.com.br\/wp-content\/uploads\/2019\/07\/isaac-revoltado.jpg",640,410,false],"thumbnail":["https:\/\/blogopara.com.br\/wp-content\/uploads\/2019\/07\/isaac-revoltado-150x150.jpg",150,150,true],"medium":["https:\/\/blogopara.com.br\/wp-content\/uploads\/2019\/07\/isaac-revoltado-300x192.jpg",300,192,true],"medium_large":["https:\/\/blogopara.com.br\/wp-content\/uploads\/2019\/07\/isaac-revoltado.jpg",640,410,false],"large":["https:\/\/blogopara.com.br\/wp-content\/uploads\/2019\/07\/isaac-revoltado.jpg",640,410,false],"1536x1536":["https:\/\/blogopara.com.br\/wp-content\/uploads\/2019\/07\/isaac-revoltado.jpg",640,410,false],"2048x2048":["https:\/\/blogopara.com.br\/wp-content\/uploads\/2019\/07\/isaac-revoltado.jpg",640,410,false],"mantranews-slider-large":["https:\/\/blogopara.com.br\/wp-content\/uploads\/2019\/07\/isaac-revoltado.jpg",640,410,false],"mantranews-featured-medium":["https:\/\/blogopara.com.br\/wp-content\/uploads\/2019\/07\/isaac-revoltado.jpg",420,269,false],"mantranews-featured-long":["https:\/\/blogopara.com.br\/wp-content\/uploads\/2019\/07\/isaac-revoltado.jpg",300,192,false],"mantranews-block-medium":["https:\/\/blogopara.com.br\/wp-content\/uploads\/2019\/07\/isaac-revoltado.jpg",453,290,false],"mantranews-carousel-image":["https:\/\/blogopara.com.br\/wp-content\/uploads\/2019\/07\/isaac-revoltado.jpg",600,384,false],"mantranews-block-thumb":["https:\/\/blogopara.com.br\/wp-content\/uploads\/2019\/07\/isaac-revoltado.jpg",322,206,false],"mantranews-single-large":["https:\/\/blogopara.com.br\/wp-content\/uploads\/2019\/07\/isaac-revoltado.jpg",640,410,false]},"uagb_author_info":{"display_name":"Reda\u00e7\u00e3o geral","author_link":"https:\/\/blogopara.com.br\/index.php\/author\/blogopara"},"uagb_comment_info":0,"uagb_excerpt":"Isaac Carvalho representa o que tem de pior na pol\u00edtica de Juazeiro: a ostenta\u00e7\u00e3o com o dinheiro p\u00fablico, a vaidade e a arrog\u00e2ncia politica.","jetpack_sharing_enabled":true,"jetpack_likes_enabled":true,"_links":{"self":[{"href":"https:\/\/blogopara.com.br\/index.php\/wp-json\/wp\/v2\/posts\/2402","targetHints":{"allow":["GET"]}}],"collection":[{"href":"https:\/\/blogopara.com.br\/index.php\/wp-json\/wp\/v2\/posts"}],"about":[{"href":"https:\/\/blogopara.com.br\/index.php\/wp-json\/wp\/v2\/types\/post"}],"author":[{"embeddable":true,"href":"https:\/\/blogopara.com.br\/index.php\/wp-json\/wp\/v2\/users\/1"}],"replies":[{"embeddable":true,"href":"https:\/\/blogopara.com.br\/index.php\/wp-json\/wp\/v2\/comments?post=2402"}],"version-history":[{"count":3,"href":"https:\/\/blogopara.com.br\/index.php\/wp-json\/wp\/v2\/posts\/2402\/revisions"}],"predecessor-version":[{"id":2405,"href":"https:\/\/blogopara.com.br\/index.php\/wp-json\/wp\/v2\/posts\/2402\/revisions\/2405"}],"wp:featuredmedia":[{"embeddable":true,"href":"https:\/\/blogopara.com.br\/index.php\/wp-json\/wp\/v2\/media\/1082"}],"wp:attachment":[{"href":"https:\/\/blogopara.com.br\/index.php\/wp-json\/wp\/v2\/media?parent=2402"}],"wp:term":[{"taxonomy":"category","embeddable":true,"href":"https:\/\/blogopara.com.br\/index.php\/wp-json\/wp\/v2\/categories?post=2402"},{"taxonomy":"post_tag","embeddable":true,"href":"https:\/\/blogopara.com.br\/index.php\/wp-json\/wp\/v2\/tags?post=2402"}],"curies":[{"name":"wp","href":"https:\/\/api.w.org\/{rel}","templated":true}]}}