{"id":24020,"date":"2021-06-01T12:38:00","date_gmt":"2021-06-01T15:38:00","guid":{"rendered":"https:\/\/blogopara.com.br\/?p=24020"},"modified":"2021-06-01T09:26:27","modified_gmt":"2021-06-01T12:26:27","slug":"criancas-da-escola-municipal-estacao-do-saber-participam-de-projeto-para-incentivo-a-leitura","status":"publish","type":"post","link":"https:\/\/blogopara.com.br\/index.php\/2021\/06\/01\/criancas-da-escola-municipal-estacao-do-saber-participam-de-projeto-para-incentivo-a-leitura","title":{"rendered":"Crian\u00e7as da Escola Municipal Esta\u00e7\u00e3o do Saber participam de projeto para incentivo \u00e0 leitura"},"content":{"rendered":"<p style=\"font-weight: 400; text-align: justify;\">Crian\u00e7as da Escola Municipal Esta\u00e7\u00e3o do Saber Jos\u00e9 Carlos Tanuri participaram, nesta segunda-feira (31), do drive thru de lan\u00e7amento do projeto de leitura &#8220;A Mala Viajante&#8221;.\u00a0 A iniciativa \u00e9 in\u00e9dita na escola e visa despertar nas crian\u00e7as o gosto pela leitura juntamente com a fam\u00edlia, atrav\u00e9s do contato com obras infantis.<\/p>\n<p style=\"font-weight: 400; text-align: justify;\">Participaram da programa\u00e7\u00e3o, 115 crian\u00e7as matriculadas no 1\u00ba ano da alfabetiza\u00e7\u00e3o. Os pequenos foram recepcionados pela equipe gestora da escola e professores, que estavam vestidos de personagens do mundo infantil.\u00a0 Nos carros, cada crian\u00e7a recebeu uma mala com um livro, higienizada com \u00e1lcool 70%.<\/p>\n<p style=\"font-weight: 400; text-align: justify;\">Para Jaionara Larissa Alves, m\u00e3e do aluno Angel Miguel, a a\u00e7\u00e3o foi motivadora para as crian\u00e7as. \u201cAchei super legal o trabalho de toda equipe da escola. Essa a\u00e7\u00e3o fez com que as crian\u00e7as se sentissem animadas com a escola e com a leitura\u201d, destacou \u00a0Jaionara.<\/p>\n<p style=\"font-weight: 400; text-align: justify;\">O projeto de leitura Mala Viajante segue at\u00e9 o final do ano, e os livros entregues hoje far\u00e3o parte de um rod\u00edzio, que permitir\u00e1 a leitura das obras por v\u00e1rios estudantes, a cada quinze dias. A entrega dos livros ser\u00e1 realizada na escola, seguindo as medidas de seguran\u00e7a sanit\u00e1ria contra a Covid-19.<\/p>\n<p style=\"font-weight: 400; text-align: justify;\">\u201cA partir dessa a\u00e7\u00e3o, n\u00f3s temos o objetivo de desenvolver o gosto pela leitura, a compreens\u00e3o \u00a0da fun\u00e7\u00e3o social da escrita e conhecimento de hist\u00f3rias variadas. Al\u00e9m de ampliar o vocabul\u00e1rio das crian\u00e7as e a vis\u00e3o de mundo\u201d, finalizou a gestora da escola, Virna Sarissa.<\/p>\n<p style=\"font-weight: 400; text-align: justify;\">\n<p style=\"font-weight: 400; text-align: justify;\">\u00a0Seduc- Ascom pmj<\/p>\n","protected":false},"excerpt":{"rendered":"<p>Crian\u00e7as da Escola Municipal Esta\u00e7\u00e3o do Saber Jos\u00e9 Carlos Tanuri participaram, nesta segunda-feira (31), do drive thru de lan\u00e7amento do projeto de leitura &#8220;A Mala Viajante&#8221;.\u00a0 A iniciativa \u00e9 in\u00e9dita na escola e visa despertar nas crian\u00e7as o gosto pela leitura juntamente com a fam\u00edlia, atrav\u00e9s do contato com obras infantis. Participaram da programa\u00e7\u00e3o, 115 [&hellip;]<\/p>\n","protected":false},"author":1,"featured_media":24021,"comment_status":"closed","ping_status":"open","sticky":false,"template":"","format":"standard","meta":{"_uag_custom_page_level_css":"","_monsterinsights_skip_tracking":false,"_monsterinsights_sitenote_active":false,"_monsterinsights_sitenote_note":"","_monsterinsights_sitenote_category":0,"jetpack_post_was_ever_published":false,"_jetpack_newsletter_access":"","_jetpack_dont_email_post_to_subs":false,"_jetpack_newsletter_tier_id":0,"_jetpack_memberships_contains_paywalled_content":false,"_jetpack_memberships_contains_paid_content":false,"footnotes":"","jetpack_publicize_message":"","jetpack_publicize_feature_enabled":true,"jetpack_social_post_already_shared":true,"jetpack_social_options":{"image_generator_settings":{"template":"highway","default_image_id":0,"font":"","enabled":false},"version":2}},"categories":[209,203],"tags":[152,3281,3283,3282,260],"class_list":["post-24020","post","type-post","status-publish","format-standard","has-post-thumbnail","hentry","category-educacao","category-juazeiro","tag-criancas","tag-escola-municipal","tag-incentivo-a-leitura","tag-participam","tag-projeto"],"jetpack_publicize_connections":[],"jetpack_featured_media_url":"https:\/\/blogopara.com.br\/wp-content\/uploads\/2021\/06\/Mala-Viajante-02.jpg","uagb_featured_image_src":{"full":["https:\/\/blogopara.com.br\/wp-content\/uploads\/2021\/06\/Mala-Viajante-02.jpg",500,333,false],"thumbnail":["https:\/\/blogopara.com.br\/wp-content\/uploads\/2021\/06\/Mala-Viajante-02-150x150.jpg",150,150,true],"medium":["https:\/\/blogopara.com.br\/wp-content\/uploads\/2021\/06\/Mala-Viajante-02-300x200.jpg",300,200,true],"medium_large":["https:\/\/blogopara.com.br\/wp-content\/uploads\/2021\/06\/Mala-Viajante-02.jpg",500,333,false],"large":["https:\/\/blogopara.com.br\/wp-content\/uploads\/2021\/06\/Mala-Viajante-02.jpg",500,333,false],"1536x1536":["https:\/\/blogopara.com.br\/wp-content\/uploads\/2021\/06\/Mala-Viajante-02.jpg",500,333,false],"2048x2048":["https:\/\/blogopara.com.br\/wp-content\/uploads\/2021\/06\/Mala-Viajante-02.jpg",500,333,false],"mantranews-slider-large":["https:\/\/blogopara.com.br\/wp-content\/uploads\/2021\/06\/Mala-Viajante-02.jpg",500,333,false],"mantranews-featured-medium":["https:\/\/blogopara.com.br\/wp-content\/uploads\/2021\/06\/Mala-Viajante-02-420x307.jpg",420,307,true],"mantranews-featured-long":["https:\/\/blogopara.com.br\/wp-content\/uploads\/2021\/06\/Mala-Viajante-02-300x333.jpg",300,333,true],"mantranews-block-medium":["https:\/\/blogopara.com.br\/wp-content\/uploads\/2021\/06\/Mala-Viajante-02-464x290.jpg",464,290,true],"mantranews-carousel-image":["https:\/\/blogopara.com.br\/wp-content\/uploads\/2021\/06\/Mala-Viajante-02.jpg",500,333,false],"mantranews-block-thumb":["https:\/\/blogopara.com.br\/wp-content\/uploads\/2021\/06\/Mala-Viajante-02-322x230.jpg",322,230,true],"mantranews-single-large":["https:\/\/blogopara.com.br\/wp-content\/uploads\/2021\/06\/Mala-Viajante-02.jpg",500,333,false]},"uagb_author_info":{"display_name":"Reda\u00e7\u00e3o geral","author_link":"https:\/\/blogopara.com.br\/index.php\/author\/blogopara"},"uagb_comment_info":0,"uagb_excerpt":"Crian\u00e7as da Escola Municipal Esta\u00e7\u00e3o do Saber Jos\u00e9 Carlos Tanuri participaram, nesta segunda-feira (31), do drive thru de lan\u00e7amento do projeto de leitura &#8220;A Mala Viajante&#8221;.\u00a0 A iniciativa \u00e9 in\u00e9dita na escola e visa despertar nas crian\u00e7as o gosto pela leitura juntamente com a fam\u00edlia, atrav\u00e9s do contato com obras infantis. Participaram da programa\u00e7\u00e3o, 115&hellip;","jetpack_sharing_enabled":true,"jetpack_likes_enabled":true,"_links":{"self":[{"href":"https:\/\/blogopara.com.br\/index.php\/wp-json\/wp\/v2\/posts\/24020","targetHints":{"allow":["GET"]}}],"collection":[{"href":"https:\/\/blogopara.com.br\/index.php\/wp-json\/wp\/v2\/posts"}],"about":[{"href":"https:\/\/blogopara.com.br\/index.php\/wp-json\/wp\/v2\/types\/post"}],"author":[{"embeddable":true,"href":"https:\/\/blogopara.com.br\/index.php\/wp-json\/wp\/v2\/users\/1"}],"replies":[{"embeddable":true,"href":"https:\/\/blogopara.com.br\/index.php\/wp-json\/wp\/v2\/comments?post=24020"}],"version-history":[{"count":1,"href":"https:\/\/blogopara.com.br\/index.php\/wp-json\/wp\/v2\/posts\/24020\/revisions"}],"predecessor-version":[{"id":24022,"href":"https:\/\/blogopara.com.br\/index.php\/wp-json\/wp\/v2\/posts\/24020\/revisions\/24022"}],"wp:featuredmedia":[{"embeddable":true,"href":"https:\/\/blogopara.com.br\/index.php\/wp-json\/wp\/v2\/media\/24021"}],"wp:attachment":[{"href":"https:\/\/blogopara.com.br\/index.php\/wp-json\/wp\/v2\/media?parent=24020"}],"wp:term":[{"taxonomy":"category","embeddable":true,"href":"https:\/\/blogopara.com.br\/index.php\/wp-json\/wp\/v2\/categories?post=24020"},{"taxonomy":"post_tag","embeddable":true,"href":"https:\/\/blogopara.com.br\/index.php\/wp-json\/wp\/v2\/tags?post=24020"}],"curies":[{"name":"wp","href":"https:\/\/api.w.org\/{rel}","templated":true}]}}