{"id":24028,"date":"2021-06-01T15:40:00","date_gmt":"2021-06-01T18:40:00","guid":{"rendered":"https:\/\/blogopara.com.br\/?p=24028"},"modified":"2021-06-01T13:53:31","modified_gmt":"2021-06-01T16:53:31","slug":"prefeita-suzana-ramos-faz-visitas-e-dedica-o-dia-a-feirantes-e-permissionarios-de-juazeiro","status":"publish","type":"post","link":"https:\/\/blogopara.com.br\/index.php\/2021\/06\/01\/prefeita-suzana-ramos-faz-visitas-e-dedica-o-dia-a-feirantes-e-permissionarios-de-juazeiro","title":{"rendered":"Prefeita Suzana Ramos faz visitas e dedica o dia a feirantes e permission\u00e1rios de Juazeiro"},"content":{"rendered":"<p style=\"font-weight: 400; text-align: justify;\">A prefeita Suzana Ramos visitou, nesta segunda-feira (31), a feirinha do terminal de \u00f4nibus e o Camel\u00f3dromo 2 de Julho, no centro de Juazeiro. Ela foi acompanhada do diretor da Autarquia Municipal de Abastecimento (AMA), Britoaldo Alves Bessa e do superintendente de Feiras, Mercados e Camel\u00f3dromo do munic\u00edpio, Z\u00e9 Carlos Medeiros.<\/p>\n<p style=\"font-weight: 400; text-align: justify;\">O objetivo foi visitar as \u00e1reas revitalizadas pela prefeitura neste in\u00edcio de governo e falar com feirantes, permission\u00e1rios e consumidores. \u201cViemos conferir de perto como est\u00e3o os trabalhadores dessas \u00e1reas e conversar sobre o que podemos melhorar ainda mais nesse trecho da Pra\u00e7a Pedro Pereira Primo. Fico muito feliz, fui recebida com muito carinho. Meu governo \u00e9 participativo e eu fa\u00e7o quest\u00e3o de vir onde o povo est\u00e1\u201d, destacou Suzana Ramos.<\/p>\n<p style=\"font-weight: 400; text-align: justify;\">Os feirantes deixaram as vias p\u00fablicas e cal\u00e7adas na \u00e1rea da Pra\u00e7a Pereira Primo, num trabalho de reordenamento, melhorando os espa\u00e7os de circula\u00e7\u00e3o de pessoas. Al\u00e9m disso, a prefeitura promoveu diversos servi\u00e7os de melhorias no entorno da pra\u00e7a, como poda de \u00e1rvores, refor\u00e7o na ilumina\u00e7\u00e3o e a AMA conseguiu junto \u00e0 Companhia de Seguran\u00e7a, Tr\u00e2nsito e Transportes (CSTT) autoriza\u00e7\u00e3o de parada de 15 minutos em frente ao est\u00e1dio e na lateral do Camel\u00f3dromo para que as pessoas possam fazer carga e descarga sem correr o risco de ser multadas. O mesmo vale para clientes que compram frutas e verduras no local &#8211; a toler\u00e2ncia \u00e9 de at\u00e9 15 minutos. J\u00e1 o Camel\u00f3dromo 2 de Julho, que foi ampliado, ganhou novos boxes &#8211; hoje s\u00e3o 310 e os que ainda est\u00e3o fechados dever\u00e3o ser ocupados at\u00e9 o dia 30 de junho.<\/p>\n<p style=\"font-weight: 400; text-align: justify;\">A prefeita Suzana tamb\u00e9m esteve no local provis\u00f3rio do Mercado Joca de Oliveira, que funciona em frente ao Est\u00e1dio Adaulto Moraes. Na ocasi\u00e3o, a gestora falou das a\u00e7\u00f5es que est\u00e3o sendo desenvolvidas nas feiras e mercados de Juazeiro e frisou sobre os projetos que foram enviados a Bras\u00edlia para impulsionar cada vez mais esse segmento que n\u00e3o recebia investimentos h\u00e1 d\u00e9cadas.<\/p>\n<p style=\"font-weight: 400; text-align: justify;\">\n<p style=\"font-weight: 400; text-align: justify;\"><strong>Mercado Arnaldo Vieira<\/strong><\/p>\n<p style=\"font-weight: 400; text-align: justify;\">\n<p style=\"font-weight: 400; text-align: justify;\">Suzana Ramos ainda visitou a obra de reforma do Mercado Arnaldo Vieira, vizinho \u00e0 feira do Alto da Maravilha, onde garantiu outros servi\u00e7os que v\u00e3o modernizar o entreposto comercial. Ela aproveitou a oportunidade e vistoriou os boxes que est\u00e3o sendo reformados\u00a0 em parceria com os permission\u00e1rios e avaliou os servi\u00e7os que a AMA est\u00e1 desenvolvendo com diversas secretarias do munic\u00edpio.<\/p>\n<p style=\"text-align: justify;\"><span style=\"font-size: inherit;\">Ascom\/AMA\/PMJ<\/span><\/p>\n","protected":false},"excerpt":{"rendered":"<p>A prefeita Suzana Ramos visitou, nesta segunda-feira (31), a feirinha do terminal de \u00f4nibus e o Camel\u00f3dromo 2 de Julho, no centro de Juazeiro. Ela foi acompanhada do diretor da Autarquia Municipal de Abastecimento (AMA), Britoaldo Alves Bessa e do superintendente de Feiras, Mercados e Camel\u00f3dromo do munic\u00edpio, Z\u00e9 Carlos Medeiros. O objetivo foi visitar [&hellip;]<\/p>\n","protected":false},"author":1,"featured_media":24029,"comment_status":"closed","ping_status":"open","sticky":false,"template":"","format":"standard","meta":{"_uag_custom_page_level_css":"","_monsterinsights_skip_tracking":false,"_monsterinsights_sitenote_active":false,"_monsterinsights_sitenote_note":"","_monsterinsights_sitenote_category":0,"jetpack_post_was_ever_published":false,"_jetpack_newsletter_access":"","_jetpack_dont_email_post_to_subs":false,"_jetpack_newsletter_tier_id":0,"_jetpack_memberships_contains_paywalled_content":false,"_jetpack_memberships_contains_paid_content":false,"footnotes":"","jetpack_publicize_message":"","jetpack_publicize_feature_enabled":true,"jetpack_social_post_already_shared":true,"jetpack_social_options":{"image_generator_settings":{"template":"highway","default_image_id":0,"font":"","enabled":false},"version":2}},"categories":[203],"tags":[3287,340,1508,3286],"class_list":["post-24028","post","type-post","status-publish","format-standard","has-post-thumbnail","hentry","category-juazeiro","tag-feirantes-e-permissionarios","tag-prefeitura-de-juazeiro","tag-suzana-ramos","tag-visitas"],"jetpack_publicize_connections":[],"jetpack_featured_media_url":"https:\/\/blogopara.com.br\/wp-content\/uploads\/2021\/06\/Prefeita-visita-permissionarios-1.jpeg","uagb_featured_image_src":{"full":["https:\/\/blogopara.com.br\/wp-content\/uploads\/2021\/06\/Prefeita-visita-permissionarios-1.jpeg",500,375,false],"thumbnail":["https:\/\/blogopara.com.br\/wp-content\/uploads\/2021\/06\/Prefeita-visita-permissionarios-1-150x150.jpeg",150,150,true],"medium":["https:\/\/blogopara.com.br\/wp-content\/uploads\/2021\/06\/Prefeita-visita-permissionarios-1-300x225.jpeg",300,225,true],"medium_large":["https:\/\/blogopara.com.br\/wp-content\/uploads\/2021\/06\/Prefeita-visita-permissionarios-1.jpeg",500,375,false],"large":["https:\/\/blogopara.com.br\/wp-content\/uploads\/2021\/06\/Prefeita-visita-permissionarios-1.jpeg",500,375,false],"1536x1536":["https:\/\/blogopara.com.br\/wp-content\/uploads\/2021\/06\/Prefeita-visita-permissionarios-1.jpeg",500,375,false],"2048x2048":["https:\/\/blogopara.com.br\/wp-content\/uploads\/2021\/06\/Prefeita-visita-permissionarios-1.jpeg",500,375,false],"mantranews-slider-large":["https:\/\/blogopara.com.br\/wp-content\/uploads\/2021\/06\/Prefeita-visita-permissionarios-1.jpeg",500,375,false],"mantranews-featured-medium":["https:\/\/blogopara.com.br\/wp-content\/uploads\/2021\/06\/Prefeita-visita-permissionarios-1-420x307.jpeg",420,307,true],"mantranews-featured-long":["https:\/\/blogopara.com.br\/wp-content\/uploads\/2021\/06\/Prefeita-visita-permissionarios-1-300x375.jpeg",300,375,true],"mantranews-block-medium":["https:\/\/blogopara.com.br\/wp-content\/uploads\/2021\/06\/Prefeita-visita-permissionarios-1-464x290.jpeg",464,290,true],"mantranews-carousel-image":["https:\/\/blogopara.com.br\/wp-content\/uploads\/2021\/06\/Prefeita-visita-permissionarios-1.jpeg",500,375,false],"mantranews-block-thumb":["https:\/\/blogopara.com.br\/wp-content\/uploads\/2021\/06\/Prefeita-visita-permissionarios-1-322x230.jpeg",322,230,true],"mantranews-single-large":["https:\/\/blogopara.com.br\/wp-content\/uploads\/2021\/06\/Prefeita-visita-permissionarios-1.jpeg",500,375,false]},"uagb_author_info":{"display_name":"Reda\u00e7\u00e3o geral","author_link":"https:\/\/blogopara.com.br\/index.php\/author\/blogopara"},"uagb_comment_info":0,"uagb_excerpt":"A prefeita Suzana Ramos visitou, nesta segunda-feira (31), a feirinha do terminal de \u00f4nibus e o Camel\u00f3dromo 2 de Julho, no centro de Juazeiro. Ela foi acompanhada do diretor da Autarquia Municipal de Abastecimento (AMA), Britoaldo Alves Bessa e do superintendente de Feiras, Mercados e Camel\u00f3dromo do munic\u00edpio, Z\u00e9 Carlos Medeiros. O objetivo foi visitar&hellip;","jetpack_sharing_enabled":true,"jetpack_likes_enabled":true,"_links":{"self":[{"href":"https:\/\/blogopara.com.br\/index.php\/wp-json\/wp\/v2\/posts\/24028","targetHints":{"allow":["GET"]}}],"collection":[{"href":"https:\/\/blogopara.com.br\/index.php\/wp-json\/wp\/v2\/posts"}],"about":[{"href":"https:\/\/blogopara.com.br\/index.php\/wp-json\/wp\/v2\/types\/post"}],"author":[{"embeddable":true,"href":"https:\/\/blogopara.com.br\/index.php\/wp-json\/wp\/v2\/users\/1"}],"replies":[{"embeddable":true,"href":"https:\/\/blogopara.com.br\/index.php\/wp-json\/wp\/v2\/comments?post=24028"}],"version-history":[{"count":1,"href":"https:\/\/blogopara.com.br\/index.php\/wp-json\/wp\/v2\/posts\/24028\/revisions"}],"predecessor-version":[{"id":24030,"href":"https:\/\/blogopara.com.br\/index.php\/wp-json\/wp\/v2\/posts\/24028\/revisions\/24030"}],"wp:featuredmedia":[{"embeddable":true,"href":"https:\/\/blogopara.com.br\/index.php\/wp-json\/wp\/v2\/media\/24029"}],"wp:attachment":[{"href":"https:\/\/blogopara.com.br\/index.php\/wp-json\/wp\/v2\/media?parent=24028"}],"wp:term":[{"taxonomy":"category","embeddable":true,"href":"https:\/\/blogopara.com.br\/index.php\/wp-json\/wp\/v2\/categories?post=24028"},{"taxonomy":"post_tag","embeddable":true,"href":"https:\/\/blogopara.com.br\/index.php\/wp-json\/wp\/v2\/tags?post=24028"}],"curies":[{"name":"wp","href":"https:\/\/api.w.org\/{rel}","templated":true}]}}