{"id":24122,"date":"2021-06-04T12:26:00","date_gmt":"2021-06-04T15:26:00","guid":{"rendered":"https:\/\/blogopara.com.br\/?p=24122"},"modified":"2021-06-04T08:35:07","modified_gmt":"2021-06-04T11:35:07","slug":"bahia-amarga-tristes-numeros-27-do-efetivo-da-pmba-ja-foi-afastada-por-covid-19-e-mais-de-95-servidores-da-seguranca-ja-morreram","status":"publish","type":"post","link":"https:\/\/blogopara.com.br\/index.php\/2021\/06\/04\/bahia-amarga-tristes-numeros-27-do-efetivo-da-pmba-ja-foi-afastada-por-covid-19-e-mais-de-95-servidores-da-seguranca-ja-morreram","title":{"rendered":"Bahia amarga tristes n\u00fameros: 27% do efetivo da PMBA j\u00e1 foi afastada por COVID-19, e mais de 95 servidores da seguran\u00e7a j\u00e1 morreram"},"content":{"rendered":"<p style=\"text-align: justify;\">Dados oficiais indicam que mais de nove mil policiais militares foram afastados v\u00edtimas do COVID-19 e mais de 95 servidores da seguran\u00e7a (entre PMs e policiais civis) foram mortos somente em 2020 e 2021. O n\u00famero reflete o grau de contamina\u00e7\u00e3o que os profissionais est\u00e3o expostos todos os dias nas ruas da Bahia. Por isso venho alertando sobre valoriza\u00e7\u00e3o, o porqu\u00ea da necessidade de cumprir t\u00e3o somente o que prev\u00ea a Constitui\u00e7\u00e3o.<\/p>\n<p style=\"text-align: justify;\">N\u00f3s estamos perdendo nossas vidas, em homic\u00eddios, suic\u00eddios, por Covid e o Estado nos v\u00ea apenas como n\u00fameros. O dado de afastamento, levando em conta o efetivo da PM da Bahia, representa 26,5% da categoria. Se comparada aos outros estados brasileiros, em 2020, a Bahia foi o quinto onde mais morreram policiais em decorr\u00eancia da Covid-19, ficando atr\u00e1s apenas do Rio de Janeiro, Amazonas, Par\u00e1 e S\u00e3o Paulo. J\u00e1, em se tratando aos afastamentos pela doen\u00e7a, a Bahia ocupou, ano passado, a quarta posi\u00e7\u00e3o no pa\u00eds, atr\u00e1s de S\u00e3o Paulo, Rio de Janeiro e Minas Gerais.<\/p>\n<p style=\"text-align: justify;\">Aspra Bahia<\/p>\n","protected":false},"excerpt":{"rendered":"<p>Dados oficiais indicam que mais de nove mil policiais militares foram afastados v\u00edtimas do COVID-19 e mais de 95 servidores da seguran\u00e7a (entre PMs e policiais civis) foram mortos somente em 2020 e 2021. O n\u00famero reflete o grau de contamina\u00e7\u00e3o que os profissionais est\u00e3o expostos todos os dias nas ruas da Bahia. Por isso [&hellip;]<\/p>\n","protected":false},"author":1,"featured_media":24123,"comment_status":"closed","ping_status":"open","sticky":false,"template":"","format":"standard","meta":{"_uag_custom_page_level_css":"","_monsterinsights_skip_tracking":false,"_monsterinsights_sitenote_active":false,"_monsterinsights_sitenote_note":"","_monsterinsights_sitenote_category":0,"jetpack_post_was_ever_published":false,"_jetpack_newsletter_access":"","_jetpack_dont_email_post_to_subs":false,"_jetpack_newsletter_tier_id":0,"_jetpack_memberships_contains_paywalled_content":false,"_jetpack_memberships_contains_paid_content":false,"footnotes":"","jetpack_publicize_message":"","jetpack_publicize_feature_enabled":true,"jetpack_social_post_already_shared":true,"jetpack_social_options":{"image_generator_settings":{"template":"highway","default_image_id":0,"font":"","enabled":false},"version":2}},"categories":[199],"tags":[1523,92,182,138],"class_list":["post-24122","post","type-post","status-publish","format-standard","has-post-thumbnail","hentry","category-bahia","tag-covid","tag-mortes","tag-pmba","tag-seguranca"],"jetpack_publicize_connections":[],"jetpack_featured_media_url":"https:\/\/blogopara.com.br\/wp-content\/uploads\/2021\/06\/WhatsApp-Image-2021-06-03-at-23.12.10.jpeg","uagb_featured_image_src":{"full":["https:\/\/blogopara.com.br\/wp-content\/uploads\/2021\/06\/WhatsApp-Image-2021-06-03-at-23.12.10.jpeg",500,500,false],"thumbnail":["https:\/\/blogopara.com.br\/wp-content\/uploads\/2021\/06\/WhatsApp-Image-2021-06-03-at-23.12.10-150x150.jpeg",150,150,true],"medium":["https:\/\/blogopara.com.br\/wp-content\/uploads\/2021\/06\/WhatsApp-Image-2021-06-03-at-23.12.10-300x300.jpeg",300,300,true],"medium_large":["https:\/\/blogopara.com.br\/wp-content\/uploads\/2021\/06\/WhatsApp-Image-2021-06-03-at-23.12.10.jpeg",500,500,false],"large":["https:\/\/blogopara.com.br\/wp-content\/uploads\/2021\/06\/WhatsApp-Image-2021-06-03-at-23.12.10.jpeg",500,500,false],"1536x1536":["https:\/\/blogopara.com.br\/wp-content\/uploads\/2021\/06\/WhatsApp-Image-2021-06-03-at-23.12.10.jpeg",500,500,false],"2048x2048":["https:\/\/blogopara.com.br\/wp-content\/uploads\/2021\/06\/WhatsApp-Image-2021-06-03-at-23.12.10.jpeg",500,500,false],"mantranews-slider-large":["https:\/\/blogopara.com.br\/wp-content\/uploads\/2021\/06\/WhatsApp-Image-2021-06-03-at-23.12.10.jpeg",500,500,false],"mantranews-featured-medium":["https:\/\/blogopara.com.br\/wp-content\/uploads\/2021\/06\/WhatsApp-Image-2021-06-03-at-23.12.10-420x307.jpeg",420,307,true],"mantranews-featured-long":["https:\/\/blogopara.com.br\/wp-content\/uploads\/2021\/06\/WhatsApp-Image-2021-06-03-at-23.12.10-300x443.jpeg",300,443,true],"mantranews-block-medium":["https:\/\/blogopara.com.br\/wp-content\/uploads\/2021\/06\/WhatsApp-Image-2021-06-03-at-23.12.10-464x290.jpeg",464,290,true],"mantranews-carousel-image":["https:\/\/blogopara.com.br\/wp-content\/uploads\/2021\/06\/WhatsApp-Image-2021-06-03-at-23.12.10.jpeg",500,500,false],"mantranews-block-thumb":["https:\/\/blogopara.com.br\/wp-content\/uploads\/2021\/06\/WhatsApp-Image-2021-06-03-at-23.12.10-322x230.jpeg",322,230,true],"mantranews-single-large":["https:\/\/blogopara.com.br\/wp-content\/uploads\/2021\/06\/WhatsApp-Image-2021-06-03-at-23.12.10.jpeg",500,500,false]},"uagb_author_info":{"display_name":"Reda\u00e7\u00e3o geral","author_link":"https:\/\/blogopara.com.br\/index.php\/author\/blogopara"},"uagb_comment_info":0,"uagb_excerpt":"Dados oficiais indicam que mais de nove mil policiais militares foram afastados v\u00edtimas do COVID-19 e mais de 95 servidores da seguran\u00e7a (entre PMs e policiais civis) foram mortos somente em 2020 e 2021. O n\u00famero reflete o grau de contamina\u00e7\u00e3o que os profissionais est\u00e3o expostos todos os dias nas ruas da Bahia. Por isso&hellip;","jetpack_sharing_enabled":true,"jetpack_likes_enabled":true,"_links":{"self":[{"href":"https:\/\/blogopara.com.br\/index.php\/wp-json\/wp\/v2\/posts\/24122","targetHints":{"allow":["GET"]}}],"collection":[{"href":"https:\/\/blogopara.com.br\/index.php\/wp-json\/wp\/v2\/posts"}],"about":[{"href":"https:\/\/blogopara.com.br\/index.php\/wp-json\/wp\/v2\/types\/post"}],"author":[{"embeddable":true,"href":"https:\/\/blogopara.com.br\/index.php\/wp-json\/wp\/v2\/users\/1"}],"replies":[{"embeddable":true,"href":"https:\/\/blogopara.com.br\/index.php\/wp-json\/wp\/v2\/comments?post=24122"}],"version-history":[{"count":1,"href":"https:\/\/blogopara.com.br\/index.php\/wp-json\/wp\/v2\/posts\/24122\/revisions"}],"predecessor-version":[{"id":24124,"href":"https:\/\/blogopara.com.br\/index.php\/wp-json\/wp\/v2\/posts\/24122\/revisions\/24124"}],"wp:featuredmedia":[{"embeddable":true,"href":"https:\/\/blogopara.com.br\/index.php\/wp-json\/wp\/v2\/media\/24123"}],"wp:attachment":[{"href":"https:\/\/blogopara.com.br\/index.php\/wp-json\/wp\/v2\/media?parent=24122"}],"wp:term":[{"taxonomy":"category","embeddable":true,"href":"https:\/\/blogopara.com.br\/index.php\/wp-json\/wp\/v2\/categories?post=24122"},{"taxonomy":"post_tag","embeddable":true,"href":"https:\/\/blogopara.com.br\/index.php\/wp-json\/wp\/v2\/tags?post=24122"}],"curies":[{"name":"wp","href":"https:\/\/api.w.org\/{rel}","templated":true}]}}