{"id":24180,"date":"2021-06-05T19:38:00","date_gmt":"2021-06-05T22:38:00","guid":{"rendered":"https:\/\/blogopara.com.br\/?p=24180"},"modified":"2021-06-05T16:45:39","modified_gmt":"2021-06-05T19:45:39","slug":"forro-tradicional-e-sertanejo-marcam-a-primeira-noite-do-sao-joao-dicasa-em-juazeiro","status":"publish","type":"post","link":"https:\/\/blogopara.com.br\/index.php\/2021\/06\/05\/forro-tradicional-e-sertanejo-marcam-a-primeira-noite-do-sao-joao-dicasa-em-juazeiro","title":{"rendered":"Forr\u00f3 tradicional e sertanejo marcam a primeira noite do S\u00e3o Jo\u00e3o DiCasa em Juazeiro"},"content":{"rendered":"<p style=\"text-align: justify;\">A primeira noite do S\u00e3o Jo\u00e3o DiCasa, realizado pela Prefeitura de Juazeiro e TV S\u00e3o Francisco, foi marcada pelo forr\u00f3 tradicional de Raimundinho do Acordeon, com a participa\u00e7\u00e3o de Matheus do Acordeon, e pelo sertanejo rom\u00e2ntico do Trio Granah. Com quatro horas de festa, o arrai\u00e1 online, transmitido gratuitamente pelo site GShow, foi uma alternativa encontrada pelo munic\u00edpio para garantir os festejos juninos para a popula\u00e7\u00e3o juazeirense e para os artistas da regi\u00e3o.<\/p>\n<p style=\"text-align: justify;\">Presente na transmiss\u00e3o do evento, a prefeita Suzana Ramos parabenizou os artistas e expressou a sua satisfa\u00e7\u00e3o em retomar a festa de S\u00e3o Jo\u00e3o, mesmo que de maneira online. \u201cEu adoro o S\u00e3o Jo\u00e3o, e sinto muito ainda n\u00e3o podermos realizar uma festa presencial. Mas agora \u00e9 o momento de nos proteger e cuidar dos outros. Seja garantindo a seguran\u00e7a de todos, ou apoiando os artistas que est\u00e3o h\u00e1 tanto tempo sem poder trabalhar\u201d, destacou.<\/p>\n<p style=\"text-align: justify;\">O S\u00e3o Jo\u00e3o DiCasa \u00e9 um projeto com ra\u00edzes locais e tem o objetivo de contribuir para o fortalecimento da cultura juazeirense, como explicou o supervisor de Marketing da TV S\u00e3o Francisco, Renan Braga. \u201cNosso objetivo \u00e9 manter e fortalecer a cena cultural junina na regi\u00e3o. E, nesse momento, o importante \u00e9 n\u00e3o deixar a chama apagar. Como n\u00e3o \u00e9 poss\u00edvel ainda realizar nenhum evento presencial, contamos com a for\u00e7a da internet para levar um conte\u00fado cultural de qualidade para a casa de todos os juazeirenses e, claro, de todos aqueles que vivenciam a cultura junina\u201d.<\/p>\n<p style=\"text-align: justify;\">Para os artistas que abriram a festa, o mais importante do evento foi poder voltar aos palcos no S\u00e3o Jo\u00e3o e reencontrar o seu p\u00fablico. \u201cInfelizmente, a pandemia impediu a realiza\u00e7\u00e3o do nosso S\u00e3o Jo\u00e3o presencial, mas a Prefeitura de Juazeiro e a TV S\u00e3o Francisco possibilitaram essa festa. Ent\u00e3o, que o p\u00fablico aproveite para o m\u00eas mais gostoso do Nordeste, com muito forr\u00f3\u201d, disse Rafael Bittencourt, do Trio Granah. \u201cEssa parceria s\u00f3 tem a nos favorecer, porque d\u00e1 visibilidade ao artista. No pr\u00f3ximo ano, tenho certeza que vamos poder comemorar o S\u00e3o Jo\u00e3o nos palcos e a\u00ed, sim, aproveitar os frutos do S\u00e3o Jo\u00e3o\u201d, completou Raimundinho do Acordeon.<\/p>\n<p style=\"text-align: justify;\"><strong>\u00a0<\/strong><\/p>\n<p style=\"text-align: justify;\"><strong>A festa continua<\/strong><\/p>\n<p style=\"text-align: justify;\">\u00a0<\/p>\n<p style=\"text-align: justify;\">A festa continua na pr\u00f3xima sexta-feira (11), a partir das 20h, com transmiss\u00e3o gratuita, atrav\u00e9s do site\u00a0<a href=\"https:\/\/gshow.globo.com\/Rede-Bahia\/sao-joao-dicasa\/\" data-saferedirecturl=\"https:\/\/www.google.com\/url?q=https:\/\/gshow.globo.com\/Rede-Bahia\/sao-joao-dicasa\/&amp;source=gmail&amp;ust=1623007776735000&amp;usg=AFQjCNECWcXkIpONjj5f3OlbmK0gvms-AQ\">https:\/\/gshow.globo.com\/Rede-Bahia\/sao-joao-dicasa\/<\/a>. Confira a programa\u00e7\u00e3o:<\/p>\n<p style=\"text-align: justify;\"><strong>\u00a0<\/strong><\/p>\n<p style=\"text-align: justify;\"><strong>11 de junho<\/strong><\/p>\n<p style=\"text-align: justify;\">Dudu Almeida (com participa\u00e7\u00e3o de Tom Bahia)<\/p>\n<p style=\"text-align: justify;\">S\u00e9rgio do Forr\u00f3<\/p>\n<p style=\"text-align: justify;\"><strong>\u00a0<\/strong><\/p>\n<p style=\"text-align: justify;\"><strong>18 de junho<\/strong><\/p>\n<p style=\"text-align: justify;\">Elisson Castro<\/p>\n<p style=\"text-align: justify;\">Taty Vaqueira (com participa\u00e7\u00e3o de Edinho e Juju)<\/p>\n<p style=\"text-align: justify;\"><strong>\u00a0<\/strong><\/p>\n<p style=\"text-align: justify;\"><strong>25 de junho<\/strong><\/p>\n<p style=\"text-align: justify;\">Wanderley do Nordeste<\/p>\n<p style=\"text-align: justify;\">Andr\u00e9 Mendes<\/p>\n<p style=\"text-align: justify;\">Seculte-Ascom PMJ<\/p>\n<p style=\"text-align: justify;\">\u00a0<\/p>\n<p style=\"text-align: justify;\">\u00a0<\/p>\n<p style=\"text-align: justify;\">\u00a0<\/p>\n\n\n<p><\/p>\n","protected":false},"excerpt":{"rendered":"<p>A primeira noite do S\u00e3o Jo\u00e3o DiCasa, realizado pela Prefeitura de Juazeiro e TV S\u00e3o Francisco, foi marcada pelo forr\u00f3 tradicional de Raimundinho do Acordeon, com a participa\u00e7\u00e3o de Matheus do Acordeon, e pelo sertanejo rom\u00e2ntico do Trio Granah. Com quatro horas de festa, o arrai\u00e1 online, transmitido gratuitamente pelo site GShow, foi uma alternativa [&hellip;]<\/p>\n","protected":false},"author":1,"featured_media":24181,"comment_status":"closed","ping_status":"open","sticky":false,"template":"","format":"standard","meta":{"_uag_custom_page_level_css":"","_monsterinsights_skip_tracking":false,"_monsterinsights_sitenote_active":false,"_monsterinsights_sitenote_note":"","_monsterinsights_sitenote_category":0,"jetpack_post_was_ever_published":false,"_jetpack_newsletter_access":"","_jetpack_dont_email_post_to_subs":false,"_jetpack_newsletter_tier_id":0,"_jetpack_memberships_contains_paywalled_content":false,"_jetpack_memberships_contains_paid_content":false,"footnotes":"","jetpack_publicize_message":"","jetpack_publicize_feature_enabled":true,"jetpack_social_post_already_shared":true,"jetpack_social_options":{"image_generator_settings":{"template":"highway","default_image_id":0,"font":"","enabled":false},"version":2}},"categories":[1506],"tags":[3371,1622,137,2439],"class_list":["post-24180","post","type-post","status-publish","format-standard","has-post-thumbnail","hentry","category-cultura","tag-forro-tradicional","tag-juazeiro-bahia","tag-sao-joao","tag-sertanejo"],"jetpack_publicize_connections":[],"jetpack_featured_media_url":"https:\/\/blogopara.com.br\/wp-content\/uploads\/2021\/06\/Sao-Joao-de-Casa-01.jpg","uagb_featured_image_src":{"full":["https:\/\/blogopara.com.br\/wp-content\/uploads\/2021\/06\/Sao-Joao-de-Casa-01.jpg",500,333,false],"thumbnail":["https:\/\/blogopara.com.br\/wp-content\/uploads\/2021\/06\/Sao-Joao-de-Casa-01-150x150.jpg",150,150,true],"medium":["https:\/\/blogopara.com.br\/wp-content\/uploads\/2021\/06\/Sao-Joao-de-Casa-01-300x200.jpg",300,200,true],"medium_large":["https:\/\/blogopara.com.br\/wp-content\/uploads\/2021\/06\/Sao-Joao-de-Casa-01.jpg",500,333,false],"large":["https:\/\/blogopara.com.br\/wp-content\/uploads\/2021\/06\/Sao-Joao-de-Casa-01.jpg",500,333,false],"1536x1536":["https:\/\/blogopara.com.br\/wp-content\/uploads\/2021\/06\/Sao-Joao-de-Casa-01.jpg",500,333,false],"2048x2048":["https:\/\/blogopara.com.br\/wp-content\/uploads\/2021\/06\/Sao-Joao-de-Casa-01.jpg",500,333,false],"mantranews-slider-large":["https:\/\/blogopara.com.br\/wp-content\/uploads\/2021\/06\/Sao-Joao-de-Casa-01.jpg",500,333,false],"mantranews-featured-medium":["https:\/\/blogopara.com.br\/wp-content\/uploads\/2021\/06\/Sao-Joao-de-Casa-01-420x307.jpg",420,307,true],"mantranews-featured-long":["https:\/\/blogopara.com.br\/wp-content\/uploads\/2021\/06\/Sao-Joao-de-Casa-01-300x333.jpg",300,333,true],"mantranews-block-medium":["https:\/\/blogopara.com.br\/wp-content\/uploads\/2021\/06\/Sao-Joao-de-Casa-01-464x290.jpg",464,290,true],"mantranews-carousel-image":["https:\/\/blogopara.com.br\/wp-content\/uploads\/2021\/06\/Sao-Joao-de-Casa-01.jpg",500,333,false],"mantranews-block-thumb":["https:\/\/blogopara.com.br\/wp-content\/uploads\/2021\/06\/Sao-Joao-de-Casa-01-322x230.jpg",322,230,true],"mantranews-single-large":["https:\/\/blogopara.com.br\/wp-content\/uploads\/2021\/06\/Sao-Joao-de-Casa-01.jpg",500,333,false]},"uagb_author_info":{"display_name":"Reda\u00e7\u00e3o geral","author_link":"https:\/\/blogopara.com.br\/index.php\/author\/blogopara"},"uagb_comment_info":0,"uagb_excerpt":"A primeira noite do S\u00e3o Jo\u00e3o DiCasa, realizado pela Prefeitura de Juazeiro e TV S\u00e3o Francisco, foi marcada pelo forr\u00f3 tradicional de Raimundinho do Acordeon, com a participa\u00e7\u00e3o de Matheus do Acordeon, e pelo sertanejo rom\u00e2ntico do Trio Granah. Com quatro horas de festa, o arrai\u00e1 online, transmitido gratuitamente pelo site GShow, foi uma alternativa&hellip;","jetpack_sharing_enabled":true,"jetpack_likes_enabled":true,"_links":{"self":[{"href":"https:\/\/blogopara.com.br\/index.php\/wp-json\/wp\/v2\/posts\/24180","targetHints":{"allow":["GET"]}}],"collection":[{"href":"https:\/\/blogopara.com.br\/index.php\/wp-json\/wp\/v2\/posts"}],"about":[{"href":"https:\/\/blogopara.com.br\/index.php\/wp-json\/wp\/v2\/types\/post"}],"author":[{"embeddable":true,"href":"https:\/\/blogopara.com.br\/index.php\/wp-json\/wp\/v2\/users\/1"}],"replies":[{"embeddable":true,"href":"https:\/\/blogopara.com.br\/index.php\/wp-json\/wp\/v2\/comments?post=24180"}],"version-history":[{"count":1,"href":"https:\/\/blogopara.com.br\/index.php\/wp-json\/wp\/v2\/posts\/24180\/revisions"}],"predecessor-version":[{"id":24182,"href":"https:\/\/blogopara.com.br\/index.php\/wp-json\/wp\/v2\/posts\/24180\/revisions\/24182"}],"wp:featuredmedia":[{"embeddable":true,"href":"https:\/\/blogopara.com.br\/index.php\/wp-json\/wp\/v2\/media\/24181"}],"wp:attachment":[{"href":"https:\/\/blogopara.com.br\/index.php\/wp-json\/wp\/v2\/media?parent=24180"}],"wp:term":[{"taxonomy":"category","embeddable":true,"href":"https:\/\/blogopara.com.br\/index.php\/wp-json\/wp\/v2\/categories?post=24180"},{"taxonomy":"post_tag","embeddable":true,"href":"https:\/\/blogopara.com.br\/index.php\/wp-json\/wp\/v2\/tags?post=24180"}],"curies":[{"name":"wp","href":"https:\/\/api.w.org\/{rel}","templated":true}]}}