{"id":24206,"date":"2021-06-07T07:45:00","date_gmt":"2021-06-07T10:45:00","guid":{"rendered":"https:\/\/blogopara.com.br\/?p=24206"},"modified":"2021-06-06T07:53:40","modified_gmt":"2021-06-06T10:53:40","slug":"parque-eolico-ameaca-a-sobrevivencia-da-ameacada-arara-azul-de-lear","status":"publish","type":"post","link":"https:\/\/blogopara.com.br\/index.php\/2021\/06\/07\/parque-eolico-ameaca-a-sobrevivencia-da-ameacada-arara-azul-de-lear","title":{"rendered":"Parque E\u00f3lico amea\u00e7a a sobreviv\u00eancia da amea\u00e7ada arara-azul-de-lear"},"content":{"rendered":"<p style=\"text-align: justify;\">A arara-azul-de-lear \u00e9 uma ave exclusiva da Bahia e tamb\u00e9m uma das 7 maravilhas da natureza. Por\u00e9m, toda essa exuber\u00e2ncia e raridade n\u00e3o foram suficientes para proteger a graciosa ave, que j\u00e1 \u00e9 classificada como\u00a0<em>em perigo de extin\u00e7\u00e3o\u00a0<\/em>pela Uni\u00e3o Internacional para Conserva\u00e7\u00e3o da Natureza (IUCN) e est\u00e1 ainda mais amea\u00e7ada, por conta de uma poss\u00edvel obra no Estado.<\/p>\n<p style=\"text-align: justify;\">De acordo com um Parecer T\u00e9cnico, a empresa de origem francesa, Voltalia Energia do Brasil, pretende colocar em opera\u00e7\u00e3o um parque e\u00f3lico na rota de voo das araras.<\/p>\n<p style=\"text-align: justify;\">O local escolhido para constru\u00e7\u00e3o do Complexo E\u00f3lico Canudos, com capacidade para 12 parques, se sobrep\u00f5e exatamente \u00e0 \u00e1rea que \u00e9 uns dos principais ref\u00fagios da arara-azul-de-lear, na Caatinga baiana.\u00a0<em>\u201cAchamos arriscado o funcionamento de um Parque e\u00f3lico na \u00e1rea de ocorr\u00eancia das learis. A esp\u00e9cie voa aos pares e em bando, de modo que um \u00fanico evento de colis\u00e3o poder\u00e1 incidir na morte de muitos indiv\u00edduos e comprometer a viabilidade populacional em pouco tempo, ou seja, extinguir a esp\u00e9cie\u201d,\u00a0<\/em>afirma Glaucia Drummond, superintendente t\u00e9cnica da Funda\u00e7\u00e3o Biodiversitas.<\/p>\n<p style=\"text-align: justify;\">Um outro fato relevante nesse processo de licenciamento do Parque E\u00f3lico Canudos \u00e9 que o licenciamento, pelo seu porte, est\u00e1 sendo conduzido pela forma simplificada. Contudo, segundo uma resolu\u00e7\u00e3o do Conselho Nacional do Meio Ambiente (Conama)\u00a0<em>\u201cN\u00e3o ser\u00e1 considerado de baixo impacto (\u2026) os empreendimentos e\u00f3licos que estejam localizados, em \u00e1reas de ocorr\u00eancia de esp\u00e9cies amea\u00e7adas de extin\u00e7\u00e3o e \u00e1reas de endemismo restrito, conforme listas oficiais.\u201d<\/em>, justamente o que ocorre na regi\u00e3o de Canudos com as araraz-azuis-de-lear.<\/p>\n<p style=\"text-align: justify;\">Para Felipe Melo, do Laborat\u00f3rio de Ecologia Aplicada da Universidade Federal de Pernambuco, \u201c<em>as turbinas e\u00f3licas t\u00eam forte impacto nas aves e morcegos, al\u00e9m de gerarem conflitos socioambientais bem documentados. Instalar turbinas e\u00f3lica pr\u00f3ximo\u00a0\u00e0s \u00e1reas de uma esp\u00e9cie t\u00e3o amea\u00e7ada como a arara-azul-de-lear \u00e9 temer\u00e1rio.\u00a0O setor e\u00f3lico n\u00e3o pode continuar agindo como um fator de conflito ambiental, precisa j\u00e1 ouvir a ci\u00eancia e abra\u00e7ar sua miss\u00e3o de ajudar para a transi\u00e7\u00e3o para um mundo mais sustent\u00e1vel.\u201d<\/em><\/p>\n<p style=\"text-align: justify;\">A ave de exuberante beleza foi redescoberta no bioma ao final dos anos 1980. A esp\u00e9cie simboliza muito bem a for\u00e7a e a resist\u00eancia brasileira, ela \u00e9 encontrada somente na regi\u00e3o do Raso da Catarina, justamente nas proximidades do referido empreendimento.<\/p>\n<p style=\"text-align: justify;\">A ave j\u00e1 esteve \u00e0 beira da extin\u00e7\u00e3o, basicamente em fun\u00e7\u00e3o de sua captura e com\u00e9rcio ilegal e tamb\u00e9m pela perda de seu habitat e alimento. O Raso da Catarina \u00e9 tido como um dos locais ou s\u00edtios-chave, tanto da Alian\u00e7a Global para Extin\u00e7\u00e3o Zero (AZE) como da iniciativa an\u00e1loga em n\u00edvel nacional a Alian\u00e7a Brasileira para Extin\u00e7\u00e3o Zero (BAZE), sendo considerado o \u00faltimo ref\u00fagio de A. lear. Al\u00e9m disso, a regi\u00e3o \u00e9 classificada como \u00e1rea priorit\u00e1ria de import\u00e2ncia extremamente alta para conserva\u00e7\u00e3o da biodiversidade da Caatinga, segundo estudos do Minist\u00e9rio do Meio Ambiente para o bioma.<\/p>\n<p style=\"text-align: justify;\">Por conta da necessidade extrema de cuidar dessa ave e de seu habitat, a Funda\u00e7\u00e3o Biodiversitas mant\u00e9m, h\u00e1 quase 30 anos na Esta\u00e7\u00e3o Biol\u00f3gica de Canudos, um programa pioneiro de recupera\u00e7\u00e3o da popula\u00e7\u00e3o da arara-azul-de-lear. A cria\u00e7\u00e3o do programa de conserva\u00e7\u00e3o, dedicado exclusivamente \u00e0 prote\u00e7\u00e3o da esp\u00e9cie, foi motivada pela urg\u00eancia de se reverter o estado de conserva\u00e7\u00e3o que, \u00e0 \u00e9poca, sugeria uma extin\u00e7\u00e3o pr\u00f3xima.<\/p>\n<p style=\"text-align: justify;\">A \u00e1rea protegida pela institui\u00e7\u00e3o abrange hoje 1.500 hectares, o que proporcionou o aumento da prote\u00e7\u00e3o dos dormit\u00f3rios e s\u00edtios reprodutivos das araras.\u00a0 Todo o trabalho realizado pela Biodiversitas e parceiros como a Judith Hart, a American Bird Conservancy, a Funda\u00e7\u00e3o L\u00f3ro Parque, o Busch Gardens Conservation Fund, a Funda\u00e7\u00e3o Grupo O Botic\u00e1rio de Prote\u00e7\u00e3o \u00e0 Natureza, a Seguros Unimed, e outros, aumentou em quase 40 vezes o n\u00famero de indiv\u00edduos vivendo livremente na natureza, segundo o \u00faltimo censo anual realizado pelo Centro Nacional de Pesquisa e Conserva\u00e7\u00e3o de Aves Silvestres \u2013 Cemave, do Instituto Chico Mendes de Conserva\u00e7\u00e3o da Biodiversidade \u2013 ICMBio em parceria com a Biodiversitas. Esse dado mostra, tr\u00eas d\u00e9cadas depois, que a\u00e7\u00f5es efetivas de conserva\u00e7\u00e3o de seu habitat s\u00e3o cruciais para o desenvolvimento e garantia de sobreviv\u00eancia da esp\u00e9cie.<\/p>\n","protected":false},"excerpt":{"rendered":"<p>A arara-azul-de-lear \u00e9 uma ave exclusiva da Bahia e tamb\u00e9m uma das 7 maravilhas da natureza. Por\u00e9m, toda essa exuber\u00e2ncia e raridade n\u00e3o foram suficientes para proteger a graciosa ave, que j\u00e1 \u00e9 classificada como\u00a0em perigo de extin\u00e7\u00e3o\u00a0pela Uni\u00e3o Internacional para Conserva\u00e7\u00e3o da Natureza (IUCN) e est\u00e1 ainda mais amea\u00e7ada, por conta de uma poss\u00edvel [&hellip;]<\/p>\n","protected":false},"author":1,"featured_media":24207,"comment_status":"open","ping_status":"open","sticky":false,"template":"","format":"standard","meta":{"_uag_custom_page_level_css":"","_monsterinsights_skip_tracking":false,"_monsterinsights_sitenote_active":false,"_monsterinsights_sitenote_note":"","_monsterinsights_sitenote_category":0,"jetpack_post_was_ever_published":false,"_jetpack_newsletter_access":"","_jetpack_dont_email_post_to_subs":false,"_jetpack_newsletter_tier_id":0,"_jetpack_memberships_contains_paywalled_content":false,"_jetpack_memberships_contains_paid_content":false,"footnotes":"","jetpack_publicize_message":"","jetpack_publicize_feature_enabled":true,"jetpack_social_post_already_shared":true,"jetpack_social_options":{"image_generator_settings":{"template":"highway","default_image_id":0,"font":"","enabled":false},"version":2}},"categories":[200],"tags":[],"class_list":["post-24206","post","type-post","status-publish","format-standard","has-post-thumbnail","hentry","category-brasil"],"jetpack_publicize_connections":[],"jetpack_featured_media_url":"https:\/\/blogopara.com.br\/wp-content\/uploads\/2021\/06\/3066254g_74d516d0cbf9724104d7deff5120fed3-420x280-1.jpg","uagb_featured_image_src":{"full":["https:\/\/blogopara.com.br\/wp-content\/uploads\/2021\/06\/3066254g_74d516d0cbf9724104d7deff5120fed3-420x280-1.jpg",420,280,false],"thumbnail":["https:\/\/blogopara.com.br\/wp-content\/uploads\/2021\/06\/3066254g_74d516d0cbf9724104d7deff5120fed3-420x280-1-150x150.jpg",150,150,true],"medium":["https:\/\/blogopara.com.br\/wp-content\/uploads\/2021\/06\/3066254g_74d516d0cbf9724104d7deff5120fed3-420x280-1-300x200.jpg",300,200,true],"medium_large":["https:\/\/blogopara.com.br\/wp-content\/uploads\/2021\/06\/3066254g_74d516d0cbf9724104d7deff5120fed3-420x280-1.jpg",420,280,false],"large":["https:\/\/blogopara.com.br\/wp-content\/uploads\/2021\/06\/3066254g_74d516d0cbf9724104d7deff5120fed3-420x280-1.jpg",420,280,false],"1536x1536":["https:\/\/blogopara.com.br\/wp-content\/uploads\/2021\/06\/3066254g_74d516d0cbf9724104d7deff5120fed3-420x280-1.jpg",420,280,false],"2048x2048":["https:\/\/blogopara.com.br\/wp-content\/uploads\/2021\/06\/3066254g_74d516d0cbf9724104d7deff5120fed3-420x280-1.jpg",420,280,false],"mantranews-slider-large":["https:\/\/blogopara.com.br\/wp-content\/uploads\/2021\/06\/3066254g_74d516d0cbf9724104d7deff5120fed3-420x280-1.jpg",420,280,false],"mantranews-featured-medium":["https:\/\/blogopara.com.br\/wp-content\/uploads\/2021\/06\/3066254g_74d516d0cbf9724104d7deff5120fed3-420x280-1.jpg",420,280,false],"mantranews-featured-long":["https:\/\/blogopara.com.br\/wp-content\/uploads\/2021\/06\/3066254g_74d516d0cbf9724104d7deff5120fed3-420x280-1-300x280.jpg",300,280,true],"mantranews-block-medium":["https:\/\/blogopara.com.br\/wp-content\/uploads\/2021\/06\/3066254g_74d516d0cbf9724104d7deff5120fed3-420x280-1.jpg",420,280,false],"mantranews-carousel-image":["https:\/\/blogopara.com.br\/wp-content\/uploads\/2021\/06\/3066254g_74d516d0cbf9724104d7deff5120fed3-420x280-1.jpg",420,280,false],"mantranews-block-thumb":["https:\/\/blogopara.com.br\/wp-content\/uploads\/2021\/06\/3066254g_74d516d0cbf9724104d7deff5120fed3-420x280-1-322x230.jpg",322,230,true],"mantranews-single-large":["https:\/\/blogopara.com.br\/wp-content\/uploads\/2021\/06\/3066254g_74d516d0cbf9724104d7deff5120fed3-420x280-1.jpg",420,280,false]},"uagb_author_info":{"display_name":"Reda\u00e7\u00e3o geral","author_link":"https:\/\/blogopara.com.br\/index.php\/author\/blogopara"},"uagb_comment_info":0,"uagb_excerpt":"A arara-azul-de-lear \u00e9 uma ave exclusiva da Bahia e tamb\u00e9m uma das 7 maravilhas da natureza. Por\u00e9m, toda essa exuber\u00e2ncia e raridade n\u00e3o foram suficientes para proteger a graciosa ave, que j\u00e1 \u00e9 classificada como\u00a0em perigo de extin\u00e7\u00e3o\u00a0pela Uni\u00e3o Internacional para Conserva\u00e7\u00e3o da Natureza (IUCN) e est\u00e1 ainda mais amea\u00e7ada, por conta de uma poss\u00edvel&hellip;","jetpack_sharing_enabled":true,"jetpack_likes_enabled":true,"_links":{"self":[{"href":"https:\/\/blogopara.com.br\/index.php\/wp-json\/wp\/v2\/posts\/24206","targetHints":{"allow":["GET"]}}],"collection":[{"href":"https:\/\/blogopara.com.br\/index.php\/wp-json\/wp\/v2\/posts"}],"about":[{"href":"https:\/\/blogopara.com.br\/index.php\/wp-json\/wp\/v2\/types\/post"}],"author":[{"embeddable":true,"href":"https:\/\/blogopara.com.br\/index.php\/wp-json\/wp\/v2\/users\/1"}],"replies":[{"embeddable":true,"href":"https:\/\/blogopara.com.br\/index.php\/wp-json\/wp\/v2\/comments?post=24206"}],"version-history":[{"count":1,"href":"https:\/\/blogopara.com.br\/index.php\/wp-json\/wp\/v2\/posts\/24206\/revisions"}],"predecessor-version":[{"id":24208,"href":"https:\/\/blogopara.com.br\/index.php\/wp-json\/wp\/v2\/posts\/24206\/revisions\/24208"}],"wp:featuredmedia":[{"embeddable":true,"href":"https:\/\/blogopara.com.br\/index.php\/wp-json\/wp\/v2\/media\/24207"}],"wp:attachment":[{"href":"https:\/\/blogopara.com.br\/index.php\/wp-json\/wp\/v2\/media?parent=24206"}],"wp:term":[{"taxonomy":"category","embeddable":true,"href":"https:\/\/blogopara.com.br\/index.php\/wp-json\/wp\/v2\/categories?post=24206"},{"taxonomy":"post_tag","embeddable":true,"href":"https:\/\/blogopara.com.br\/index.php\/wp-json\/wp\/v2\/tags?post=24206"}],"curies":[{"name":"wp","href":"https:\/\/api.w.org\/{rel}","templated":true}]}}