{"id":24357,"date":"2021-06-10T18:24:00","date_gmt":"2021-06-10T21:24:00","guid":{"rendered":"https:\/\/blogopara.com.br\/?p=24357"},"modified":"2021-06-09T16:26:37","modified_gmt":"2021-06-09T19:26:37","slug":"juazeiro-inicia-a-terceira-fase-da-campanha-de-vacinacao-contra-a-gripe","status":"publish","type":"post","link":"https:\/\/blogopara.com.br\/index.php\/2021\/06\/10\/juazeiro-inicia-a-terceira-fase-da-campanha-de-vacinacao-contra-a-gripe","title":{"rendered":"Juazeiro inicia a terceira fase da campanha de vacina\u00e7\u00e3o contra a gripe"},"content":{"rendered":"<p dir=\"ltr\" style=\"text-align: justify;\">A Prefeitura de Juazeiro, atrav\u00e9s da Secretaria de Sa\u00fade (Sesau), iniciou nesta quarta-feira (9) a terceira etapa da Campanha de Vacina\u00e7\u00e3o Contra a Gripe. O p\u00fablico-alvo desta fase s\u00e3o grupos de comorbidades (pessoas com doen\u00e7as cr\u00f4nicas n\u00e3o transmiss\u00edveis e outras condi\u00e7\u00f5es cl\u00ednicas especiais), pessoas com defici\u00eancia permanente, caminhoneiros, trabalhadores de transportes p\u00fablicos (coletivo\/ rodovi\u00e1rio e metrovi\u00e1rio), portu\u00e1rios, for\u00e7as de seguran\u00e7a e salvamento, for\u00e7as armadas, funcion\u00e1rios do sistema prisional e popula\u00e7\u00e3o privada de liberdade e jovens\u00a0 de 12 a 21 anos em medidas socioeducativas.<\/p>\n<p dir=\"ltr\" style=\"text-align: justify;\">Esta terceira etapa segue at\u00e9 o dia 9 de julho. Quem est\u00e1 dentro do p\u00fablico-alvo, pode procurar as Unidades B\u00e1sicas de Sa\u00fade (UBSs), tanto da zona rural quanto da zona urbana.<\/p>\n<p dir=\"ltr\" style=\"text-align: justify;\">Nas etapas anteriores come\u00e7aram a ser vacinados trabalhadores de sa\u00fade, povos ind\u00edgenas, crian\u00e7as entre 6 meses a menores de 5 anos, gestantes, pu\u00e9rperas (mulheres com at\u00e9 45 dias do p\u00f3s-parto), professores e idosos. A enfermeira da Rede de Frio de Juazeiro, Renata Moreira, refor\u00e7a que as pessoas que estavam no p\u00fablico-alvo da primeira e segunda etapas, devem procurar as unidades de sa\u00fade para tomar a vacina contra a gripe. \u201cA gente teve uma baixa ades\u00e3o, acredito que devido \u00e0 vacina contra a Covid-19. Mas essas pessoas precisam comparecer, mesmo nesta terceira fase. Por isso, a gente faz um convite para que essas pessoas procurem a UBS para se vacinar contra a gripe\u201d, disse.<\/p>\n<p dir=\"ltr\" style=\"text-align: justify;\">A estimativa \u00e9 que cerca de 45 mil pessoas recebam a vacina contra a gripe nesta fase 3. A meta, segundo o Minist\u00e9rio da Sa\u00fade, \u00e9 vacinar 80% deste p\u00fablico.<\/p>\n<p dir=\"ltr\" style=\"text-align: justify;\">Segundo o informe t\u00e9cnico do Minist\u00e9rio da Sa\u00fade, podem ser vacinadas com comorbidade nesta fase, pessoas com doen\u00e7as respirat\u00f3rias cr\u00f4nicas, doen\u00e7a card\u00edaca cr\u00f4nica, doen\u00e7a renal cr\u00f4nica, doen\u00e7a hep\u00e1tica cr\u00f4nica, diabetes, imunossupressores, obesos, transplantados, portadores de trissomias.<\/p>\n<p dir=\"ltr\" style=\"text-align: justify;\">Documenta\u00e7\u00e3o<\/p>\n<p dir=\"ltr\" style=\"text-align: justify;\">Para receber a vacina contra a gripe, as pessoas precisam levar RG, CPF ou Cart\u00e3o SUS e comprovante de resid\u00eancia. As pessoas com comorbidade devem levar laudo comprovando a doen\u00e7a.<\/p>\n<p dir=\"ltr\" style=\"text-align: justify;\">Vacina\u00e7\u00e3o em paralelo com a Covid-19<\/p>\n<p dir=\"ltr\" style=\"text-align: justify;\">A campanha de vacina\u00e7\u00e3o contra a gripe acontece em paralelo com a da Covid-19. \u00c9 importante frisar que as pessoas que est\u00e3o nos grupos para receber as duas vacinas precisam ficar atentas ao intervalo de 14 dias entre elas. \u201cQuem tomou a primeira dose de Covid-19 deve esperar este tempo de 14 dias para tomar a vacina contra a influenza\u201d, disse a superintendente de Vigil\u00e2ncia em Sa\u00fade, Caroline Morgado. &#8212;<\/p>\n","protected":false},"excerpt":{"rendered":"<p>A Prefeitura de Juazeiro, atrav\u00e9s da Secretaria de Sa\u00fade (Sesau), iniciou nesta quarta-feira (9) a terceira etapa da Campanha de Vacina\u00e7\u00e3o Contra a Gripe. O p\u00fablico-alvo desta fase s\u00e3o grupos de comorbidades (pessoas com doen\u00e7as cr\u00f4nicas n\u00e3o transmiss\u00edveis e outras condi\u00e7\u00f5es cl\u00ednicas especiais), pessoas com defici\u00eancia permanente, caminhoneiros, trabalhadores de transportes p\u00fablicos (coletivo\/ rodovi\u00e1rio e [&hellip;]<\/p>\n","protected":false},"author":1,"featured_media":24358,"comment_status":"open","ping_status":"open","sticky":false,"template":"","format":"standard","meta":{"_uag_custom_page_level_css":"","_monsterinsights_skip_tracking":false,"_monsterinsights_sitenote_active":false,"_monsterinsights_sitenote_note":"","_monsterinsights_sitenote_category":0,"jetpack_post_was_ever_published":false,"_jetpack_newsletter_access":"","_jetpack_dont_email_post_to_subs":false,"_jetpack_newsletter_tier_id":0,"_jetpack_memberships_contains_paywalled_content":false,"_jetpack_memberships_contains_paid_content":false,"footnotes":"","jetpack_publicize_message":"","jetpack_publicize_feature_enabled":true,"jetpack_social_post_already_shared":true,"jetpack_social_options":{"image_generator_settings":{"template":"highway","default_image_id":0,"font":"","enabled":false},"version":2}},"categories":[197,205],"tags":[],"class_list":["post-24357","post","type-post","status-publish","format-standard","has-post-thumbnail","hentry","category-politica","category-saude"],"jetpack_publicize_connections":[],"jetpack_featured_media_url":"https:\/\/blogopara.com.br\/wp-content\/uploads\/2021\/06\/thumbnail_vacinacao-gripe.jpg","uagb_featured_image_src":{"full":["https:\/\/blogopara.com.br\/wp-content\/uploads\/2021\/06\/thumbnail_vacinacao-gripe.jpg",500,333,false],"thumbnail":["https:\/\/blogopara.com.br\/wp-content\/uploads\/2021\/06\/thumbnail_vacinacao-gripe-150x150.jpg",150,150,true],"medium":["https:\/\/blogopara.com.br\/wp-content\/uploads\/2021\/06\/thumbnail_vacinacao-gripe-300x200.jpg",300,200,true],"medium_large":["https:\/\/blogopara.com.br\/wp-content\/uploads\/2021\/06\/thumbnail_vacinacao-gripe.jpg",500,333,false],"large":["https:\/\/blogopara.com.br\/wp-content\/uploads\/2021\/06\/thumbnail_vacinacao-gripe.jpg",500,333,false],"1536x1536":["https:\/\/blogopara.com.br\/wp-content\/uploads\/2021\/06\/thumbnail_vacinacao-gripe.jpg",500,333,false],"2048x2048":["https:\/\/blogopara.com.br\/wp-content\/uploads\/2021\/06\/thumbnail_vacinacao-gripe.jpg",500,333,false],"mantranews-slider-large":["https:\/\/blogopara.com.br\/wp-content\/uploads\/2021\/06\/thumbnail_vacinacao-gripe.jpg",500,333,false],"mantranews-featured-medium":["https:\/\/blogopara.com.br\/wp-content\/uploads\/2021\/06\/thumbnail_vacinacao-gripe-420x307.jpg",420,307,true],"mantranews-featured-long":["https:\/\/blogopara.com.br\/wp-content\/uploads\/2021\/06\/thumbnail_vacinacao-gripe-300x333.jpg",300,333,true],"mantranews-block-medium":["https:\/\/blogopara.com.br\/wp-content\/uploads\/2021\/06\/thumbnail_vacinacao-gripe-464x290.jpg",464,290,true],"mantranews-carousel-image":["https:\/\/blogopara.com.br\/wp-content\/uploads\/2021\/06\/thumbnail_vacinacao-gripe.jpg",500,333,false],"mantranews-block-thumb":["https:\/\/blogopara.com.br\/wp-content\/uploads\/2021\/06\/thumbnail_vacinacao-gripe-322x230.jpg",322,230,true],"mantranews-single-large":["https:\/\/blogopara.com.br\/wp-content\/uploads\/2021\/06\/thumbnail_vacinacao-gripe.jpg",500,333,false]},"uagb_author_info":{"display_name":"Reda\u00e7\u00e3o geral","author_link":"https:\/\/blogopara.com.br\/index.php\/author\/blogopara"},"uagb_comment_info":0,"uagb_excerpt":"A Prefeitura de Juazeiro, atrav\u00e9s da Secretaria de Sa\u00fade (Sesau), iniciou nesta quarta-feira (9) a terceira etapa da Campanha de Vacina\u00e7\u00e3o Contra a Gripe. O p\u00fablico-alvo desta fase s\u00e3o grupos de comorbidades (pessoas com doen\u00e7as cr\u00f4nicas n\u00e3o transmiss\u00edveis e outras condi\u00e7\u00f5es cl\u00ednicas especiais), pessoas com defici\u00eancia permanente, caminhoneiros, trabalhadores de transportes p\u00fablicos (coletivo\/ rodovi\u00e1rio e&hellip;","jetpack_sharing_enabled":true,"jetpack_likes_enabled":true,"_links":{"self":[{"href":"https:\/\/blogopara.com.br\/index.php\/wp-json\/wp\/v2\/posts\/24357","targetHints":{"allow":["GET"]}}],"collection":[{"href":"https:\/\/blogopara.com.br\/index.php\/wp-json\/wp\/v2\/posts"}],"about":[{"href":"https:\/\/blogopara.com.br\/index.php\/wp-json\/wp\/v2\/types\/post"}],"author":[{"embeddable":true,"href":"https:\/\/blogopara.com.br\/index.php\/wp-json\/wp\/v2\/users\/1"}],"replies":[{"embeddable":true,"href":"https:\/\/blogopara.com.br\/index.php\/wp-json\/wp\/v2\/comments?post=24357"}],"version-history":[{"count":1,"href":"https:\/\/blogopara.com.br\/index.php\/wp-json\/wp\/v2\/posts\/24357\/revisions"}],"predecessor-version":[{"id":24359,"href":"https:\/\/blogopara.com.br\/index.php\/wp-json\/wp\/v2\/posts\/24357\/revisions\/24359"}],"wp:featuredmedia":[{"embeddable":true,"href":"https:\/\/blogopara.com.br\/index.php\/wp-json\/wp\/v2\/media\/24358"}],"wp:attachment":[{"href":"https:\/\/blogopara.com.br\/index.php\/wp-json\/wp\/v2\/media?parent=24357"}],"wp:term":[{"taxonomy":"category","embeddable":true,"href":"https:\/\/blogopara.com.br\/index.php\/wp-json\/wp\/v2\/categories?post=24357"},{"taxonomy":"post_tag","embeddable":true,"href":"https:\/\/blogopara.com.br\/index.php\/wp-json\/wp\/v2\/tags?post=24357"}],"curies":[{"name":"wp","href":"https:\/\/api.w.org\/{rel}","templated":true}]}}