{"id":24427,"date":"2021-06-12T10:10:00","date_gmt":"2021-06-12T13:10:00","guid":{"rendered":"https:\/\/blogopara.com.br\/?p=24427"},"modified":"2021-06-11T18:13:56","modified_gmt":"2021-06-11T21:13:56","slug":"criancas-da-rede-municipal-de-ensino-de-juazeiro-recebem-premiacao-por-producoes-artisticas-alusivas-ao-combate-ao-trabalho-infantil","status":"publish","type":"post","link":"https:\/\/blogopara.com.br\/index.php\/2021\/06\/12\/criancas-da-rede-municipal-de-ensino-de-juazeiro-recebem-premiacao-por-producoes-artisticas-alusivas-ao-combate-ao-trabalho-infantil","title":{"rendered":"Crian\u00e7as da Rede Municipal de ensino de Juazeiro recebem premia\u00e7\u00e3o por produ\u00e7\u00f5es art\u00edsticas alusivas ao combate ao trabalho infantil"},"content":{"rendered":"<p style=\"text-align: justify;\">A Prefeitura de Juazeiro, atrav\u00e9s da Secretaria de Educa\u00e7\u00e3o e Juventude (Seduc), promoveu nesta sexta-feira (11) a premia\u00e7\u00e3o do Programa MPT na Escola 2021 \u2013 A escola no combate ao trabalho infantil. O evento foi realizado na C\u00e2mara de Vereadores de Juazeiro e faz parte da programa\u00e7\u00e3o da campanha municipal \u201cTrabalho infantil, nem de brincadeira\u201d, desenvolvida em parceria entre a Seduc e a Secretaria de Desenvolvimento Social, Mulher e Diversidade (Sedes).<\/p>\n<p style=\"text-align: justify;\">Foram avaliados mais de 100 trabalhos produzidos por estudantes do 4\u00ba ao 7\u00ba ano, de 12 escolas municipais, sobre as tem\u00e1ticas \u201ctrabalho infantil\u201d e \u201cprofissionaliza\u00e7\u00e3o adolescente\/aprendizagem profissional\u201d. As oito melhores produ\u00e7\u00f5es foram premiadas nas categorias conto, poesia, m\u00fasica e desenho, com destaque para escolas da \u00e1rea rural, que receberam premia\u00e7\u00f5es em tr\u00eas categorias.<\/p>\n<p style=\"text-align: justify;\">Estudantes e professores das Escolas Municipais Mandacaru, Pontal, 15 de Julho, Joca de Souza Oliveira e Rural de Tempo Integral S\u00e3o Jos\u00e9 receberam kits pedag\u00f3gicos pelas produ\u00e7\u00f5es art\u00edsticas e culturais. O estudante Joabe Damasceno, do 5\u00ba ano da Escola Municipal 15 de Julho, em Mani\u00e7oba, ganhou na categoria poema e falou sobre o que aprendeu com a atividade. \u201cCom esse projeto eu aprendi que tem muitas crian\u00e7as que precisam de ajuda, e que se voc\u00ea conhece algu\u00e9m que est\u00e1 maltratando e incentivando uma crian\u00e7a ao trabalho, deve denunciar\u201d, explicou o estudante. Os premiados seguir\u00e3o para a etapa estadual.<\/p>\n<p style=\"text-align: justify;\">A programa\u00e7\u00e3o tamb\u00e9m contou com a participa\u00e7\u00e3o da secret\u00e1ria de Educa\u00e7\u00e3o do munic\u00edpio, Normeide Almeida, o secret\u00e1rio de Desenvolvimento Social, Mulher e Diversidade, Teobaldo Pedro, a superintendente de Gest\u00e3o Escolar, Alexandrina Ara\u00fajo, a procuradora do Minist\u00e9rio P\u00fablico do Trabalho (MPT) em Juazeiro, Cristiane Alli Fernandes, o conselheiro do Conselho Tutelar de munic\u00edpio, Jos\u00e9 Roberto Santos, e o vereador Gleidson Azevedo.<\/p>\n<p style=\"text-align: justify;\">\u201cFoi muito positivo, bonito e emocionante a apresenta\u00e7\u00e3o do trabalho das crian\u00e7as. Vimos o envolvimento dos professores e gestores nesse projeto, houve, realmente, um empenho e dedica\u00e7\u00e3o. Eles abra\u00e7aram essa causa que \u00e9 t\u00e3o importante e que mostra qual \u00e9 a sociedade que queremos\u201d, destacou a procuradora Cristiane Alli Fernandes<\/p>\n<p style=\"text-align: justify;\">A\u00e7\u00e3o cont\u00ednua<\/p>\n<p style=\"text-align: justify;\">As escolas municipais de Juazeiro que participaram da premia\u00e7\u00e3o, tamb\u00e9m receber\u00e3o do MPT, material espec\u00edfico sobre a tem\u00e1tica, bem como forma\u00e7\u00f5es para os professores, a fim de trabalhar a conscientiza\u00e7\u00e3o sobre o trabalho infantil de forma cont\u00ednua nas unidades de ensino.<\/p>\n<p style=\"text-align: justify;\">A secretaria de Educa\u00e7\u00e3o, Normdeide Almeida, destacou a disponibilidade do munic\u00edpio para fomentar a\u00e7\u00f5es de conscientiza\u00e7\u00e3o que visem o bem-estar de crian\u00e7as e jovens de Juazeiro.\u201cO Programa MPT na Escola \u00e9 uma importante iniciativa do Minist\u00e9rio P\u00fablico do Trabalho por trazer informa\u00e7\u00f5es e contribuir para conscientiza\u00e7\u00e3o sobre o trabalhou infantil em nossa Rede Municipal. A Seduc estar\u00e1 sempre \u00e0 disposi\u00e7\u00e3o para desenvolver projetos que visem conscientizar e promover o bem-estar de nossas crian\u00e7as e adolescentes\u201d finalizou a secret\u00e1ria de Educa\u00e7\u00e3o de Juazeiro.<\/p>\n<p style=\"text-align: justify;\">\n","protected":false},"excerpt":{"rendered":"<p>A Prefeitura de Juazeiro, atrav\u00e9s da Secretaria de Educa\u00e7\u00e3o e Juventude (Seduc), promoveu nesta sexta-feira (11) a premia\u00e7\u00e3o do Programa MPT na Escola 2021 \u2013 A escola no combate ao trabalho infantil. O evento foi realizado na C\u00e2mara de Vereadores de Juazeiro e faz parte da programa\u00e7\u00e3o da campanha municipal \u201cTrabalho infantil, nem de brincadeira\u201d, [&hellip;]<\/p>\n","protected":false},"author":1,"featured_media":24428,"comment_status":"open","ping_status":"open","sticky":false,"template":"","format":"standard","meta":{"_uag_custom_page_level_css":"","_monsterinsights_skip_tracking":false,"_monsterinsights_sitenote_active":false,"_monsterinsights_sitenote_note":"","_monsterinsights_sitenote_category":0,"jetpack_post_was_ever_published":false,"_jetpack_newsletter_access":"","_jetpack_dont_email_post_to_subs":false,"_jetpack_newsletter_tier_id":0,"_jetpack_memberships_contains_paywalled_content":false,"_jetpack_memberships_contains_paid_content":false,"footnotes":"","jetpack_publicize_message":"","jetpack_publicize_feature_enabled":true,"jetpack_social_post_already_shared":true,"jetpack_social_options":{"image_generator_settings":{"template":"highway","default_image_id":0,"font":"","enabled":false},"version":2}},"categories":[209],"tags":[2184,978,3472,894,902],"class_list":["post-24427","post","type-post","status-publish","format-standard","has-post-thumbnail","hentry","category-educacao","tag-mpt","tag-premio","tag-rede-municipal","tag-sedes","tag-seduc"],"jetpack_publicize_connections":[],"jetpack_featured_media_url":"https:\/\/blogopara.com.br\/wp-content\/uploads\/2021\/06\/WhatsApp-Image-2021-06-11-at-18.04.51.jpeg","uagb_featured_image_src":{"full":["https:\/\/blogopara.com.br\/wp-content\/uploads\/2021\/06\/WhatsApp-Image-2021-06-11-at-18.04.51.jpeg",500,333,false],"thumbnail":["https:\/\/blogopara.com.br\/wp-content\/uploads\/2021\/06\/WhatsApp-Image-2021-06-11-at-18.04.51-150x150.jpeg",150,150,true],"medium":["https:\/\/blogopara.com.br\/wp-content\/uploads\/2021\/06\/WhatsApp-Image-2021-06-11-at-18.04.51-300x200.jpeg",300,200,true],"medium_large":["https:\/\/blogopara.com.br\/wp-content\/uploads\/2021\/06\/WhatsApp-Image-2021-06-11-at-18.04.51.jpeg",500,333,false],"large":["https:\/\/blogopara.com.br\/wp-content\/uploads\/2021\/06\/WhatsApp-Image-2021-06-11-at-18.04.51.jpeg",500,333,false],"1536x1536":["https:\/\/blogopara.com.br\/wp-content\/uploads\/2021\/06\/WhatsApp-Image-2021-06-11-at-18.04.51.jpeg",500,333,false],"2048x2048":["https:\/\/blogopara.com.br\/wp-content\/uploads\/2021\/06\/WhatsApp-Image-2021-06-11-at-18.04.51.jpeg",500,333,false],"mantranews-slider-large":["https:\/\/blogopara.com.br\/wp-content\/uploads\/2021\/06\/WhatsApp-Image-2021-06-11-at-18.04.51.jpeg",500,333,false],"mantranews-featured-medium":["https:\/\/blogopara.com.br\/wp-content\/uploads\/2021\/06\/WhatsApp-Image-2021-06-11-at-18.04.51-420x307.jpeg",420,307,true],"mantranews-featured-long":["https:\/\/blogopara.com.br\/wp-content\/uploads\/2021\/06\/WhatsApp-Image-2021-06-11-at-18.04.51-300x333.jpeg",300,333,true],"mantranews-block-medium":["https:\/\/blogopara.com.br\/wp-content\/uploads\/2021\/06\/WhatsApp-Image-2021-06-11-at-18.04.51-464x290.jpeg",464,290,true],"mantranews-carousel-image":["https:\/\/blogopara.com.br\/wp-content\/uploads\/2021\/06\/WhatsApp-Image-2021-06-11-at-18.04.51.jpeg",500,333,false],"mantranews-block-thumb":["https:\/\/blogopara.com.br\/wp-content\/uploads\/2021\/06\/WhatsApp-Image-2021-06-11-at-18.04.51-322x230.jpeg",322,230,true],"mantranews-single-large":["https:\/\/blogopara.com.br\/wp-content\/uploads\/2021\/06\/WhatsApp-Image-2021-06-11-at-18.04.51.jpeg",500,333,false]},"uagb_author_info":{"display_name":"Reda\u00e7\u00e3o geral","author_link":"https:\/\/blogopara.com.br\/index.php\/author\/blogopara"},"uagb_comment_info":0,"uagb_excerpt":"A Prefeitura de Juazeiro, atrav\u00e9s da Secretaria de Educa\u00e7\u00e3o e Juventude (Seduc), promoveu nesta sexta-feira (11) a premia\u00e7\u00e3o do Programa MPT na Escola 2021 \u2013 A escola no combate ao trabalho infantil. O evento foi realizado na C\u00e2mara de Vereadores de Juazeiro e faz parte da programa\u00e7\u00e3o da campanha municipal \u201cTrabalho infantil, nem de brincadeira\u201d,&hellip;","jetpack_sharing_enabled":true,"jetpack_likes_enabled":true,"_links":{"self":[{"href":"https:\/\/blogopara.com.br\/index.php\/wp-json\/wp\/v2\/posts\/24427","targetHints":{"allow":["GET"]}}],"collection":[{"href":"https:\/\/blogopara.com.br\/index.php\/wp-json\/wp\/v2\/posts"}],"about":[{"href":"https:\/\/blogopara.com.br\/index.php\/wp-json\/wp\/v2\/types\/post"}],"author":[{"embeddable":true,"href":"https:\/\/blogopara.com.br\/index.php\/wp-json\/wp\/v2\/users\/1"}],"replies":[{"embeddable":true,"href":"https:\/\/blogopara.com.br\/index.php\/wp-json\/wp\/v2\/comments?post=24427"}],"version-history":[{"count":1,"href":"https:\/\/blogopara.com.br\/index.php\/wp-json\/wp\/v2\/posts\/24427\/revisions"}],"predecessor-version":[{"id":24429,"href":"https:\/\/blogopara.com.br\/index.php\/wp-json\/wp\/v2\/posts\/24427\/revisions\/24429"}],"wp:featuredmedia":[{"embeddable":true,"href":"https:\/\/blogopara.com.br\/index.php\/wp-json\/wp\/v2\/media\/24428"}],"wp:attachment":[{"href":"https:\/\/blogopara.com.br\/index.php\/wp-json\/wp\/v2\/media?parent=24427"}],"wp:term":[{"taxonomy":"category","embeddable":true,"href":"https:\/\/blogopara.com.br\/index.php\/wp-json\/wp\/v2\/categories?post=24427"},{"taxonomy":"post_tag","embeddable":true,"href":"https:\/\/blogopara.com.br\/index.php\/wp-json\/wp\/v2\/tags?post=24427"}],"curies":[{"name":"wp","href":"https:\/\/api.w.org\/{rel}","templated":true}]}}