{"id":24430,"date":"2021-06-12T09:18:00","date_gmt":"2021-06-12T12:18:00","guid":{"rendered":"https:\/\/blogopara.com.br\/?p=24430"},"modified":"2021-06-11T18:20:54","modified_gmt":"2021-06-11T21:20:54","slug":"homem-e-preso-por-abusar-das-filhas-de-11-e-15-anos-em-santo-antonio-de-jesus","status":"publish","type":"post","link":"https:\/\/blogopara.com.br\/index.php\/2021\/06\/12\/homem-e-preso-por-abusar-das-filhas-de-11-e-15-anos-em-santo-antonio-de-jesus","title":{"rendered":"Homem \u00e9 preso por abusar das filhas de 11 e 15 anos em Santo Ant\u00f4nio de Jesus"},"content":{"rendered":"<p>Um homem de 42 anos foi preso nesta quinta-feira (10) em Santo Ant\u00f4nio de Jesus suspeito de abusar das filhas de 11 e 15 anos. A pris\u00e3o preventiva foi realizada por policiais da 1\u00aa Delegacia Territorial (DT).<\/p>\n<p style=\"text-align: justify;\">De acordo com as investiga\u00e7\u00f5es, os abusos foram praticados durante tr\u00eas anos. \u201cEle aproveitava o momento em que a m\u00e3e das meninas estava trabalhando para praticar o ato. As v\u00edtimas ainda sofriam amea\u00e7as\u201d, explicou o titular da unidade policial, delegado Adilson Bezerra de Freitas.<\/p>\n<p>As apura\u00e7\u00f5es come\u00e7aram em fevereiro deste ano, quando as v\u00edtimas denunciaram o crime \u00e0 pol\u00edcia. O suspeito est\u00e1 \u00e0 disposi\u00e7\u00e3o da Justi\u00e7a e deve ser encaminhado para o sistema prisional, onde vai responder por estupro de vulner\u00e1vel.<\/p>\n<p>Fonte: Bahia Not\u00edcias<\/p>\n","protected":false},"excerpt":{"rendered":"<p>Um homem de 42 anos foi preso nesta quinta-feira (10) em Santo Ant\u00f4nio de Jesus suspeito de abusar das filhas de 11 e 15 anos. A pris\u00e3o preventiva foi realizada por policiais da 1\u00aa Delegacia Territorial (DT). De acordo com as investiga\u00e7\u00f5es, os abusos foram praticados durante tr\u00eas anos. \u201cEle aproveitava o momento em que [&hellip;]<\/p>\n","protected":false},"author":1,"featured_media":24431,"comment_status":"open","ping_status":"open","sticky":false,"template":"","format":"standard","meta":{"_uag_custom_page_level_css":"","_monsterinsights_skip_tracking":false,"_monsterinsights_sitenote_active":false,"_monsterinsights_sitenote_note":"","_monsterinsights_sitenote_category":0,"jetpack_post_was_ever_published":false,"_jetpack_newsletter_access":"","_jetpack_dont_email_post_to_subs":false,"_jetpack_newsletter_tier_id":0,"_jetpack_memberships_contains_paywalled_content":false,"_jetpack_memberships_contains_paid_content":false,"footnotes":"","jetpack_publicize_message":"","jetpack_publicize_feature_enabled":true,"jetpack_social_post_already_shared":true,"jetpack_social_options":{"image_generator_settings":{"template":"highway","default_image_id":0,"font":"","enabled":false},"version":2}},"categories":[199,202],"tags":[2986,90,244],"class_list":["post-24430","post","type-post","status-publish","format-standard","has-post-thumbnail","hentry","category-bahia","category-policia","tag-combate-ao-abuso-sexual","tag-crime","tag-vitimas"],"jetpack_publicize_connections":[],"jetpack_featured_media_url":"https:\/\/blogopara.com.br\/wp-content\/uploads\/2021\/06\/IMAGEM_NOTICIA_5-2.jpg","uagb_featured_image_src":{"full":["https:\/\/blogopara.com.br\/wp-content\/uploads\/2021\/06\/IMAGEM_NOTICIA_5-2.jpg",400,294,false],"thumbnail":["https:\/\/blogopara.com.br\/wp-content\/uploads\/2021\/06\/IMAGEM_NOTICIA_5-2-150x150.jpg",150,150,true],"medium":["https:\/\/blogopara.com.br\/wp-content\/uploads\/2021\/06\/IMAGEM_NOTICIA_5-2-300x221.jpg",300,221,true],"medium_large":["https:\/\/blogopara.com.br\/wp-content\/uploads\/2021\/06\/IMAGEM_NOTICIA_5-2.jpg",400,294,false],"large":["https:\/\/blogopara.com.br\/wp-content\/uploads\/2021\/06\/IMAGEM_NOTICIA_5-2.jpg",400,294,false],"1536x1536":["https:\/\/blogopara.com.br\/wp-content\/uploads\/2021\/06\/IMAGEM_NOTICIA_5-2.jpg",400,294,false],"2048x2048":["https:\/\/blogopara.com.br\/wp-content\/uploads\/2021\/06\/IMAGEM_NOTICIA_5-2.jpg",400,294,false],"mantranews-slider-large":["https:\/\/blogopara.com.br\/wp-content\/uploads\/2021\/06\/IMAGEM_NOTICIA_5-2.jpg",400,294,false],"mantranews-featured-medium":["https:\/\/blogopara.com.br\/wp-content\/uploads\/2021\/06\/IMAGEM_NOTICIA_5-2.jpg",400,294,false],"mantranews-featured-long":["https:\/\/blogopara.com.br\/wp-content\/uploads\/2021\/06\/IMAGEM_NOTICIA_5-2-300x294.jpg",300,294,true],"mantranews-block-medium":["https:\/\/blogopara.com.br\/wp-content\/uploads\/2021\/06\/IMAGEM_NOTICIA_5-2-400x290.jpg",400,290,true],"mantranews-carousel-image":["https:\/\/blogopara.com.br\/wp-content\/uploads\/2021\/06\/IMAGEM_NOTICIA_5-2.jpg",400,294,false],"mantranews-block-thumb":["https:\/\/blogopara.com.br\/wp-content\/uploads\/2021\/06\/IMAGEM_NOTICIA_5-2-322x230.jpg",322,230,true],"mantranews-single-large":["https:\/\/blogopara.com.br\/wp-content\/uploads\/2021\/06\/IMAGEM_NOTICIA_5-2.jpg",400,294,false]},"uagb_author_info":{"display_name":"Reda\u00e7\u00e3o geral","author_link":"https:\/\/blogopara.com.br\/index.php\/author\/blogopara"},"uagb_comment_info":0,"uagb_excerpt":"Um homem de 42 anos foi preso nesta quinta-feira (10) em Santo Ant\u00f4nio de Jesus suspeito de abusar das filhas de 11 e 15 anos. A pris\u00e3o preventiva foi realizada por policiais da 1\u00aa Delegacia Territorial (DT). De acordo com as investiga\u00e7\u00f5es, os abusos foram praticados durante tr\u00eas anos. \u201cEle aproveitava o momento em que&hellip;","jetpack_sharing_enabled":true,"jetpack_likes_enabled":true,"_links":{"self":[{"href":"https:\/\/blogopara.com.br\/index.php\/wp-json\/wp\/v2\/posts\/24430","targetHints":{"allow":["GET"]}}],"collection":[{"href":"https:\/\/blogopara.com.br\/index.php\/wp-json\/wp\/v2\/posts"}],"about":[{"href":"https:\/\/blogopara.com.br\/index.php\/wp-json\/wp\/v2\/types\/post"}],"author":[{"embeddable":true,"href":"https:\/\/blogopara.com.br\/index.php\/wp-json\/wp\/v2\/users\/1"}],"replies":[{"embeddable":true,"href":"https:\/\/blogopara.com.br\/index.php\/wp-json\/wp\/v2\/comments?post=24430"}],"version-history":[{"count":1,"href":"https:\/\/blogopara.com.br\/index.php\/wp-json\/wp\/v2\/posts\/24430\/revisions"}],"predecessor-version":[{"id":24432,"href":"https:\/\/blogopara.com.br\/index.php\/wp-json\/wp\/v2\/posts\/24430\/revisions\/24432"}],"wp:featuredmedia":[{"embeddable":true,"href":"https:\/\/blogopara.com.br\/index.php\/wp-json\/wp\/v2\/media\/24431"}],"wp:attachment":[{"href":"https:\/\/blogopara.com.br\/index.php\/wp-json\/wp\/v2\/media?parent=24430"}],"wp:term":[{"taxonomy":"category","embeddable":true,"href":"https:\/\/blogopara.com.br\/index.php\/wp-json\/wp\/v2\/categories?post=24430"},{"taxonomy":"post_tag","embeddable":true,"href":"https:\/\/blogopara.com.br\/index.php\/wp-json\/wp\/v2\/tags?post=24430"}],"curies":[{"name":"wp","href":"https:\/\/api.w.org\/{rel}","templated":true}]}}