{"id":24457,"date":"2021-06-13T09:24:00","date_gmt":"2021-06-13T12:24:00","guid":{"rendered":"https:\/\/blogopara.com.br\/?p=24457"},"modified":"2021-06-13T10:32:08","modified_gmt":"2021-06-13T13:32:08","slug":"prefeitura-de-juazeiro-promove-adesivaco-educativo-no-dia-mundial-contra-o-trabalho-infantil","status":"publish","type":"post","link":"https:\/\/blogopara.com.br\/index.php\/2021\/06\/13\/prefeitura-de-juazeiro-promove-adesivaco-educativo-no-dia-mundial-contra-o-trabalho-infantil","title":{"rendered":"Prefeitura de Juazeiro promove adesiva\u00e7o educativo no &#8220;Dia Mundial Contra o Trabalho Infantil&#8221;"},"content":{"rendered":"<p style=\"text-align: justify;\">A Prefeitura de Juazeiro realizou neste s\u00e1bado (12) um adesiva\u00e7o educativo na orla do munic\u00edpio, alusivo ao &#8220;Dia Mundial Contra o Trabalho Infantil&#8221;. A a\u00e7\u00e3o foi realizada pela Secretaria de Educa\u00e7\u00e3o e Juventude (Seduc) e faz parte da programa\u00e7\u00e3o do Programa MPT na Escola 2021 &#8211; &#8220;A escola no combate ao trabalho infantil&#8221;. O adesiva\u00e7o tamb\u00e9m integra as a\u00e7\u00f5es da campanha municipal &#8220;Trabalho infantil, nem de brincadeira!&#8221;, desenvolvida pela Secretaria de Desenvolvimento Social, Mulher e Diversidade (Sedes) em parceria com a Seduc.<\/p>\n<p style=\"text-align: justify;\">A a\u00e7\u00e3o durou toda a manh\u00e3, e no local os motoristas foram abordados por equipes da Seduc, que alertaram sobre a import\u00e2ncia do combate e aplicaram os adesivos refor\u00e7ando a conscientiza\u00e7\u00e3o sobre o tema. O momento tamb\u00e9m teve a participa\u00e7\u00e3o da diretora da Procuradoria do Minist\u00e9rio P\u00fablico do Trabalho (MPT), em Juazeiro, Josilene Menezes, que teve o carro adesivado pela equipe. Todo o evento foi animado por apresenta\u00e7\u00f5es musicais com cantores locais, e l\u00fadicas com o palha\u00e7o Morr\u00f3ia.<\/p>\n<p style=\"text-align: justify;\">&#8220;Essa \u00e9 mais uma a\u00e7\u00e3o que refor\u00e7a o trabalho que estamos desenvolvendo no munic\u00edpio. Na sexta-feira (11) premiamos as produ\u00e7\u00f5es dos estudantes sobre esse tema, hoje, refor\u00e7amos essa conscientiza\u00e7\u00e3o com a comunidade externa&#8221;, destacou a secret\u00e1ria de Educa\u00e7\u00e3o, Normeide Almeida.<\/p>\n<p style=\"text-align: justify;\">Den\u00fancia<\/p>\n<p style=\"text-align: justify;\">Em casos suspeitos, a sociedade pode acionar a rede de prote\u00e7\u00e3o, atrav\u00e9s do Disque Direitos Humanos (Disque 100), SEDES (74) 3612-3050 , CREAS (74) 3612-1632 e Diretoria da Prote\u00e7\u00e3o Social Especial, atrav\u00e9s do email: diretorasedes2021@gmail.com.<\/p>\n<p style=\"font-weight: 400; text-align: justify;\">\u00a0Seduc\/ Ascom PMJ<\/p>\n","protected":false},"excerpt":{"rendered":"<p>A Prefeitura de Juazeiro realizou neste s\u00e1bado (12) um adesiva\u00e7o educativo na orla do munic\u00edpio, alusivo ao &#8220;Dia Mundial Contra o Trabalho Infantil&#8221;. A a\u00e7\u00e3o foi realizada pela Secretaria de Educa\u00e7\u00e3o e Juventude (Seduc) e faz parte da programa\u00e7\u00e3o do Programa MPT na Escola 2021 &#8211; &#8220;A escola no combate ao trabalho infantil&#8221;. O adesiva\u00e7o [&hellip;]<\/p>\n","protected":false},"author":1,"featured_media":24490,"comment_status":"open","ping_status":"open","sticky":false,"template":"","format":"standard","meta":{"_uag_custom_page_level_css":"","_monsterinsights_skip_tracking":false,"_monsterinsights_sitenote_active":false,"_monsterinsights_sitenote_note":"","_monsterinsights_sitenote_category":0,"jetpack_post_was_ever_published":false,"_jetpack_newsletter_access":"","_jetpack_dont_email_post_to_subs":false,"_jetpack_newsletter_tier_id":0,"_jetpack_memberships_contains_paywalled_content":false,"_jetpack_memberships_contains_paid_content":false,"footnotes":"","jetpack_publicize_message":"","jetpack_publicize_feature_enabled":true,"jetpack_social_post_already_shared":true,"jetpack_social_options":{"image_generator_settings":{"template":"highway","default_image_id":0,"font":"","enabled":false},"version":2}},"categories":[209,203],"tags":[152,3338,3481,3472],"class_list":["post-24457","post","type-post","status-publish","format-standard","has-post-thumbnail","hentry","category-educacao","category-juazeiro","tag-criancas","tag-premiacao","tag-producoes-artisticas","tag-rede-municipal"],"jetpack_publicize_connections":[],"jetpack_featured_media_url":"https:\/\/blogopara.com.br\/wp-content\/uploads\/2021\/06\/1112902f-cf38-430a-aa3b-5e817351f5ad.jpg","uagb_featured_image_src":{"full":["https:\/\/blogopara.com.br\/wp-content\/uploads\/2021\/06\/1112902f-cf38-430a-aa3b-5e817351f5ad.jpg",500,333,false],"thumbnail":["https:\/\/blogopara.com.br\/wp-content\/uploads\/2021\/06\/1112902f-cf38-430a-aa3b-5e817351f5ad-150x150.jpg",150,150,true],"medium":["https:\/\/blogopara.com.br\/wp-content\/uploads\/2021\/06\/1112902f-cf38-430a-aa3b-5e817351f5ad-300x200.jpg",300,200,true],"medium_large":["https:\/\/blogopara.com.br\/wp-content\/uploads\/2021\/06\/1112902f-cf38-430a-aa3b-5e817351f5ad.jpg",500,333,false],"large":["https:\/\/blogopara.com.br\/wp-content\/uploads\/2021\/06\/1112902f-cf38-430a-aa3b-5e817351f5ad.jpg",500,333,false],"1536x1536":["https:\/\/blogopara.com.br\/wp-content\/uploads\/2021\/06\/1112902f-cf38-430a-aa3b-5e817351f5ad.jpg",500,333,false],"2048x2048":["https:\/\/blogopara.com.br\/wp-content\/uploads\/2021\/06\/1112902f-cf38-430a-aa3b-5e817351f5ad.jpg",500,333,false],"mantranews-slider-large":["https:\/\/blogopara.com.br\/wp-content\/uploads\/2021\/06\/1112902f-cf38-430a-aa3b-5e817351f5ad.jpg",500,333,false],"mantranews-featured-medium":["https:\/\/blogopara.com.br\/wp-content\/uploads\/2021\/06\/1112902f-cf38-430a-aa3b-5e817351f5ad-420x307.jpg",420,307,true],"mantranews-featured-long":["https:\/\/blogopara.com.br\/wp-content\/uploads\/2021\/06\/1112902f-cf38-430a-aa3b-5e817351f5ad-300x333.jpg",300,333,true],"mantranews-block-medium":["https:\/\/blogopara.com.br\/wp-content\/uploads\/2021\/06\/1112902f-cf38-430a-aa3b-5e817351f5ad-464x290.jpg",464,290,true],"mantranews-carousel-image":["https:\/\/blogopara.com.br\/wp-content\/uploads\/2021\/06\/1112902f-cf38-430a-aa3b-5e817351f5ad.jpg",500,333,false],"mantranews-block-thumb":["https:\/\/blogopara.com.br\/wp-content\/uploads\/2021\/06\/1112902f-cf38-430a-aa3b-5e817351f5ad-322x230.jpg",322,230,true],"mantranews-single-large":["https:\/\/blogopara.com.br\/wp-content\/uploads\/2021\/06\/1112902f-cf38-430a-aa3b-5e817351f5ad.jpg",500,333,false]},"uagb_author_info":{"display_name":"Reda\u00e7\u00e3o geral","author_link":"https:\/\/blogopara.com.br\/index.php\/author\/blogopara"},"uagb_comment_info":0,"uagb_excerpt":"A Prefeitura de Juazeiro realizou neste s\u00e1bado (12) um adesiva\u00e7o educativo na orla do munic\u00edpio, alusivo ao &#8220;Dia Mundial Contra o Trabalho Infantil&#8221;. A a\u00e7\u00e3o foi realizada pela Secretaria de Educa\u00e7\u00e3o e Juventude (Seduc) e faz parte da programa\u00e7\u00e3o do Programa MPT na Escola 2021 &#8211; &#8220;A escola no combate ao trabalho infantil&#8221;. O adesiva\u00e7o&hellip;","jetpack_sharing_enabled":true,"jetpack_likes_enabled":true,"_links":{"self":[{"href":"https:\/\/blogopara.com.br\/index.php\/wp-json\/wp\/v2\/posts\/24457","targetHints":{"allow":["GET"]}}],"collection":[{"href":"https:\/\/blogopara.com.br\/index.php\/wp-json\/wp\/v2\/posts"}],"about":[{"href":"https:\/\/blogopara.com.br\/index.php\/wp-json\/wp\/v2\/types\/post"}],"author":[{"embeddable":true,"href":"https:\/\/blogopara.com.br\/index.php\/wp-json\/wp\/v2\/users\/1"}],"replies":[{"embeddable":true,"href":"https:\/\/blogopara.com.br\/index.php\/wp-json\/wp\/v2\/comments?post=24457"}],"version-history":[{"count":2,"href":"https:\/\/blogopara.com.br\/index.php\/wp-json\/wp\/v2\/posts\/24457\/revisions"}],"predecessor-version":[{"id":24491,"href":"https:\/\/blogopara.com.br\/index.php\/wp-json\/wp\/v2\/posts\/24457\/revisions\/24491"}],"wp:featuredmedia":[{"embeddable":true,"href":"https:\/\/blogopara.com.br\/index.php\/wp-json\/wp\/v2\/media\/24490"}],"wp:attachment":[{"href":"https:\/\/blogopara.com.br\/index.php\/wp-json\/wp\/v2\/media?parent=24457"}],"wp:term":[{"taxonomy":"category","embeddable":true,"href":"https:\/\/blogopara.com.br\/index.php\/wp-json\/wp\/v2\/categories?post=24457"},{"taxonomy":"post_tag","embeddable":true,"href":"https:\/\/blogopara.com.br\/index.php\/wp-json\/wp\/v2\/tags?post=24457"}],"curies":[{"name":"wp","href":"https:\/\/api.w.org\/{rel}","templated":true}]}}