{"id":24597,"date":"2021-06-16T08:53:05","date_gmt":"2021-06-16T11:53:05","guid":{"rendered":"https:\/\/blogopara.com.br\/?p=24597"},"modified":"2021-06-16T08:53:09","modified_gmt":"2021-06-16T11:53:09","slug":"morre-a-mae-do-vereador-anibal-araujo","status":"publish","type":"post","link":"https:\/\/blogopara.com.br\/index.php\/2021\/06\/16\/morre-a-mae-do-vereador-anibal-araujo","title":{"rendered":"Morre a m\u00e3e do vereador An\u00edbal Ara\u00fajo"},"content":{"rendered":"<p style=\"text-align: justify;\">Faleceu na noite desta ter\u00e7a-feira (15) a genitora do vereador An\u00edbal Ara\u00fajo (PTC), a senhora Hilda Pereira da Silva. A mesma sofreu uma parada card\u00edaca no dia ontem.<\/p>\n<p style=\"text-align: justify;\">O vel\u00f3rio ser\u00e1 no SAF das 9h \u00e0s 11h. O sepultamento est\u00e1 programado para \u00e0s 11:20h no Cemit\u00e9rio\u00a0 do Bairro Jo\u00e3o Paulo II.<\/p>\n<p style=\"text-align: justify;\">Nossas condol\u00eancias a fam\u00edlia e os amigos da senhora Hilda Pereira.<\/p>\n\n\n<p><\/p>\n","protected":false},"excerpt":{"rendered":"<p>Faleceu na noite desta ter\u00e7a-feira (15) a genitora do vereador An\u00edbal Ara\u00fajo (PTC), a senhora Hilda Pereira da Silva. A mesma sofreu uma parada card\u00edaca no dia ontem. O vel\u00f3rio ser\u00e1 no SAF das 9h \u00e0s 11h. O sepultamento est\u00e1 programado para \u00e0s 11:20h no Cemit\u00e9rio\u00a0 do Bairro Jo\u00e3o Paulo II. Nossas condol\u00eancias a fam\u00edlia [&hellip;]<\/p>\n","protected":false},"author":1,"featured_media":24598,"comment_status":"open","ping_status":"open","sticky":false,"template":"","format":"standard","meta":{"_uag_custom_page_level_css":"","_monsterinsights_skip_tracking":false,"_monsterinsights_sitenote_active":false,"_monsterinsights_sitenote_note":"","_monsterinsights_sitenote_category":0,"jetpack_post_was_ever_published":false,"_jetpack_newsletter_access":"","_jetpack_dont_email_post_to_subs":false,"_jetpack_newsletter_tier_id":0,"_jetpack_memberships_contains_paywalled_content":false,"_jetpack_memberships_contains_paid_content":false,"footnotes":"","jetpack_publicize_message":"","jetpack_publicize_feature_enabled":true,"jetpack_social_post_already_shared":true,"jetpack_social_options":{"image_generator_settings":{"template":"highway","default_image_id":0,"font":"","enabled":false},"version":2}},"categories":[203,204],"tags":[],"class_list":["post-24597","post","type-post","status-publish","format-standard","has-post-thumbnail","hentry","category-juazeiro","category-social"],"jetpack_publicize_connections":[],"jetpack_featured_media_url":"https:\/\/blogopara.com.br\/wp-content\/uploads\/2021\/06\/mae-de-anibal.jpg","uagb_featured_image_src":{"full":["https:\/\/blogopara.com.br\/wp-content\/uploads\/2021\/06\/mae-de-anibal.jpg",500,500,false],"thumbnail":["https:\/\/blogopara.com.br\/wp-content\/uploads\/2021\/06\/mae-de-anibal-150x150.jpg",150,150,true],"medium":["https:\/\/blogopara.com.br\/wp-content\/uploads\/2021\/06\/mae-de-anibal-300x300.jpg",300,300,true],"medium_large":["https:\/\/blogopara.com.br\/wp-content\/uploads\/2021\/06\/mae-de-anibal.jpg",500,500,false],"large":["https:\/\/blogopara.com.br\/wp-content\/uploads\/2021\/06\/mae-de-anibal.jpg",500,500,false],"1536x1536":["https:\/\/blogopara.com.br\/wp-content\/uploads\/2021\/06\/mae-de-anibal.jpg",500,500,false],"2048x2048":["https:\/\/blogopara.com.br\/wp-content\/uploads\/2021\/06\/mae-de-anibal.jpg",500,500,false],"mantranews-slider-large":["https:\/\/blogopara.com.br\/wp-content\/uploads\/2021\/06\/mae-de-anibal.jpg",500,500,false],"mantranews-featured-medium":["https:\/\/blogopara.com.br\/wp-content\/uploads\/2021\/06\/mae-de-anibal-420x307.jpg",420,307,true],"mantranews-featured-long":["https:\/\/blogopara.com.br\/wp-content\/uploads\/2021\/06\/mae-de-anibal-300x443.jpg",300,443,true],"mantranews-block-medium":["https:\/\/blogopara.com.br\/wp-content\/uploads\/2021\/06\/mae-de-anibal-464x290.jpg",464,290,true],"mantranews-carousel-image":["https:\/\/blogopara.com.br\/wp-content\/uploads\/2021\/06\/mae-de-anibal.jpg",500,500,false],"mantranews-block-thumb":["https:\/\/blogopara.com.br\/wp-content\/uploads\/2021\/06\/mae-de-anibal-322x230.jpg",322,230,true],"mantranews-single-large":["https:\/\/blogopara.com.br\/wp-content\/uploads\/2021\/06\/mae-de-anibal.jpg",500,500,false]},"uagb_author_info":{"display_name":"Reda\u00e7\u00e3o geral","author_link":"https:\/\/blogopara.com.br\/index.php\/author\/blogopara"},"uagb_comment_info":0,"uagb_excerpt":"Faleceu na noite desta ter\u00e7a-feira (15) a genitora do vereador An\u00edbal Ara\u00fajo (PTC), a senhora Hilda Pereira da Silva. A mesma sofreu uma parada card\u00edaca no dia ontem. O vel\u00f3rio ser\u00e1 no SAF das 9h \u00e0s 11h. O sepultamento est\u00e1 programado para \u00e0s 11:20h no Cemit\u00e9rio\u00a0 do Bairro Jo\u00e3o Paulo II. Nossas condol\u00eancias a fam\u00edlia&hellip;","jetpack_sharing_enabled":true,"jetpack_likes_enabled":true,"_links":{"self":[{"href":"https:\/\/blogopara.com.br\/index.php\/wp-json\/wp\/v2\/posts\/24597","targetHints":{"allow":["GET"]}}],"collection":[{"href":"https:\/\/blogopara.com.br\/index.php\/wp-json\/wp\/v2\/posts"}],"about":[{"href":"https:\/\/blogopara.com.br\/index.php\/wp-json\/wp\/v2\/types\/post"}],"author":[{"embeddable":true,"href":"https:\/\/blogopara.com.br\/index.php\/wp-json\/wp\/v2\/users\/1"}],"replies":[{"embeddable":true,"href":"https:\/\/blogopara.com.br\/index.php\/wp-json\/wp\/v2\/comments?post=24597"}],"version-history":[{"count":1,"href":"https:\/\/blogopara.com.br\/index.php\/wp-json\/wp\/v2\/posts\/24597\/revisions"}],"predecessor-version":[{"id":24599,"href":"https:\/\/blogopara.com.br\/index.php\/wp-json\/wp\/v2\/posts\/24597\/revisions\/24599"}],"wp:featuredmedia":[{"embeddable":true,"href":"https:\/\/blogopara.com.br\/index.php\/wp-json\/wp\/v2\/media\/24598"}],"wp:attachment":[{"href":"https:\/\/blogopara.com.br\/index.php\/wp-json\/wp\/v2\/media?parent=24597"}],"wp:term":[{"taxonomy":"category","embeddable":true,"href":"https:\/\/blogopara.com.br\/index.php\/wp-json\/wp\/v2\/categories?post=24597"},{"taxonomy":"post_tag","embeddable":true,"href":"https:\/\/blogopara.com.br\/index.php\/wp-json\/wp\/v2\/tags?post=24597"}],"curies":[{"name":"wp","href":"https:\/\/api.w.org\/{rel}","templated":true}]}}