{"id":24616,"date":"2021-06-16T17:57:00","date_gmt":"2021-06-16T20:57:00","guid":{"rendered":"https:\/\/blogopara.com.br\/?p=24616"},"modified":"2021-06-16T13:27:47","modified_gmt":"2021-06-16T16:27:47","slug":"cpi-da-covid-flavio-bolsonaro-tumultua-sessao-e-e-chamado-de-mimado-por-witzel","status":"publish","type":"post","link":"https:\/\/blogopara.com.br\/index.php\/2021\/06\/16\/cpi-da-covid-flavio-bolsonaro-tumultua-sessao-e-e-chamado-de-mimado-por-witzel","title":{"rendered":"CPI da Covid: Fl\u00e1vio Bolsonaro tumultua sess\u00e3o e \u00e9 chamado de &#8220;mimado&#8221; por Witzel"},"content":{"rendered":"<div class=\"editor\">\n<p style=\"text-align: justify;\">O senador Fl\u00e1vio Bolsonaro (Patriota) tumultou a sess\u00e3o da Comiss\u00e3o Parlamentar de Inqu\u00e9rito (CPI) da Covid nesta quarta-feira (16), ao interferir no depoimento do governador Wilson Witzel, que alegou ser perseguido pelo governo federal ap\u00f3s cobrar a resolu\u00e7\u00e3o do assassinato da vereadora Marielle Franco (PSOL).<\/p>\n<p>Ele foi chamado de mal educado e &#8220;mimado&#8221; por Witzel, que pediu &#8220;respeito&#8221;. Fl\u00e1vio disse que tinha o direito\u00a0 de falar como senador e que a declara\u00e7\u00e3o de Witzel de que haveria um conluio do Supremo Tribunal Federal (STF) deveria ser investigada.<\/p>\n<p>O relator Renan Calheiros (MDB-AL) perguntou a Witzel se ele se sentia &#8220;intimidado&#8221; com a presen\u00e7a de Fl\u00e1vio Bolsonaro na sess\u00e3o e tamb\u00e9m criticou a postura de Fl\u00e1vio. &#8220;Seu pai parece que n\u00e3o lhe deu educa\u00e7\u00e3o. N\u00e3o me interrompa&#8221;.<\/p>\n<p>Witzel, que diz que o porteiro do condom\u00ednio Vivendas da Barra, que havia citado o nome de de Bolsonaro no caso Marielle, recuou do depoimento \u00e0 Pol\u00edcia Federal porque estava &#8220;desesperado&#8221;. Ele retrucou e avisou ao filho do presidente que n\u00e3o iria se deixar acuar.<\/p>\n<p>&#8220;Eu n\u00e3o sou porteiro, n\u00e3o me intimidar n\u00e3o&#8221;, disparou Witzel, que reclamou ap\u00f3s ser interrompido seguidas vezes pelo senador do Republicanos.<\/p>\n<p>O senador do PT, Humberto Costa (PT), lembrou Fl\u00e1vio que ele est\u00e1 na Casa como senador, n\u00e3o como &#8220;filho do presidente&#8221;.<\/p>\n<\/div>\n<div class=\"banner\" style=\"text-align: justify;\">Fonte: BNews<\/div>\n","protected":false},"excerpt":{"rendered":"<p>O senador Fl\u00e1vio Bolsonaro (Patriota) tumultou a sess\u00e3o da Comiss\u00e3o Parlamentar de Inqu\u00e9rito (CPI) da Covid nesta quarta-feira (16), ao interferir no depoimento do governador Wilson Witzel, que alegou ser perseguido pelo governo federal ap\u00f3s cobrar a resolu\u00e7\u00e3o do assassinato da vereadora Marielle Franco (PSOL). Ele foi chamado de mal educado e &#8220;mimado&#8221; por Witzel, [&hellip;]<\/p>\n","protected":false},"author":1,"featured_media":24617,"comment_status":"closed","ping_status":"open","sticky":false,"template":"","format":"standard","meta":{"_uag_custom_page_level_css":"","_monsterinsights_skip_tracking":false,"_monsterinsights_sitenote_active":false,"_monsterinsights_sitenote_note":"","_monsterinsights_sitenote_category":0,"jetpack_post_was_ever_published":false,"_jetpack_newsletter_access":"","_jetpack_dont_email_post_to_subs":false,"_jetpack_newsletter_tier_id":0,"_jetpack_memberships_contains_paywalled_content":false,"_jetpack_memberships_contains_paid_content":false,"footnotes":"","jetpack_publicize_message":"","jetpack_publicize_feature_enabled":true,"jetpack_social_post_already_shared":true,"jetpack_social_options":{"image_generator_settings":{"template":"highway","default_image_id":0,"font":"","enabled":false},"version":2}},"categories":[200,197],"tags":[1483,1960,3533,3534],"class_list":["post-24616","post","type-post","status-publish","format-standard","has-post-thumbnail","hentry","category-brasil","category-politica","tag-covid-19","tag-cpi","tag-flavio-bolsonaro-2","tag-tumultua-sessao"],"jetpack_publicize_connections":[],"jetpack_featured_media_url":"https:\/\/blogopara.com.br\/wp-content\/uploads\/2021\/06\/311264-IMAGEM_NOTICIA_0.jpg","uagb_featured_image_src":{"full":["https:\/\/blogopara.com.br\/wp-content\/uploads\/2021\/06\/311264-IMAGEM_NOTICIA_0.jpg",500,246,false],"thumbnail":["https:\/\/blogopara.com.br\/wp-content\/uploads\/2021\/06\/311264-IMAGEM_NOTICIA_0-150x150.jpg",150,150,true],"medium":["https:\/\/blogopara.com.br\/wp-content\/uploads\/2021\/06\/311264-IMAGEM_NOTICIA_0-300x148.jpg",300,148,true],"medium_large":["https:\/\/blogopara.com.br\/wp-content\/uploads\/2021\/06\/311264-IMAGEM_NOTICIA_0.jpg",500,246,false],"large":["https:\/\/blogopara.com.br\/wp-content\/uploads\/2021\/06\/311264-IMAGEM_NOTICIA_0.jpg",500,246,false],"1536x1536":["https:\/\/blogopara.com.br\/wp-content\/uploads\/2021\/06\/311264-IMAGEM_NOTICIA_0.jpg",500,246,false],"2048x2048":["https:\/\/blogopara.com.br\/wp-content\/uploads\/2021\/06\/311264-IMAGEM_NOTICIA_0.jpg",500,246,false],"mantranews-slider-large":["https:\/\/blogopara.com.br\/wp-content\/uploads\/2021\/06\/311264-IMAGEM_NOTICIA_0.jpg",500,246,false],"mantranews-featured-medium":["https:\/\/blogopara.com.br\/wp-content\/uploads\/2021\/06\/311264-IMAGEM_NOTICIA_0-420x246.jpg",420,246,true],"mantranews-featured-long":["https:\/\/blogopara.com.br\/wp-content\/uploads\/2021\/06\/311264-IMAGEM_NOTICIA_0-300x246.jpg",300,246,true],"mantranews-block-medium":["https:\/\/blogopara.com.br\/wp-content\/uploads\/2021\/06\/311264-IMAGEM_NOTICIA_0-464x246.jpg",464,246,true],"mantranews-carousel-image":["https:\/\/blogopara.com.br\/wp-content\/uploads\/2021\/06\/311264-IMAGEM_NOTICIA_0.jpg",500,246,false],"mantranews-block-thumb":["https:\/\/blogopara.com.br\/wp-content\/uploads\/2021\/06\/311264-IMAGEM_NOTICIA_0-322x230.jpg",322,230,true],"mantranews-single-large":["https:\/\/blogopara.com.br\/wp-content\/uploads\/2021\/06\/311264-IMAGEM_NOTICIA_0.jpg",500,246,false]},"uagb_author_info":{"display_name":"Reda\u00e7\u00e3o geral","author_link":"https:\/\/blogopara.com.br\/index.php\/author\/blogopara"},"uagb_comment_info":0,"uagb_excerpt":"O senador Fl\u00e1vio Bolsonaro (Patriota) tumultou a sess\u00e3o da Comiss\u00e3o Parlamentar de Inqu\u00e9rito (CPI) da Covid nesta quarta-feira (16), ao interferir no depoimento do governador Wilson Witzel, que alegou ser perseguido pelo governo federal ap\u00f3s cobrar a resolu\u00e7\u00e3o do assassinato da vereadora Marielle Franco (PSOL). Ele foi chamado de mal educado e &#8220;mimado&#8221; por Witzel,&hellip;","jetpack_sharing_enabled":true,"jetpack_likes_enabled":true,"_links":{"self":[{"href":"https:\/\/blogopara.com.br\/index.php\/wp-json\/wp\/v2\/posts\/24616","targetHints":{"allow":["GET"]}}],"collection":[{"href":"https:\/\/blogopara.com.br\/index.php\/wp-json\/wp\/v2\/posts"}],"about":[{"href":"https:\/\/blogopara.com.br\/index.php\/wp-json\/wp\/v2\/types\/post"}],"author":[{"embeddable":true,"href":"https:\/\/blogopara.com.br\/index.php\/wp-json\/wp\/v2\/users\/1"}],"replies":[{"embeddable":true,"href":"https:\/\/blogopara.com.br\/index.php\/wp-json\/wp\/v2\/comments?post=24616"}],"version-history":[{"count":1,"href":"https:\/\/blogopara.com.br\/index.php\/wp-json\/wp\/v2\/posts\/24616\/revisions"}],"predecessor-version":[{"id":24618,"href":"https:\/\/blogopara.com.br\/index.php\/wp-json\/wp\/v2\/posts\/24616\/revisions\/24618"}],"wp:featuredmedia":[{"embeddable":true,"href":"https:\/\/blogopara.com.br\/index.php\/wp-json\/wp\/v2\/media\/24617"}],"wp:attachment":[{"href":"https:\/\/blogopara.com.br\/index.php\/wp-json\/wp\/v2\/media?parent=24616"}],"wp:term":[{"taxonomy":"category","embeddable":true,"href":"https:\/\/blogopara.com.br\/index.php\/wp-json\/wp\/v2\/categories?post=24616"},{"taxonomy":"post_tag","embeddable":true,"href":"https:\/\/blogopara.com.br\/index.php\/wp-json\/wp\/v2\/tags?post=24616"}],"curies":[{"name":"wp","href":"https:\/\/api.w.org\/{rel}","templated":true}]}}